{"id":9767,"date":"2016-12-09T06:15:03","date_gmt":"2016-12-09T11:15:03","guid":{"rendered":"http:\/\/www.biblia.work\/noticias\/el-papa-asegura-que-el-pesebre-y-el-arbol-ayudan-a-crear-el-clima-natalicio-favorable\/"},"modified":"2016-12-09T06:15:03","modified_gmt":"2016-12-09T11:15:03","slug":"el-papa-asegura-que-el-pesebre-y-el-arbol-ayudan-a-crear-el-clima-natalicio-favorable","status":"publish","type":"post","link":"https:\/\/www.biblia.work\/noticias\/el-papa-asegura-que-el-pesebre-y-el-arbol-ayudan-a-crear-el-clima-natalicio-favorable\/","title":{"rendered":"El Papa asegura que el pesebre y el \u00e1rbol ayudan a crear el clima natalicio favorable"},"content":{"rendered":"<p style=\"text-align: justify\"><span style=\"font-weight: 400\">(ZENIT &#8211; Ciudad del Vaticano).- El papa Francisco ha recibido esta ma\u00f1ana a las delegaciones procedentes de Malta y de la regi\u00f3n italiana del Trentino, que han regalado el Bel\u00e9n y el \u00e1rbol de Navidad de la plaza de San Pedro. <\/span><span style=\"font-weight: 400\">De este modo ha querido expresarles su reconocimiento y agradecimiento. As\u00ed, durante su discurso ha dedicado unas palabras a los ni\u00f1os que han decorado el \u00e1rbol con el apoyo de la \u201cFundaci\u00f3n Lene Thun\u201d, que anima los talleres de terapia con cer\u00e1mica en distintos hospitales. \u201cLas esferas coloreadas que hab\u00e9is creado representan los valores de la vida, del amor y de la paz que el Nacimiento de Cristo cada a\u00f1o viene a proponernos\u201d, ha observado el Santo Padre. <\/span><\/p>\n<p style=\"text-align: justify\"><span style=\"font-weight: 400\">Tal y como ha se\u00f1alado, el pesebre colocado en la plaza de San Pedro, obra del artista malt\u00e9s<\/span><span style=\"font-weight: 400\"> Manwel Grech, reproduce el paisaje de este pa\u00eds, y se completa con la tradicional cruz de Maly de la \u201c<em>luzzu<\/em>\u201d, t\u00edpica embarcaci\u00f3n que recuerda tambi\u00e9n la triste y tr\u00e1gica realidad de los migrantes en las barcas que se dirigen a Italia. <\/span><\/p>\n<p style=\"text-align: justify\"><span style=\"font-weight: 400\">Al respecto, el Pont\u00edfice ha querido recordar que en la dolorosa experiencia de estos hermanos y hermanas, vemos de nuevo la del Ni\u00f1o Jes\u00fas, \u201cque en el momento del nacimiento no encontr\u00f3 alojamiento y naci\u00f3 en la gruta de Bel\u00e9n\u201d, y despu\u00e9s \u201cfue llevado a Egipto para huir de la amenaza de Herodes\u201d. <\/span><\/p>\n<p style=\"text-align: justify\"><span style=\"font-weight: 400\">De este modo ha asegurado que los que visiten este pesebre \u201cser\u00e1n invitados a redescubrir el valor simb\u00f3lico, que es un mensaje de fraternidad, de compartir, de acogida y de solidaridad\u201d. Asimismo, el Santo Padre ha explicado que tambi\u00e9n los pesebres colocados en las iglesias, en las casas y en tantos lugares p\u00fablicos son una invitaci\u00f3n a \u201chacer sitio a Dios en nuestra vida y en la sociedad\u201d, escondido en el rostro de tantas personas que est\u00e1n en condiciones de dificultad, de pobreza y de tribulaci\u00f3n. <\/span><\/p>\n<p style=\"text-align: justify\"><span style=\"font-weight: 400\">El pesebre y el \u00e1rbol &#8211;ha se\u00f1alado&#8211; forman un mensaje de esperanza y de amor, y ayudan a crear el clima natalicio favorable para vivir con fe el misterio del Nacimiento del Redentor, \u201cvenido a la tierra con sencillez y mansedumbre\u201d. Dej\u00e9monos atraer &#8211;ha invitado&#8211; con \u00e1nimo de ni\u00f1os, delante del pesebre, porque all\u00ed se comprende la bondad de dios y se contempla su misericordia, que se ha hecho carne humana para ablandar nuestras miradas. <\/span><\/p>\n<p><span class=\"et_bloom_bottom_trigger\"><\/span><\/p>\n<p><a href=\"https:\/\/es.zenit.org\/\" target=\"_blank\" rel=\"nofollow\">Fuente: es.zenit.org<\/a><\/p>\n","protected":false},"excerpt":{"rendered":"<p>(ZENIT &#8211; Ciudad del Vaticano).- El papa Francisco ha recibido esta ma\u00f1ana a las delegaciones procedentes de Malta y de la regi\u00f3n italiana del Trentino, que han regalado el Bel\u00e9n y el \u00e1rbol de Navidad de la plaza de San Pedro. De este modo ha querido expresarles su reconocimiento y agradecimiento. As\u00ed, durante su discurso &hellip; <a href=\"https:\/\/www.biblia.work\/noticias\/el-papa-asegura-que-el-pesebre-y-el-arbol-ayudan-a-crear-el-clima-natalicio-favorable\/\" class=\"more-link\">Continuar leyendo<span class=\"screen-reader-text\"> \u00abEl Papa asegura que el pesebre y el \u00e1rbol ayudan a crear el clima natalicio favorable\u00bb<\/span><\/a><\/p>\n","protected":false},"author":1,"featured_media":0,"comment_status":"open","ping_status":"closed","sticky":false,"template":"","format":"standard","meta":{"footnotes":""},"categories":[1],"tags":[],"class_list":["post-9767","post","type-post","status-publish","format-standard","hentry","category-general"],"_links":{"self":[{"href":"https:\/\/www.biblia.work\/noticias\/wp-json\/wp\/v2\/posts\/9767","targetHints":{"allow":["GET"]}}],"collection":[{"href":"https:\/\/www.biblia.work\/noticias\/wp-json\/wp\/v2\/posts"}],"about":[{"href":"https:\/\/www.biblia.work\/noticias\/wp-json\/wp\/v2\/types\/post"}],"author":[{"embeddable":true,"href":"https:\/\/www.biblia.work\/noticias\/wp-json\/wp\/v2\/users\/1"}],"replies":[{"embeddable":true,"href":"https:\/\/www.biblia.work\/noticias\/wp-json\/wp\/v2\/comments?post=9767"}],"version-history":[{"count":0,"href":"https:\/\/www.biblia.work\/noticias\/wp-json\/wp\/v2\/posts\/9767\/revisions"}],"wp:attachment":[{"href":"https:\/\/www.biblia.work\/noticias\/wp-json\/wp\/v2\/media?parent=9767"}],"wp:term":[{"taxonomy":"category","embeddable":true,"href":"https:\/\/www.biblia.work\/noticias\/wp-json\/wp\/v2\/categories?post=9767"},{"taxonomy":"post_tag","embeddable":true,"href":"https:\/\/www.biblia.work\/noticias\/wp-json\/wp\/v2\/tags?post=9767"}],"curies":[{"name":"wp","href":"https:\/\/api.w.org\/{rel}","templated":true}]}}