{"id":9772,"date":"2016-12-09T08:15:02","date_gmt":"2016-12-09T13:15:02","guid":{"rendered":"http:\/\/www.biblia.work\/noticias\/vaticano-nace-d-va-la-primera-asociacion-completamente-femenina\/"},"modified":"2016-12-09T08:15:02","modified_gmt":"2016-12-09T13:15:02","slug":"vaticano-nace-d-va-la-primera-asociacion-completamente-femenina","status":"publish","type":"post","link":"https:\/\/www.biblia.work\/noticias\/vaticano-nace-d-va-la-primera-asociacion-completamente-femenina\/","title":{"rendered":"Vaticano: nace \u201cD.VA\u201d, la primera asociaci\u00f3n completamente femenina"},"content":{"rendered":"<p style=\"text-align: justify\">(ZENIT &#8211; Ciudad del Vaticano).-\u00a0<span style=\"font-weight: 400\">Se llama \u201cD.VA\u201d, mujeres en el Vaticano, la asociaci\u00f3n nacida entre los muros leoninos compuesta por mujeres trabajadoras y jubiladas del Estado Ciudad del Vaticano de la Santa Sede y de las instituciones vinculadas a esta, tanto laicas como\u00a0religiosas. Un evento completamente in\u00e9dito en la historia del Estado m\u00e1s peque\u00f1o del mundo, que recalca el aliento del papa Francisco para una \u201cpresencia femenina m\u00e1s incisiva\u201d en la Iglesia y en la sociedad. <\/span><\/p>\n<p style=\"text-align: justify\"><span style=\"font-weight: 400\">Esta asociaci\u00f3n \u201cpretende crear una red de amistad, de intercambio y de solidaridad entre todas para un crecimiento humano y profesional\u201d, indican en el comunicado de prensa. Creemos &#8211;se a\u00f1ade&#8211; que las mujeres son un recurso precioso para valorar en los lugares de trabajo y en todos los ambientes de vida y de actividades dentro del Vaticano. <\/span><\/p>\n<p style=\"text-align: justify\"><span style=\"font-weight: 400\">Por otro lado informan que son \u201cvarias las actividades que pretendemos promover en \u00e1mbito social, cultural y espiritual\u201d. El objetivo es tambi\u00e9n \u201cprestar atenci\u00f3n a las mujeres menos afortunadas para aliviar sufrimientos\u201d. Desean adem\u00e1s \u201cdar mayor visibilidad a las iniciativas y a las contribuciones de otras mujeres cristianas\u201d. <\/span><\/p>\n<p style=\"text-align: justify\"><span style=\"font-weight: 400\">El estatuto fue aprobado por las autoridades competentes y el Acto Constitutivo firmado el 1 de septiembre de 2016 en la Gobernaci\u00f3n. Presentado el pasado 26 de septiembre, D.VA ya ha recibido a d\u00eda de hoy m\u00e1s de 60 peticiones de inscripci\u00f3n. Presidente y vicepresidente de la asociaci\u00f3n son Tracey McClure, periodista de <\/span><i><span style=\"font-weight: 400\">Radio Vaticana<\/span><\/i><span style=\"font-weight: 400\">, y Romilda Ferrauto, periodista que durante mucho tiempo fue responsable de la redacci\u00f3n francesa de la emisora pontificia. <\/span><\/p>\n<p style=\"text-align: justify\"><span style=\"font-weight: 400\">La misma Ferrauto, en una entrevista en Radio Vaticana, explica: \u201cEs necesario decir que esta iniciativa ha nacido de una forma muy espont\u00e1nea. Naci\u00f3 de un grupo de mujeres que se conocieron, se reunieron\u00a0y sintieron la necesidad de crear una red, una red de amistad y solidaridad\u201d. Probablemente &#8211;a\u00f1ade&#8211; sintieron esta necesidad porque se sent\u00edan minor\u00eda, hab\u00eda detr\u00e1s una necesidad de estar justas. <\/span><\/p>\n<p style=\"text-align: justify\"><span style=\"font-weight: 400\">Por otro lado, precisa que en ning\u00fan momento ha habido un proyecto de tipo ideol\u00f3gico pero, a medida que se reun\u00edan, se daban cuenta de que era necesario dar una estructura y un reconocimiento oficial a esta asociaci\u00f3n. <\/span><\/p>\n<p style=\"text-align: justify\"><span style=\"font-weight: 400\">Actualmente las mujeres que trabajan en el Vaticano son m\u00e1s de 750, es decir, el 19% del total de los trabajadores. Adem\u00e1s trabajan como funcionarias en varios dicasterios de la Curia, pero pocas ocupan posiciones de responsabilidad. \u00a0En este momento en la Curia hay dos subsecretarias mujeres, ambas italianas, una religiosa y una laica: sor Nicla Spezzati, de la Congregaci\u00f3n para los Institutos de Vida Consagrada y las Sociedades de Vida Apost\u00f3lica; y Flaminia Giovanelli, del Pontificio Consejo Justicia y Paz. Tambi\u00e9n es una mujer y laica, espa\u00f1ola, la vicedirectora de la oficina de prensa de la Santa Sede, Paloma Garc\u00eda Ovejero. <\/span><\/p>\n<p><span class=\"et_bloom_bottom_trigger\"><\/span><\/p>\n<p><a href=\"https:\/\/es.zenit.org\/\" target=\"_blank\" rel=\"nofollow\">Fuente: es.zenit.org<\/a><\/p>\n","protected":false},"excerpt":{"rendered":"<p>(ZENIT &#8211; Ciudad del Vaticano).-\u00a0Se llama \u201cD.VA\u201d, mujeres en el Vaticano, la asociaci\u00f3n nacida entre los muros leoninos compuesta por mujeres trabajadoras y jubiladas del Estado Ciudad del Vaticano de la Santa Sede y de las instituciones vinculadas a esta, tanto laicas como\u00a0religiosas. Un evento completamente in\u00e9dito en la historia del Estado m\u00e1s peque\u00f1o del &hellip; <a href=\"https:\/\/www.biblia.work\/noticias\/vaticano-nace-d-va-la-primera-asociacion-completamente-femenina\/\" class=\"more-link\">Continuar leyendo<span class=\"screen-reader-text\"> \u00abVaticano: nace \u201cD.VA\u201d, la primera asociaci\u00f3n completamente femenina\u00bb<\/span><\/a><\/p>\n","protected":false},"author":1,"featured_media":0,"comment_status":"open","ping_status":"closed","sticky":false,"template":"","format":"standard","meta":{"footnotes":""},"categories":[1],"tags":[],"class_list":["post-9772","post","type-post","status-publish","format-standard","hentry","category-general"],"_links":{"self":[{"href":"https:\/\/www.biblia.work\/noticias\/wp-json\/wp\/v2\/posts\/9772","targetHints":{"allow":["GET"]}}],"collection":[{"href":"https:\/\/www.biblia.work\/noticias\/wp-json\/wp\/v2\/posts"}],"about":[{"href":"https:\/\/www.biblia.work\/noticias\/wp-json\/wp\/v2\/types\/post"}],"author":[{"embeddable":true,"href":"https:\/\/www.biblia.work\/noticias\/wp-json\/wp\/v2\/users\/1"}],"replies":[{"embeddable":true,"href":"https:\/\/www.biblia.work\/noticias\/wp-json\/wp\/v2\/comments?post=9772"}],"version-history":[{"count":0,"href":"https:\/\/www.biblia.work\/noticias\/wp-json\/wp\/v2\/posts\/9772\/revisions"}],"wp:attachment":[{"href":"https:\/\/www.biblia.work\/noticias\/wp-json\/wp\/v2\/media?parent=9772"}],"wp:term":[{"taxonomy":"category","embeddable":true,"href":"https:\/\/www.biblia.work\/noticias\/wp-json\/wp\/v2\/categories?post=9772"},{"taxonomy":"post_tag","embeddable":true,"href":"https:\/\/www.biblia.work\/noticias\/wp-json\/wp\/v2\/tags?post=9772"}],"curies":[{"name":"wp","href":"https:\/\/api.w.org\/{rel}","templated":true}]}}