{"id":9776,"date":"2016-12-09T11:15:02","date_gmt":"2016-12-09T16:15:02","guid":{"rendered":"http:\/\/www.biblia.work\/noticias\/el-santo-padre-agradece-el-gesto-de-adhesion-de-los-obispos-espanoles\/"},"modified":"2016-12-09T11:15:02","modified_gmt":"2016-12-09T16:15:02","slug":"el-santo-padre-agradece-el-gesto-de-adhesion-de-los-obispos-espanoles","status":"publish","type":"post","link":"https:\/\/www.biblia.work\/noticias\/el-santo-padre-agradece-el-gesto-de-adhesion-de-los-obispos-espanoles\/","title":{"rendered":"El Santo Padre agradece el gesto de adhesi\u00f3n de los obispos espa\u00f1oles"},"content":{"rendered":"<p style=\"text-align: justify\">(ZENIT &#8211; Roma).- El Papa Francisco, a trav\u00e9s de su Secretario de Estado, el cardenal Pietro Parolin, ha enviado un mensaje de agradecimiento al presidente de la Conferencia Episcopal Espa\u00f1ola, el cardenal Ricardo Bl\u00e1zquez, que hace extensivo a todo el episcopado espa\u00f1ol, \u00a0en el que expresa \u201csu sentido agradecimiento por el gesto de adhesi\u00f3n \u00a0y comuni\u00f3n eclesial\u201d por el \u00a0<a target=\"_blank\" rel=\"nofollow\" href=\"https:\/\/es.zenit.org\/articles\/espana-el-cardenal-blazquez-escribe-al-papa-francisco\/\">mensaje<\/a> que los miembros de la Conferencia Episcopal Espa\u00f1ola le enviaron al terminar la 108\u00aa Asamblea Plenaria.<\/p>\n<p style=\"text-align: justify\"><span style=\"font-weight: 400\">En esta carta, el papa Francisco invoca \u201cla intercesi\u00f3n de la Virgen para que las decisiones tomadas por la \u00faltima Asamblea Plenaria de los obispos\u201d sirvan para \u201creforzar el compromiso cristiano de los fieles y contribuyan a impulsar la tarea evangelizadora en todos los ambientes de la sociedad\u201d.<\/span><\/p>\n<p style=\"text-align: justify\"><span style=\"font-weight: 400\">El presidente de la Conferencia Episcopal envi\u00f3 al Santo Padre una carta al terminar los trabajos de la 108\u00ba Asamblea Plenaria. En su carta del pasado d\u00eda 28 de noviembre, el cardenal Bl\u00e1zquez agradec\u00eda al Pont\u00edfice la convocatoria del A\u00f1o Santo de la Misericordia y la Carta Apost\u00f3lica Misericordia et misera. En esa carta se destacaba adem\u00e1s, la ayuda que les proporciona en su dedicaci\u00f3n pastoral la exhortaci\u00f3n Amoris Laetitia, ante los retos que plantea actualmente la familia.<\/span><\/p>\n<p><span class=\"et_bloom_bottom_trigger\"><\/span><\/p>\n<p><a href=\"https:\/\/es.zenit.org\/\" target=\"_blank\" rel=\"nofollow\">Fuente: es.zenit.org<\/a><\/p>\n","protected":false},"excerpt":{"rendered":"<p>(ZENIT &#8211; Roma).- El Papa Francisco, a trav\u00e9s de su Secretario de Estado, el cardenal Pietro Parolin, ha enviado un mensaje de agradecimiento al presidente de la Conferencia Episcopal Espa\u00f1ola, el cardenal Ricardo Bl\u00e1zquez, que hace extensivo a todo el episcopado espa\u00f1ol, \u00a0en el que expresa \u201csu sentido agradecimiento por el gesto de adhesi\u00f3n \u00a0y &hellip; <a href=\"https:\/\/www.biblia.work\/noticias\/el-santo-padre-agradece-el-gesto-de-adhesion-de-los-obispos-espanoles\/\" class=\"more-link\">Continuar leyendo<span class=\"screen-reader-text\"> \u00abEl Santo Padre agradece el gesto de adhesi\u00f3n de los obispos espa\u00f1oles\u00bb<\/span><\/a><\/p>\n","protected":false},"author":1,"featured_media":0,"comment_status":"open","ping_status":"closed","sticky":false,"template":"","format":"standard","meta":{"footnotes":""},"categories":[1],"tags":[],"class_list":["post-9776","post","type-post","status-publish","format-standard","hentry","category-general"],"_links":{"self":[{"href":"https:\/\/www.biblia.work\/noticias\/wp-json\/wp\/v2\/posts\/9776","targetHints":{"allow":["GET"]}}],"collection":[{"href":"https:\/\/www.biblia.work\/noticias\/wp-json\/wp\/v2\/posts"}],"about":[{"href":"https:\/\/www.biblia.work\/noticias\/wp-json\/wp\/v2\/types\/post"}],"author":[{"embeddable":true,"href":"https:\/\/www.biblia.work\/noticias\/wp-json\/wp\/v2\/users\/1"}],"replies":[{"embeddable":true,"href":"https:\/\/www.biblia.work\/noticias\/wp-json\/wp\/v2\/comments?post=9776"}],"version-history":[{"count":0,"href":"https:\/\/www.biblia.work\/noticias\/wp-json\/wp\/v2\/posts\/9776\/revisions"}],"wp:attachment":[{"href":"https:\/\/www.biblia.work\/noticias\/wp-json\/wp\/v2\/media?parent=9776"}],"wp:term":[{"taxonomy":"category","embeddable":true,"href":"https:\/\/www.biblia.work\/noticias\/wp-json\/wp\/v2\/categories?post=9776"},{"taxonomy":"post_tag","embeddable":true,"href":"https:\/\/www.biblia.work\/noticias\/wp-json\/wp\/v2\/tags?post=9776"}],"curies":[{"name":"wp","href":"https:\/\/api.w.org\/{rel}","templated":true}]}}