{"id":9777,"date":"2016-12-09T11:15:02","date_gmt":"2016-12-09T16:15:02","guid":{"rendered":"http:\/\/www.biblia.work\/noticias\/la-santa-sede-y-la-republica-islamica-de-mauritania-deciden-establecer-relaciones-diplomaticas\/"},"modified":"2016-12-09T11:15:02","modified_gmt":"2016-12-09T16:15:02","slug":"la-santa-sede-y-la-republica-islamica-de-mauritania-deciden-establecer-relaciones-diplomaticas","status":"publish","type":"post","link":"https:\/\/www.biblia.work\/noticias\/la-santa-sede-y-la-republica-islamica-de-mauritania-deciden-establecer-relaciones-diplomaticas\/","title":{"rendered":"La Santa Sede y la Rep\u00fablica Isl\u00e1mica de Mauritania deciden establecer relaciones diplom\u00e1ticas"},"content":{"rendered":"<p style=\"text-align: justify\">(ZENIT &#8211; Ciudad del Vaticano).-\u00a0La Santa Sede y la Rep\u00fablica Isl\u00e1mica de Mauritania, &#8220;deseosas de asegurar sus relaciones rec\u00edprocas y amistosas&#8221; han decidido de com\u00fan acuerdo establecer entre ellas relaciones diplom\u00e1ticas a nivel de nunciatura apost\u00f3lica por parte de la Santa Sede y de embajada por parte de la Rep\u00fablica Isl\u00e1mica de Mauritania.<\/p>\n<p style=\"text-align: justify\">As\u00ed lo ha anunciado hoy la oficina de prensa de la Santa Sede.<\/p>\n<p><span class=\"et_bloom_bottom_trigger\"><\/span><\/p>\n<p><a href=\"https:\/\/es.zenit.org\/\" target=\"_blank\" rel=\"nofollow\">Fuente: es.zenit.org<\/a><\/p>\n","protected":false},"excerpt":{"rendered":"<p>(ZENIT &#8211; Ciudad del Vaticano).-\u00a0La Santa Sede y la Rep\u00fablica Isl\u00e1mica de Mauritania, &#8220;deseosas de asegurar sus relaciones rec\u00edprocas y amistosas&#8221; han decidido de com\u00fan acuerdo establecer entre ellas relaciones diplom\u00e1ticas a nivel de nunciatura apost\u00f3lica por parte de la Santa Sede y de embajada por parte de la Rep\u00fablica Isl\u00e1mica de Mauritania. As\u00ed lo &hellip; <a href=\"https:\/\/www.biblia.work\/noticias\/la-santa-sede-y-la-republica-islamica-de-mauritania-deciden-establecer-relaciones-diplomaticas\/\" class=\"more-link\">Continuar leyendo<span class=\"screen-reader-text\"> \u00abLa Santa Sede y la Rep\u00fablica Isl\u00e1mica de Mauritania deciden establecer relaciones diplom\u00e1ticas\u00bb<\/span><\/a><\/p>\n","protected":false},"author":1,"featured_media":0,"comment_status":"open","ping_status":"closed","sticky":false,"template":"","format":"standard","meta":{"footnotes":""},"categories":[1],"tags":[],"class_list":["post-9777","post","type-post","status-publish","format-standard","hentry","category-general"],"_links":{"self":[{"href":"https:\/\/www.biblia.work\/noticias\/wp-json\/wp\/v2\/posts\/9777","targetHints":{"allow":["GET"]}}],"collection":[{"href":"https:\/\/www.biblia.work\/noticias\/wp-json\/wp\/v2\/posts"}],"about":[{"href":"https:\/\/www.biblia.work\/noticias\/wp-json\/wp\/v2\/types\/post"}],"author":[{"embeddable":true,"href":"https:\/\/www.biblia.work\/noticias\/wp-json\/wp\/v2\/users\/1"}],"replies":[{"embeddable":true,"href":"https:\/\/www.biblia.work\/noticias\/wp-json\/wp\/v2\/comments?post=9777"}],"version-history":[{"count":0,"href":"https:\/\/www.biblia.work\/noticias\/wp-json\/wp\/v2\/posts\/9777\/revisions"}],"wp:attachment":[{"href":"https:\/\/www.biblia.work\/noticias\/wp-json\/wp\/v2\/media?parent=9777"}],"wp:term":[{"taxonomy":"category","embeddable":true,"href":"https:\/\/www.biblia.work\/noticias\/wp-json\/wp\/v2\/categories?post=9777"},{"taxonomy":"post_tag","embeddable":true,"href":"https:\/\/www.biblia.work\/noticias\/wp-json\/wp\/v2\/tags?post=9777"}],"curies":[{"name":"wp","href":"https:\/\/api.w.org\/{rel}","templated":true}]}}