{"id":9783,"date":"2016-12-09T12:15:02","date_gmt":"2016-12-09T17:15:02","guid":{"rendered":"http:\/\/www.biblia.work\/noticias\/beato-marco-antonio-durando-10-de-diciembre\/"},"modified":"2016-12-09T12:15:02","modified_gmt":"2016-12-09T17:15:02","slug":"beato-marco-antonio-durando-10-de-diciembre","status":"publish","type":"post","link":"https:\/\/www.biblia.work\/noticias\/beato-marco-antonio-durando-10-de-diciembre\/","title":{"rendered":"Beato Marco Antonio Durando \u2013 10 de diciembre  \u00a0"},"content":{"rendered":"<p style=\"text-align: justify\">(ZENIT &#8211; Madrid).- La vida de entrega no siempre discurre por los cauces que uno puede haber so\u00f1ado. Este beato pens\u00f3 en China, pero su itinerario espiritual y apost\u00f3lico tuvo como escenario Italia, su patria. Naci\u00f3 en Mondov\u00ed el 22 de mayo de 1801. Pertenec\u00eda a una familia acomodada, influyente y numerosa; de diez hermanos sobrevivieron ocho, algunos de los cuales iban a centrarse en la vida militar y en la pol\u00edtica ocupando puestos relevantes. Siendo joven, Marco Antonio se comprometi\u00f3 con la fe en un ambiente poco proclive a ella, al menos por parte de su padre que profesaba un laicismo de sesgo anticlerical. Pero como la madre era creyente, y se ocupaba de su educaci\u00f3n, le inculc\u00f3 el esp\u00edritu religioso. Gracias a su influjo, a los 14 a\u00f1os ingres\u00f3 en el seminario de Mondov\u00ed, pero su deseo era evangelizar China.<\/p>\n<p style=\"text-align: justify\">Si hace unos d\u00edas se record\u00f3 en esta secci\u00f3n de ZENIT que la piedra de toque de la vida consagrada es el defecto dominante, hoy conviene a\u00f1adir que la obediencia es uno de sus pilares por excelencia. A trav\u00e9s de ella se manifiesta la voluntad de Dios que puede no coincidir con la personal, pero que viene acompa\u00f1ada de grandes frutos como le sucedi\u00f3 a Marco Antonio. Llevando a China en su coraz\u00f3n, ya como miembro de la Congregaci\u00f3n de la Misi\u00f3n y siendo un joven, casi adolescente, de 15 a\u00f1os, confi\u00f3 a sus superiores su anhelo misionero, pidi\u00e9ndoles encarecidamente que lo enviaran all\u00ed. Pero su insistente demanda no fue acogida por ellos porque ten\u00edan otros planes para el muchacho. As\u00ed pues, prosigui\u00f3 estudios en Sarzana dando muestras de virtud en todo su quehacer.<\/p>\n<p style=\"text-align: justify\">No gozaba de buena salud y por ese motivo en 1822 tuvo que hacer un par\u00e9ntesis en su formaci\u00f3n, momento que coincidi\u00f3 con la dolorosa p\u00e9rdida de su madre. Ella ya no tendr\u00eda la alegr\u00eda de verle ordenado sacerdote, hecho que se produjo en la catedral de Fossano el 12 de junio de 1824. Despu\u00e9s, destinado a Casale Monferrato, el beato revitaliz\u00f3 apost\u00f3licamente la regi\u00f3n piamontesa con su celo apost\u00f3lico, suscitando el fervor de las gentes sencillas que acud\u00edan a escuchar su vibrante predicaci\u00f3n, aunque para ello quienes regentaban establecimientos p\u00fablicos ten\u00edan que cerrarlos. Y al concluir las misiones, cuando llegaba el momento de la despedida de este insigne misionero, no ocultaban su pesar.<\/p>\n<p style=\"text-align: justify\">En 1830 fue designado superior de la casa de Tur\u00edn, lugar en el que permaneci\u00f3 hasta el fin de sus d\u00edas. Era un hombre ponderado, con enorme tacto y caridad, que dio sobradas pruebas de su templanza como se constat\u00f3 en situaciones dif\u00edciles y dolorosas que le toc\u00f3 afrontar por razones hist\u00f3rico-pol\u00edticas. Cuando vieron confiscados los bienes, se ocup\u00f3 de atender fraternalmente a numerosos religiosos afectados, as\u00ed como de ir recuperando las posesiones de su comunidad, salvando escollos y dificultades, y actuando en el momento oportuno. Su misi\u00f3n fue intensificar las acciones propias de su carisma que transmiti\u00f3 a trav\u00e9s de las misiones populares, aunque se dirigi\u00f3 tambi\u00e9n al clero en sucesivas conferencias y retiros, todo ello conforme a lo establecido por san Vicente de Pa\u00fal. Siguiendo su ejemplo, asisti\u00f3 a los pobres espiritual y materialmente.<\/p>\n<p style=\"text-align: justify\">Fue un gran director espiritual al que acud\u00edan en busca de consejo personas de todas clases sociales, incluidos miembros relevantes de la Iglesia y de la nobleza. A \u00e9l se debe el establecimiento de las Hijas de la Caridad en el Piamonte. Venciendo prejuicios de ciertos cl\u00e9rigos, a ellas encomend\u00f3 la atenci\u00f3n de heridos, tanto en el hospital militar como en el campo de batalla, un acto de valor y de fe, que fue recompensado personalmente por el rey Carlos Alberto. Entre otras acciones, contribuy\u00f3 a difundir entre las j\u00f3venes la asociaci\u00f3n de la Medalla Milagrosa, que report\u00f3 numerosas vocaciones y fue el detonante de 20 fundaciones. Fund\u00f3 los centros caritativos \u00abMisericordias\u00bb, una red excepcional que se fue diversificando en distintos frentes: enfermer\u00edas, hospicios, asilos, escuelas, etc., todo ello para asistencia de los enfermos y de los necesitados. Estos centros emblem\u00e1ticos se abrieron en distintos lugares.<\/p>\n<p style=\"text-align: justify\">En 1837 fue nombrado visitador de la provincia de la Alta Italia de los padres pa\u00fales (antigua Lombardia), algo inusual dada su juventud, y ejerci\u00f3 esta misi\u00f3n admirablemente durante m\u00e1s de cuarenta a\u00f1os, hasta la muerte. En 1855 puso en marcha el colegio seminario de Brignole-Sale para la formaci\u00f3n de sacerdotes. Y en 1865 con Luisa Borgiotti fund\u00f3 las Hermanas Nazarenas con un grupo de j\u00f3venes que acudieron a \u00e9l porque quer\u00edan consagrar su vida a Dios. Les dio esta consigna: <em>\u00ab\u00a1Orad, obedeced y haceos santas!\u00bb<\/em><em>, orient\u00e1ndolas a la asistencia de los enfermos a domicilio a tiempo completo, y a la juventud abandonada. Ten\u00edan como modelo la Pasi\u00f3n de Jes\u00fas, devoci\u00f3n integrada en un cuarto voto. El beato fue un hombre bien relacionado y supo extraer de sus amistades frutos apost\u00f3licos. \u00cdntimamente, y aunque mostraba gran fortaleza, tuvo que luchar contra el des\u00e1nimo. Fue humilde y delicado, supo combinar sabiamente la comprensi\u00f3n con el rigor. En muchas ocasiones sufri\u00f3 incomprensiones. Con su salud muy mermada, no <\/em><em>logr\u00f3 ser relevado de su misi\u00f3n:<\/em> <em>\u00abEncorvado bajo el peso de los a\u00f1os, sentado en un sill\u00f3n, siempre manten\u00eda el rostro suave y sonriente\u00bb<\/em>, se dijo de \u00e9l en esa etapa de su vida<em>.<\/em> Y as\u00ed llego a los 79 a\u00f1os, falleciendo el 10 de diciembre de 1880. Fue beatificado por Juan Pablo II el 20 de octubre de 2002.<\/p>\n<p style=\"text-align: justify\">&nbsp;<\/p>\n<p style=\"text-align: justify\">&nbsp;<\/p>\n<p><span class=\"et_bloom_bottom_trigger\"><\/span><\/p>\n<p><a href=\"https:\/\/es.zenit.org\/\" target=\"_blank\" rel=\"nofollow\">Fuente: es.zenit.org<\/a><\/p>\n","protected":false},"excerpt":{"rendered":"<p>(ZENIT &#8211; Madrid).- La vida de entrega no siempre discurre por los cauces que uno puede haber so\u00f1ado. Este beato pens\u00f3 en China, pero su itinerario espiritual y apost\u00f3lico tuvo como escenario Italia, su patria. Naci\u00f3 en Mondov\u00ed el 22 de mayo de 1801. Pertenec\u00eda a una familia acomodada, influyente y numerosa; de diez hermanos &hellip; <a href=\"https:\/\/www.biblia.work\/noticias\/beato-marco-antonio-durando-10-de-diciembre\/\" class=\"more-link\">Continuar leyendo<span class=\"screen-reader-text\"> \u00abBeato Marco Antonio Durando \u2013 10 de diciembre  \u00a0\u00ab<\/span><\/a><\/p>\n","protected":false},"author":1,"featured_media":0,"comment_status":"open","ping_status":"closed","sticky":false,"template":"","format":"standard","meta":{"footnotes":""},"categories":[1],"tags":[],"class_list":["post-9783","post","type-post","status-publish","format-standard","hentry","category-general"],"_links":{"self":[{"href":"https:\/\/www.biblia.work\/noticias\/wp-json\/wp\/v2\/posts\/9783","targetHints":{"allow":["GET"]}}],"collection":[{"href":"https:\/\/www.biblia.work\/noticias\/wp-json\/wp\/v2\/posts"}],"about":[{"href":"https:\/\/www.biblia.work\/noticias\/wp-json\/wp\/v2\/types\/post"}],"author":[{"embeddable":true,"href":"https:\/\/www.biblia.work\/noticias\/wp-json\/wp\/v2\/users\/1"}],"replies":[{"embeddable":true,"href":"https:\/\/www.biblia.work\/noticias\/wp-json\/wp\/v2\/comments?post=9783"}],"version-history":[{"count":0,"href":"https:\/\/www.biblia.work\/noticias\/wp-json\/wp\/v2\/posts\/9783\/revisions"}],"wp:attachment":[{"href":"https:\/\/www.biblia.work\/noticias\/wp-json\/wp\/v2\/media?parent=9783"}],"wp:term":[{"taxonomy":"category","embeddable":true,"href":"https:\/\/www.biblia.work\/noticias\/wp-json\/wp\/v2\/categories?post=9783"},{"taxonomy":"post_tag","embeddable":true,"href":"https:\/\/www.biblia.work\/noticias\/wp-json\/wp\/v2\/tags?post=9783"}],"curies":[{"name":"wp","href":"https:\/\/api.w.org\/{rel}","templated":true}]}}