{"id":9794,"date":"2016-12-09T20:05:02","date_gmt":"2016-12-10T01:05:02","guid":{"rendered":"http:\/\/www.biblia.work\/noticias\/jmj-panama-2019-sera-un-momento-historico-para-la-iglesia-dice-cardenal-a-cargo\/"},"modified":"2016-12-09T20:05:02","modified_gmt":"2016-12-10T01:05:02","slug":"jmj-panama-2019-sera-un-momento-historico-para-la-iglesia-dice-cardenal-a-cargo","status":"publish","type":"post","link":"https:\/\/www.biblia.work\/noticias\/jmj-panama-2019-sera-un-momento-historico-para-la-iglesia-dice-cardenal-a-cargo\/","title":{"rendered":"JMJ Panam\u00e1 2019 ser\u00e1 un momento hist\u00f3rico para la Iglesia , dice Cardenal a cargo"},"content":{"rendered":"<p> CIUDAD DE PANAM\u00c1, 09 Dic. 16 (ACI).-<br \/>\n\tEn su primera visita a Panam&aacute;, el Cardenal Kevin Farrell, Prefecto del Dicasterio para los Laicos, la Familia y la Vida; y responsable de la Jornada Mundial de la Juventud que se realizar&aacute; en ese pa&iacute;s en 2019, asegur&oacute; que ese ser&aacute; un &ldquo;momento hist&oacute;rico para la Iglesia y para la naci&oacute;n&rdquo;.<\/p>\n<p style=\"text-align: justify\">\n\tEn conferencia de prensa realizada el 8 de diciembre, el Purpurado explic&oacute; que el encuentro mundial de j&oacute;venes puede &ldquo;traer un poco de paz y estabilidad a todas las comunidades de Am&eacute;rica Central&rdquo;.<\/p>\n<p style=\"text-align: justify\">\n\t&ldquo;Es importante que tomemos en cuenta el papel que esta gran naci&oacute;n puede tomar para la unificaci&oacute;n hist&oacute;rica de los pa&iacute;ses del norte y el sur. M&aacute;s que nunca en este momento de la historia necesitamos este intermediario para traer la paz y la unidad a todos&rdquo;, detall&oacute;.<\/p>\n<p style=\"text-align: justify\">\n\tEl Cardenal Farrell, creado en el &uacute;ltimo consistorio del 19 de noviembre, dijo asimismo que los paname&ntilde;os no solo tienen &ldquo;un coraz&oacute;n muy grande&rdquo; y que &ldquo;est&aacute;n abiertos a todo el mundo&rdquo;, sino que &ldquo;tienen la capacidad&rdquo; para albergar este magno evento.<\/p>\n<p style=\"text-align: justify\">\n\t&ldquo;No podemos pensar que la Jornada Mundial de la Juventud solamente es para los j&oacute;venes, es para todos. Si esto va a ser un gran &eacute;xito, lo ser&aacute; porque todos estamos participando&rdquo;, a&ntilde;adi&oacute;.<\/p>\n<p style=\"text-align: justify\">\n\tEn declaraciones a ACI Prensa, el Arzobispo de Panam&aacute;, Mons. Jos&eacute; Domingo Ulloa, envi&oacute; un saludo a los j&oacute;venes de Latinoam&eacute;rica y el mundo.<\/p>\n<p style=\"text-align: justify\">\n\t&ldquo;No tengan miedo. Panam&aacute; los recibe con el coraz&oacute;n abierto para que todos los j&oacute;venes podamos tener experiencia de Dios, pero sobre todo experiencia de Iglesia y fraternidad. Los esperamos en Panam&aacute; 2019&rdquo;, manifest&oacute;.<\/p>\n<p style=\"text-align: justify\">\n\tTambi&eacute;n te puede interesar:&nbsp;<\/p>\n<p style=\"text-align: justify\">\n\t\tConoce el tema que Papa Francisco ha elegido para la JMJ de Panam&aacute; 2019 https:\/\/t.co\/RjN8fz92W3<\/p>\n<p>\t&mdash; ACI Prensa (@aciprensa) 22 de noviembre de 2016<\/p>\n<p style=\"text-align: justify\">\n\t&nbsp;<\/p>\n","protected":false},"excerpt":{"rendered":"<p>CIUDAD DE PANAM\u00c1, 09 Dic. 16 (ACI).- En su primera visita a Panam&aacute;, el Cardenal Kevin Farrell, Prefecto del Dicasterio para los Laicos, la Familia y la Vida; y responsable de la Jornada Mundial de la Juventud que se realizar&aacute; en ese pa&iacute;s en 2019, asegur&oacute; que ese ser&aacute; un &ldquo;momento hist&oacute;rico para la Iglesia &hellip; <a href=\"https:\/\/www.biblia.work\/noticias\/jmj-panama-2019-sera-un-momento-historico-para-la-iglesia-dice-cardenal-a-cargo\/\" class=\"more-link\">Continuar leyendo<span class=\"screen-reader-text\"> \u00abJMJ Panam\u00e1 2019 ser\u00e1 un momento hist\u00f3rico para la Iglesia , dice Cardenal a cargo\u00bb<\/span><\/a><\/p>\n","protected":false},"author":1,"featured_media":0,"comment_status":"open","ping_status":"closed","sticky":false,"template":"","format":"standard","meta":{"footnotes":""},"categories":[1],"tags":[],"class_list":["post-9794","post","type-post","status-publish","format-standard","hentry","category-general"],"_links":{"self":[{"href":"https:\/\/www.biblia.work\/noticias\/wp-json\/wp\/v2\/posts\/9794","targetHints":{"allow":["GET"]}}],"collection":[{"href":"https:\/\/www.biblia.work\/noticias\/wp-json\/wp\/v2\/posts"}],"about":[{"href":"https:\/\/www.biblia.work\/noticias\/wp-json\/wp\/v2\/types\/post"}],"author":[{"embeddable":true,"href":"https:\/\/www.biblia.work\/noticias\/wp-json\/wp\/v2\/users\/1"}],"replies":[{"embeddable":true,"href":"https:\/\/www.biblia.work\/noticias\/wp-json\/wp\/v2\/comments?post=9794"}],"version-history":[{"count":0,"href":"https:\/\/www.biblia.work\/noticias\/wp-json\/wp\/v2\/posts\/9794\/revisions"}],"wp:attachment":[{"href":"https:\/\/www.biblia.work\/noticias\/wp-json\/wp\/v2\/media?parent=9794"}],"wp:term":[{"taxonomy":"category","embeddable":true,"href":"https:\/\/www.biblia.work\/noticias\/wp-json\/wp\/v2\/categories?post=9794"},{"taxonomy":"post_tag","embeddable":true,"href":"https:\/\/www.biblia.work\/noticias\/wp-json\/wp\/v2\/tags?post=9794"}],"curies":[{"name":"wp","href":"https:\/\/api.w.org\/{rel}","templated":true}]}}