{"id":9798,"date":"2016-12-10T07:15:02","date_gmt":"2016-12-10T12:15:02","guid":{"rendered":"http:\/\/www.biblia.work\/noticias\/el-papa-le-pide-al-mundo-agricola-que-defienda-sus-ritmos-de-vida\/"},"modified":"2016-12-10T07:15:02","modified_gmt":"2016-12-10T12:15:02","slug":"el-papa-le-pide-al-mundo-agricola-que-defienda-sus-ritmos-de-vida","status":"publish","type":"post","link":"https:\/\/www.biblia.work\/noticias\/el-papa-le-pide-al-mundo-agricola-que-defienda-sus-ritmos-de-vida\/","title":{"rendered":"El Papa le pide al mundo agr\u00edcola que defienda sus ritmos de vida"},"content":{"rendered":"<p style=\"text-align: justify\">(ZENIT \u2013 Ciudad del Vaticano).- El papa Francisco recibi\u00f3 este s\u00e1bado en una audiencia en el Vaticano, a los participantes de la Reuni\u00f3n de las Asociaciones Rurales Cat\u00f3licas Internacionales (ICRA), que concluyeron su asamblea en Roma.<\/p>\n<p style=\"text-align: justify\">El ICRA fue reconocida por la Santa Sede en 1965 y tiene en cuanto ONG un estatus de consultora en la FAO, adem\u00e1s de relaciones de colaboraci\u00f3n con otros organismos de las Naciones Unidas en tema de alimentaci\u00f3n, as\u00ed como con la Unesco.<\/p>\n<p style=\"text-align: justify\">El Santo Padre, que fue recibido con entusiasmo por los presentes en la Sala de Consistorio del Palacio Apost\u00f3lico,\u00a0manifest\u00f3 su alegr\u00eda por este encuentro final del congreso en el cual se debatieron \u201clas realidades de quienes trabajan en la agricultura con empe\u00f1o cotidiano\u201d.<\/p>\n<p style=\"text-align: justify\">\u201cVivimos la paradoja &#8211;asegur\u00f3 el Santo Padre&#8211; de una agricultura que no es m\u00e1s considerada el sector primario de la econom\u00eda\u201d si bien \u201cmantiene una evidente relevancia en las pol\u00edticas de desarrollo\u201d, como en la seguridad alimentaria y en la vida de las comunidades rurales, y que es \u201cen muchas \u00e1reas la principal respuesta a la pobreza y escac\u00e9az de alimento\u201d.<\/p>\n<p style=\"text-align: justify\">Se\u00f1al\u00f3 as\u00ed diversos problemas como la iniqua adquisici\u00f3n de tierras cuya producci\u00f3n es sustra\u00edda a los leg\u00edtimos beneficiarios, as\u00ed como a la especulaci\u00f3n y la falta de pol\u00edticas espec\u00edficas.<\/p>\n<p style=\"text-align: justify\">Lament\u00f3 que \u201cel primado de la dimensi\u00f3n del mercado\u201d acabe sacrificando los ritmos de la vida agr\u00edcola, con sus momentos de trabajo y tiempo libre, del reposo semanal y del cuidado de la familia.<\/p>\n<p style=\"text-align: justify\">Adem\u00e1s de constatar que \u201cel desarrollo no es igual para todos, como si la vida de la comunidad agr\u00edcola tuviera un valor m\u00e1s bajo\u201d, as\u00ed como el hecho de que para los peque\u00f1os agricultores la participaci\u00f3n a las decisiones es lejana, \u201cpor la ausencia de las instituciones\u201d.<\/p>\n<p style=\"text-align: justify\">Les se\u00f1al\u00f3 la historia del ICRA, que muestra como sea posible conjugar &#8220;el ser cristianos con el mundo agr\u00edcola&#8221;, donde el significado de la persona humana, la dimensi\u00f3n familiar y social, el sentido de la solidaridad son valores esenciales, incluso en las situaciones de mayor subdesarrollo y pobreza.<\/p>\n<p style=\"text-align: justify\">Les pidi\u00f3 as\u00ed tomar decisiones que piden coraje y una constante actualizaci\u00f3n, para evitar las improvisaciones. Les invit\u00f3 as\u00ed a colaborar con las instituciones para dar soluci\u00f3n a los problemas y por lo tanto a tener \u201cun rol propositivo\u201d que ayude al mundo rural a no quedarse al margen de las decisiones pol\u00edticas, normativas, o acciones en los diversos sectores sociales y econ\u00f3micos.<\/p>\n<p style=\"text-align: justify\">Les invit\u00f2 adem\u00e1s en cuanto membros del ICRA a proponer un estilo de vida sobria y una cultura del trabajo que se basa en la centralidad de la persona, en la disponibilidad del otro y en la gratuidad.<\/p>\n<p style=\"text-align: justify\">Francisco citando la enc\u00edclica <em>Laudato Si\u2019<\/em> les invit\u00f3 adem\u00e1s a no ser \u201ctestimonios mudos de grav\u00edsimas desigualdades\u201d como cuando se obtienen beneficios \u201chaciendo pagar al resto de la humanidad, presente y futura, los alt\u00edsimos costos del degrado ambiental\u201d.<br \/>\nY contribuir en las instituciones internacionales en cuanto ONG, construyendo puentes, \u201cno limit\u00e1ndose a participar en los procesos\u201d, sino \u201ctrabajando para cambiar proyetos y estrategias\u201d.<\/p>\n<p><span class=\"et_bloom_bottom_trigger\"><\/span><\/p>\n<p><a href=\"https:\/\/es.zenit.org\/\" target=\"_blank\" rel=\"nofollow\">Fuente: es.zenit.org<\/a><\/p>\n","protected":false},"excerpt":{"rendered":"<p>(ZENIT \u2013 Ciudad del Vaticano).- El papa Francisco recibi\u00f3 este s\u00e1bado en una audiencia en el Vaticano, a los participantes de la Reuni\u00f3n de las Asociaciones Rurales Cat\u00f3licas Internacionales (ICRA), que concluyeron su asamblea en Roma. El ICRA fue reconocida por la Santa Sede en 1965 y tiene en cuanto ONG un estatus de consultora &hellip; <a href=\"https:\/\/www.biblia.work\/noticias\/el-papa-le-pide-al-mundo-agricola-que-defienda-sus-ritmos-de-vida\/\" class=\"more-link\">Continuar leyendo<span class=\"screen-reader-text\"> \u00abEl Papa le pide al mundo agr\u00edcola que defienda sus ritmos de vida\u00bb<\/span><\/a><\/p>\n","protected":false},"author":1,"featured_media":0,"comment_status":"open","ping_status":"closed","sticky":false,"template":"","format":"standard","meta":{"footnotes":""},"categories":[1],"tags":[],"class_list":["post-9798","post","type-post","status-publish","format-standard","hentry","category-general"],"_links":{"self":[{"href":"https:\/\/www.biblia.work\/noticias\/wp-json\/wp\/v2\/posts\/9798","targetHints":{"allow":["GET"]}}],"collection":[{"href":"https:\/\/www.biblia.work\/noticias\/wp-json\/wp\/v2\/posts"}],"about":[{"href":"https:\/\/www.biblia.work\/noticias\/wp-json\/wp\/v2\/types\/post"}],"author":[{"embeddable":true,"href":"https:\/\/www.biblia.work\/noticias\/wp-json\/wp\/v2\/users\/1"}],"replies":[{"embeddable":true,"href":"https:\/\/www.biblia.work\/noticias\/wp-json\/wp\/v2\/comments?post=9798"}],"version-history":[{"count":0,"href":"https:\/\/www.biblia.work\/noticias\/wp-json\/wp\/v2\/posts\/9798\/revisions"}],"wp:attachment":[{"href":"https:\/\/www.biblia.work\/noticias\/wp-json\/wp\/v2\/media?parent=9798"}],"wp:term":[{"taxonomy":"category","embeddable":true,"href":"https:\/\/www.biblia.work\/noticias\/wp-json\/wp\/v2\/categories?post=9798"},{"taxonomy":"post_tag","embeddable":true,"href":"https:\/\/www.biblia.work\/noticias\/wp-json\/wp\/v2\/tags?post=9798"}],"curies":[{"name":"wp","href":"https:\/\/api.w.org\/{rel}","templated":true}]}}