{"id":9799,"date":"2016-12-10T08:40:04","date_gmt":"2016-12-10T13:40:04","guid":{"rendered":"http:\/\/www.biblia.work\/noticias\/el-mundo-agricola-en-el-centro-de-la-audiencia-del-papa-a-la-asociacion-internacional-rural-catolica\/"},"modified":"2016-12-10T08:40:04","modified_gmt":"2016-12-10T13:40:04","slug":"el-mundo-agricola-en-el-centro-de-la-audiencia-del-papa-a-la-asociacion-internacional-rural-catolica","status":"publish","type":"post","link":"https:\/\/www.biblia.work\/noticias\/el-mundo-agricola-en-el-centro-de-la-audiencia-del-papa-a-la-asociacion-internacional-rural-catolica\/","title":{"rendered":"El mundo agr\u00edcola en el centro de la audiencia del Papa a la Asociaci\u00f3n Internacional Rural Cat\u00f3lica"},"content":{"rendered":"<p> <img src='http:\/\/media02.radiovaticana.va\/photo\/2016\/04\/18\/OSSROM104844_Thumbnail.jpg' alt='' align='left' hspace='5'> <\/p>\n<p><span><br \/>\n<audio class=\"video-js vjs-default-skin vjs-big-play-button-centered rv-custom-audio\" controls=\"\" id=\"audioItem_9089035\" preload=\"none\"><\/audio><br \/>\n<span class=\"rv-audio-download\"><a href=\"http:\/\/media02.radiovaticana.va\/audio\/audio2\/mp3\/00561337.mp3\" title=\"Download audio\"><img decoding=\"async\" src=\"http:\/\/es.radiovaticana.va\/Modules\/Presentation\/Styles\/images-common\/icons\/download-audio-mp3_off.png\" style=\"height: 30px\" \/><\/a><\/span> <\/span><\/p>\n<p>(RV).- Al recibir a la comunidad del Pontificio Seminario P&iacute;o XI, de la regi&oacute;n italiana de Pulla, el <strong>Papa Francisco<\/strong> improvis&oacute; unas palabras en un clima familiar y cordial, anunciando que el discurso preparado iba a ser entregado.<\/p>\n<p>En ese texto se recuerdan sus palabras ante la Asamblea de los Obispos de Italia, sobre la identidad y el ministerio de los presb&iacute;teros.<\/p>\n<p>Haciendo hincapi&eacute; en la triple pertenencia al Se&ntilde;or, a la Iglesia y al Reino, que &laquo;no se improvisa, ni nace despu&eacute;s de la ordenaci&oacute;n&raquo;, sino que se forma en los a&ntilde;os del Seminario, cultiv&aacute;ndola, custodi&aacute;ndola y desarroll&aacute;ndola con atenci&oacute;n y sentido de responsabilidad, el Papa destaca en primer lugar, que la palabra pertenencia lleva consigo la idea de sentirse parte de un todo:<\/p>\n<p>&laquo;<strong>S&oacute;lo si nos sentimos parte de Cristo, de la Iglesia y del Reino, podremos caminar bien en los a&ntilde;os del Seminario<\/strong>. Para percibir el todo hay que elevar la mirada, dejar de pensar que yo soy el todo de mi vida. El primer obst&aacute;culo que hay que superar es el narcisismo. Es la tentaci&oacute;n m&aacute;s peligrosa. No todo comienza y termina conmigo, puedo y debo mirar m&aacute;s all&aacute; de m&iacute; mismo, hasta percibir la belleza y la profundidad del misterio que me rodea, de la vida que me supera, de la fe en Dios que sostiene cada cosa y a cada persona, tambi&eacute;n a m&iacute;&raquo;.<\/p>\n<p>&laquo;Pertenecer significa tambi&eacute;n saber entrar en relaci&oacute;n. Hay que prepararse para ser ante todo hombres que impulsen la relaci&oacute;n&raquo; con Cristo, con los hermanos y con todas las personas, alienta el Obispo de Roma:<\/p>\n<p>&laquo;<strong>Con Cristo, con los hermanos con los que compartimos el ministerio y la fe, con todas las personas que encontramos en la vida<\/strong> &iexcl;Y en el seminario se comienza a saber vivir las relaciones!&#8230; Para que ma&ntilde;ana sean sacerdotes que viven en medio del pueblo santo de Dios, comiencen siendo hoy j&oacute;venes que saben estar con todos, que saben aprender algo de cada persona que encuentran, con humildad e inteligencia&raquo;.<\/p>\n<p>Una vez m&aacute;s, el Papa exhorta a poner a Cristo como cimiento de toda relaci&oacute;n:<\/p>\n<p>&laquo;<strong>Y como base de todas sus relaciones est&eacute; siempre su relaci&oacute;n con Cristo<\/strong>: cuanto m&aacute;s lo conozcan y lo escuchen, m&aacute;s se unir&aacute;n a &Eacute;l en la confianza y en el amor, hagan que su amor sea el de ustedes, p&oacute;nganlo en sus relaciones con los dem&aacute;s, sean &lsquo;canales&rsquo; de su amor, mediante su madurez relacional. El lugar en el que crece la relaci&oacute;n con Cristo es la oraci&oacute;n y el fruto maduro de la oraci&oacute;n es siempre la caridad&raquo;.<\/p>\n<p><strong>Luego, el Santo Padre pone en guardia contra la exclusi&oacute;n y el descarte que se oponen a la pertenencia<\/strong>:<\/p>\n<p>&laquo;La pertenencia de ustedes a Cristo les pide que vayan a su encuentro, que lo coloquen en el centro, que lo ayuden a sentirse que tambi&eacute;n &Eacute;l es parte de la comunidad. Creciendo en su sentido de pertenencia a la Iglesia podr&aacute;n saborear la belleza de la fraternidad, sepan &nbsp;conocer la fatiga del perd&oacute;n, en las cosas peque&ntilde;as y en las grandes. Si nada en la vida nos excluye de la mirada misericordiosa del Se&ntilde;or &iquest;por qu&eacute; nuestra mirada tendr&iacute;a que excluir a alguien?&raquo;.<\/p>\n<p>(CdM &ndash; RV)<\/p>\n<p><a href=\"http:\/\/es.radiovaticana.va\" target=\"_blank\" rel=\"nofollow\">Fuente: es.radiovaticana.va<\/a><\/p>\n","protected":false},"excerpt":{"rendered":"<p>(RV).- Al recibir a la comunidad del Pontificio Seminario P&iacute;o XI, de la regi&oacute;n italiana de Pulla, el Papa Francisco improvis&oacute; unas palabras en un clima familiar y cordial, anunciando que el discurso preparado iba a ser entregado. En ese texto se recuerdan sus palabras ante la Asamblea de los Obispos de Italia, sobre la &hellip; <a href=\"https:\/\/www.biblia.work\/noticias\/el-mundo-agricola-en-el-centro-de-la-audiencia-del-papa-a-la-asociacion-internacional-rural-catolica\/\" class=\"more-link\">Continuar leyendo<span class=\"screen-reader-text\"> \u00abEl mundo agr\u00edcola en el centro de la audiencia del Papa a la Asociaci\u00f3n Internacional Rural Cat\u00f3lica\u00bb<\/span><\/a><\/p>\n","protected":false},"author":1,"featured_media":0,"comment_status":"open","ping_status":"closed","sticky":false,"template":"","format":"standard","meta":{"footnotes":""},"categories":[1],"tags":[],"class_list":["post-9799","post","type-post","status-publish","format-standard","hentry","category-general"],"_links":{"self":[{"href":"https:\/\/www.biblia.work\/noticias\/wp-json\/wp\/v2\/posts\/9799","targetHints":{"allow":["GET"]}}],"collection":[{"href":"https:\/\/www.biblia.work\/noticias\/wp-json\/wp\/v2\/posts"}],"about":[{"href":"https:\/\/www.biblia.work\/noticias\/wp-json\/wp\/v2\/types\/post"}],"author":[{"embeddable":true,"href":"https:\/\/www.biblia.work\/noticias\/wp-json\/wp\/v2\/users\/1"}],"replies":[{"embeddable":true,"href":"https:\/\/www.biblia.work\/noticias\/wp-json\/wp\/v2\/comments?post=9799"}],"version-history":[{"count":0,"href":"https:\/\/www.biblia.work\/noticias\/wp-json\/wp\/v2\/posts\/9799\/revisions"}],"wp:attachment":[{"href":"https:\/\/www.biblia.work\/noticias\/wp-json\/wp\/v2\/media?parent=9799"}],"wp:term":[{"taxonomy":"category","embeddable":true,"href":"https:\/\/www.biblia.work\/noticias\/wp-json\/wp\/v2\/categories?post=9799"},{"taxonomy":"post_tag","embeddable":true,"href":"https:\/\/www.biblia.work\/noticias\/wp-json\/wp\/v2\/tags?post=9799"}],"curies":[{"name":"wp","href":"https:\/\/api.w.org\/{rel}","templated":true}]}}