{"id":9809,"date":"2016-12-10T12:15:02","date_gmt":"2016-12-10T17:15:02","guid":{"rendered":"http:\/\/www.biblia.work\/noticias\/el-papa-a-los-seminaristas-del-pio-xi-cercanos-de-la-gente-dejandose-inspirar-por-el-espiritu-santo\/"},"modified":"2016-12-10T12:15:02","modified_gmt":"2016-12-10T17:15:02","slug":"el-papa-a-los-seminaristas-del-pio-xi-cercanos-de-la-gente-dejandose-inspirar-por-el-espiritu-santo","status":"publish","type":"post","link":"https:\/\/www.biblia.work\/noticias\/el-papa-a-los-seminaristas-del-pio-xi-cercanos-de-la-gente-dejandose-inspirar-por-el-espiritu-santo\/","title":{"rendered":"El Papa a los seminaristas del Pio XI: \u00b4Cercanos de la gente dej\u00e1ndose inspirar por el Esp\u00edritu Santo\u2019"},"content":{"rendered":"<p style=\"text-align: justify\"><span style=\"font-weight: 400\">(ZENIT \u2013 Ciudad del Vaticano).- El papa Francisco recibi\u00f3 este s\u00e1bado a la comunidad del Pontificio Seminario \u2018Pio XI\u2019 de la regi\u00f3n italiana Puglia, a quienes les record\u00f3 que &#8220;un sacerdote que no es un padre, no sirve\u201d exhort\u00e1ndolos as\u00ed a ser \u201cpadres en la propia comunidad\u201d. <\/span><\/p>\n<p style=\"text-align: justify\"><span style=\"font-weight: 400\">En la audiencia\u00a0en la Sala Clementina del Palacio Apost\u00f3lico del Vaticano, el Santo Padre les indic\u00f3 que hay \u201cuna historia llena de buenos p\u00e1rrocos\u201d que y ellos \u201cnos dan coraje para proseguir hacia adelante\u201d. Y les cont\u00f3 que conoc\u00eda a un buen p\u00e1rroco de un pueblo, que sab\u00eda\u00a0el nombre de cada persona que visitaba e incluso\u00a0el nombre de los perro de ellos.<\/span><\/p>\n<p style=\"text-align: justify\"><span style=\"font-weight: 400\">\u201cCercan\u00eda\u201d por lo tanto es la palabra clave: \u201cNo se puede ser sacerdotes estando lejos del pueblo\u201d, contrariamente \u201cno se es capaz de dar el mensaje de Jes\u00fas&#8221;. Lo que significa \u201cquemar la vida&#8221; porque el servicio al pueblo de Dios &#8220;cansa\u201d. Y a\u00f1adi\u00f3 que \u201ces hermoso cuando un sacerdote que concluye el d\u00eda cansado dueme y sin necesidad de somn\u00edferos\u201d,<\/span><\/p>\n<p style=\"text-align: justify\"><span style=\"font-weight: 400\">Subray\u00f3 adem\u00e1s que \u201cla Iglesia no es una Ong y la pastoral no es un plan &#8220;sino \u201cun coloquio continuo con la gente\u201d. Porque \u201cla pastoral va adelante por el Esp\u00edritu Santo y no por el Consejo pastoral\u201d. Exhortando as\u00ed a los seminaristas a preguntarse cu\u00e1l relaci\u00f3n tienen con el Esp\u00edritu Santo y a saber discernir la obra del Esp\u00edritu Santo en el propio coraz\u00f3n. <\/span><\/p>\n<p style=\"text-align: justify\"><span style=\"font-weight: 400\">Les invit\u00f3 por ello a poner en primer lugar la oraci\u00f3n a \u201cno dejar solo al Se\u00f1or en el tabern\u00e1culo\u201d y a no temer incluso si alguna vez uno se duerme all\u00ed delante. <\/span><\/p>\n<p style=\"text-align: justify\"><span style=\"font-weight: 400\">Indic\u00f3 a este punto que hay cuatro columnas igualmente necesarias para la formaci\u00f3n del seminarista: \u201cLa vida espiritual y la oraci\u00f3n; la vida comunitaria; la vida de estudio; y la vida apost\u00f3lica. <\/span><\/p>\n<p style=\"text-align: justify\"><span style=\"font-weight: 400\">Sobre el estudio indic\u00f3 que la gente no tolera el papel\u00f3n de un cura que no entiende, que no conoce los fundamentos. Pero que todas las columnas son igualmente importantes. <\/span><\/p>\n<p style=\"text-align: justify\"><span style=\"font-weight: 400\">Record\u00f3 cuando era joven y ve\u00eda \u201cel tel\u00e9fono en la mesa de luz del p\u00e1rroco\u201d esos \u201cbuenos p\u00e1rrocos que se levantaban a cualquier hora de la noche para ir a la casa de un enfermo a dar los sacramentos. Eso es celo apost\u00f3lico: emplear la propia vida para los otros\u201d. Francisco concluy\u00f3 pregunt\u00e1ndose: &#8220;\u00bfY al final que nos queda?&#8221;, para responder: &#8220;la alegr\u00eda del servicio del Se\u00f1or\u201d.<\/span><\/p>\n<p><span class=\"et_bloom_bottom_trigger\"><\/span><\/p>\n<p><a href=\"https:\/\/es.zenit.org\/\" target=\"_blank\" rel=\"nofollow\">Fuente: es.zenit.org<\/a><\/p>\n","protected":false},"excerpt":{"rendered":"<p>(ZENIT \u2013 Ciudad del Vaticano).- El papa Francisco recibi\u00f3 este s\u00e1bado a la comunidad del Pontificio Seminario \u2018Pio XI\u2019 de la regi\u00f3n italiana Puglia, a quienes les record\u00f3 que &#8220;un sacerdote que no es un padre, no sirve\u201d exhort\u00e1ndolos as\u00ed a ser \u201cpadres en la propia comunidad\u201d. En la audiencia\u00a0en la Sala Clementina del Palacio &hellip; <a href=\"https:\/\/www.biblia.work\/noticias\/el-papa-a-los-seminaristas-del-pio-xi-cercanos-de-la-gente-dejandose-inspirar-por-el-espiritu-santo\/\" class=\"more-link\">Continuar leyendo<span class=\"screen-reader-text\"> \u00abEl Papa a los seminaristas del Pio XI: \u00b4Cercanos de la gente dej\u00e1ndose inspirar por el Esp\u00edritu Santo\u2019\u00bb<\/span><\/a><\/p>\n","protected":false},"author":1,"featured_media":0,"comment_status":"open","ping_status":"closed","sticky":false,"template":"","format":"standard","meta":{"footnotes":""},"categories":[1],"tags":[],"class_list":["post-9809","post","type-post","status-publish","format-standard","hentry","category-general"],"_links":{"self":[{"href":"https:\/\/www.biblia.work\/noticias\/wp-json\/wp\/v2\/posts\/9809","targetHints":{"allow":["GET"]}}],"collection":[{"href":"https:\/\/www.biblia.work\/noticias\/wp-json\/wp\/v2\/posts"}],"about":[{"href":"https:\/\/www.biblia.work\/noticias\/wp-json\/wp\/v2\/types\/post"}],"author":[{"embeddable":true,"href":"https:\/\/www.biblia.work\/noticias\/wp-json\/wp\/v2\/users\/1"}],"replies":[{"embeddable":true,"href":"https:\/\/www.biblia.work\/noticias\/wp-json\/wp\/v2\/comments?post=9809"}],"version-history":[{"count":0,"href":"https:\/\/www.biblia.work\/noticias\/wp-json\/wp\/v2\/posts\/9809\/revisions"}],"wp:attachment":[{"href":"https:\/\/www.biblia.work\/noticias\/wp-json\/wp\/v2\/media?parent=9809"}],"wp:term":[{"taxonomy":"category","embeddable":true,"href":"https:\/\/www.biblia.work\/noticias\/wp-json\/wp\/v2\/categories?post=9809"},{"taxonomy":"post_tag","embeddable":true,"href":"https:\/\/www.biblia.work\/noticias\/wp-json\/wp\/v2\/tags?post=9809"}],"curies":[{"name":"wp","href":"https:\/\/api.w.org\/{rel}","templated":true}]}}