{"id":9813,"date":"2016-12-10T14:15:03","date_gmt":"2016-12-10T19:15:03","guid":{"rendered":"http:\/\/www.biblia.work\/noticias\/concluyo-en-el-vaticano-la-cumbre-de-alcaldes-europeos\/"},"modified":"2016-12-10T14:15:03","modified_gmt":"2016-12-10T19:15:03","slug":"concluyo-en-el-vaticano-la-cumbre-de-alcaldes-europeos","status":"publish","type":"post","link":"https:\/\/www.biblia.work\/noticias\/concluyo-en-el-vaticano-la-cumbre-de-alcaldes-europeos\/","title":{"rendered":"Concluy\u00f3 en el Vaticano la cumbre de alcaldes europeos"},"content":{"rendered":"<p style=\"text-align: justify\">(ZENIT \u2013 Roma).-\u00a0Concluy\u00f3 este s\u00e1bado en el Vaticano el encuentro de dos d\u00edas que cont\u00f3 con la participaci\u00f3n de 80 alcaldes procedentes de distintos pa\u00edses de Europa. La finalidad de la cumbre fue \u201catraer la atenci\u00f3n inmediata del mundo a la amenaza que representa para la estabilidad mundial la presencia creciente en nuestro planeta de m\u00e1s de 125 millones de refugiados\u201d, como indic\u00f3 la Pontificia Academia de las Ciencias, organizadora del evento.<\/p>\n<p style=\"text-align: justify\">Con el t\u00edtulo \u201cEuropa: los refugiados son nuestros hermanos\u201d, cont\u00f3 con la presencia, entre las diversas personalidades, de los alcaldes espa\u00f1oles\u00a0Manuela Carmena, de Madrid; Ada Colau, de Barcelona; Joan Rib\u00f3, de Valencia y Francisco de la Torre, de M\u00e1laga.<\/p>\n<p style=\"text-align: justify\">Las conferencias que se realizaron en la sede de la Accademia, en la Casina Pio IV situada en los jardines del Vaticano, fueron tansmitidas en directa en streaming. Los periodisas no tuvieron acceso para entrevistas y el acceso fue solamente permitido a los camar\u00f3grafos.<\/p>\n<p style=\"text-align: justify\">La Pontificia Academia de las Ciencias recuerda que en la carta enc\u00edclica Laudato si\u2019, el papa Francisco llam\u00f3 a una mayor conversi\u00f3n del coraz\u00f3n hacia \u201clos hermanos y hermanas m\u00e1s fr\u00e1giles\u201d, argumentando que debemos incrementar los esfuerzos para prevenir las crisis humanitarias y, cuando as\u00ed y todo ocurran, debemos asegurarnos de que nuestra respuesta sea adecuada a la enorme del desaf\u00edo y oportuna de acuerdo con la urgencia de la necesidad. Suministrar carpas y agua potable despu\u00e9s de que todos ya han fallecido a causa del fr\u00edo y de la deshidrataci\u00f3n es algo a todas luces inaceptable\u201d. Espec\u00edficamente, \u201cel Papa nos pide en su Enc\u00edclica que demos prioridad a aquellos enfoques que traigan como resultado cambios apreciables para los excluidos y los marginados que m\u00e1s necesitan de nuestra ayuda\u201d.<\/p>\n<p style=\"text-align: justify\">En la actualidad, unas tres cuartas partes de todas las emergencias humanitarias del mundo son el resultado directo de una guerra. Para reducir esa cifra, nada ser\u00eda tan eficaz como \u201cponer fin a los conflictos armados\u201d, e impedir que comiencen o vuelvan a ocurrir. \u00a0Adem\u00e1s, asegura el comunicado de la Pontificia Academia de las Ciencias, de esta manera \u201cse acabar\u00eda de un plumazo con la principal causa de los \u00e9xodos masivos de refugiados\u201d.<\/p>\n<p style=\"text-align: justify\">Finalmente, se asegura que urge que a los alcaldes, en cuanto las autoridades m\u00e1s pr\u00f3ximas a la ciudadan\u00eda, \u201cse les provea de competencias para atender, acoger y regularizar a todo tipo de emigrantes o refugiados\u201d. Urge que la voz de los alcaldes sea escuchada para promover puentes y no muros, indican. Urge que \u201csu autoridad se ponga al servicio del desarrollo sostenible e integral, de la justicia y de la paz\u201d.<\/p>\n<p><span class=\"et_bloom_bottom_trigger\"><\/span><\/p>\n<p><a href=\"https:\/\/es.zenit.org\/\" target=\"_blank\" rel=\"nofollow\">Fuente: es.zenit.org<\/a><\/p>\n","protected":false},"excerpt":{"rendered":"<p>(ZENIT \u2013 Roma).-\u00a0Concluy\u00f3 este s\u00e1bado en el Vaticano el encuentro de dos d\u00edas que cont\u00f3 con la participaci\u00f3n de 80 alcaldes procedentes de distintos pa\u00edses de Europa. La finalidad de la cumbre fue \u201catraer la atenci\u00f3n inmediata del mundo a la amenaza que representa para la estabilidad mundial la presencia creciente en nuestro planeta de &hellip; <a href=\"https:\/\/www.biblia.work\/noticias\/concluyo-en-el-vaticano-la-cumbre-de-alcaldes-europeos\/\" class=\"more-link\">Continuar leyendo<span class=\"screen-reader-text\"> \u00abConcluy\u00f3 en el Vaticano la cumbre de alcaldes europeos\u00bb<\/span><\/a><\/p>\n","protected":false},"author":1,"featured_media":0,"comment_status":"open","ping_status":"closed","sticky":false,"template":"","format":"standard","meta":{"footnotes":""},"categories":[1],"tags":[],"class_list":["post-9813","post","type-post","status-publish","format-standard","hentry","category-general"],"_links":{"self":[{"href":"https:\/\/www.biblia.work\/noticias\/wp-json\/wp\/v2\/posts\/9813","targetHints":{"allow":["GET"]}}],"collection":[{"href":"https:\/\/www.biblia.work\/noticias\/wp-json\/wp\/v2\/posts"}],"about":[{"href":"https:\/\/www.biblia.work\/noticias\/wp-json\/wp\/v2\/types\/post"}],"author":[{"embeddable":true,"href":"https:\/\/www.biblia.work\/noticias\/wp-json\/wp\/v2\/users\/1"}],"replies":[{"embeddable":true,"href":"https:\/\/www.biblia.work\/noticias\/wp-json\/wp\/v2\/comments?post=9813"}],"version-history":[{"count":0,"href":"https:\/\/www.biblia.work\/noticias\/wp-json\/wp\/v2\/posts\/9813\/revisions"}],"wp:attachment":[{"href":"https:\/\/www.biblia.work\/noticias\/wp-json\/wp\/v2\/media?parent=9813"}],"wp:term":[{"taxonomy":"category","embeddable":true,"href":"https:\/\/www.biblia.work\/noticias\/wp-json\/wp\/v2\/categories?post=9813"},{"taxonomy":"post_tag","embeddable":true,"href":"https:\/\/www.biblia.work\/noticias\/wp-json\/wp\/v2\/tags?post=9813"}],"curies":[{"name":"wp","href":"https:\/\/api.w.org\/{rel}","templated":true}]}}