{"id":9814,"date":"2016-12-10T14:15:04","date_gmt":"2016-12-10T19:15:04","guid":{"rendered":"http:\/\/www.biblia.work\/noticias\/santa-maravillas-de-jesus-11-de-diciembre\/"},"modified":"2016-12-10T14:15:04","modified_gmt":"2016-12-10T19:15:04","slug":"santa-maravillas-de-jesus-11-de-diciembre","status":"publish","type":"post","link":"https:\/\/www.biblia.work\/noticias\/santa-maravillas-de-jesus-11-de-diciembre\/","title":{"rendered":"Santa Maravillas de Jes\u00fas \u2013 11 de diciembre"},"content":{"rendered":"<p style=\"text-align: justify\"><span style=\"font-weight: 400\">(ZENIT &#8211; Madrid).- Por su reciedumbre personal, espiritual y apost\u00f3lica se han apreciado en Mar\u00eda de las Maravillas de Jes\u00fas Pidal y Chico de Guzm\u00e1n rasgos que tambi\u00e9n caracterizaron a la gran santa castellana, su fundadora y maestra, Teresa de Jes\u00fas. Embebida en el amor a Dios y al pr\u00f3jimo tuvo siempre claro que siendo fugaz la existencia, lo \u00fanico que cabe es pensar en la otra: <\/span><b><i>\u00ab<\/i><\/b><i><span style=\"font-weight: 400\">procurar agradar a Dios nuestro Se\u00f1or y el juicio suyo; lo que \u00fanicamente vale es lo que seamos delante de nuestro Dios<\/span><\/i><b><i>\u00bb<\/i><\/b><i><span style=\"font-weight: 400\">.<\/span><\/i><\/p>\n<p style=\"text-align: justify\"><span style=\"font-weight: 400\">Naci\u00f3 en Madrid, Espa\u00f1a, el 4 de noviembre de 1891. Pertenec\u00eda a una familia aristocr\u00e1tica muy religiosa. Era la cuarta y \u00faltima hija de los marqueses de Pidal. Su padre fue sucesivamente ministro de Fomento<\/span> <span style=\"font-weight: 400\">y embajador de Espa\u00f1a ante la Santa Sede; hab\u00eda actuado a favor de la Iglesia distingui\u00e9ndose por sus iniciativas apost\u00f3licas. Y su madre, igualmente comprometida eclesialmente, estaba emparentada con la m\u00e1s alta nobleza, de modo que Maravillas recibi\u00f3 una excelente educaci\u00f3n. Pertrechada en la fe y finura espiritual que se respiraba en su hogar, dio ejemplo de caridad tratando de paliar las graves carencias de gente que no ten\u00eda medios econ\u00f3micos. <\/span><\/p>\n<p style=\"text-align: justify\"><span style=\"font-weight: 400\">Sus modelos de vida eran dos grandes santos: Teresa de Jes\u00fas y Juan de la Cruz, figuras se\u00f1eras de la Orden carmelita. Con la determinaci\u00f3n a seguir sus pasos, sinti\u00e9ndose profundamente conmovida por el amor de Jesucristo y alentada por su devoci\u00f3n a Mar\u00eda, a los 21 a\u00f1os consagr\u00f3 su castidad en la intimidad. M\u00e1s tarde, el 12 de octubre de 1919 ingres\u00f3 en el convento carmelita de El Escorial; profes\u00f3 en 1921. De su impronta apost\u00f3lica \u2013que eman\u00f3 del sagrario, ante el que oraba sin imponerse l\u00edmite alguno\u2013, surgi\u00f3 la fundaci\u00f3n del Carmelo en el Cerro de los \u00c1ngeles, lugar emblem\u00e1tico y punto neur\u00e1lgico del territorio espa\u00f1ol. All\u00ed se hab\u00eda erigido el monumento en honor del Sagrado Coraz\u00f3n de Jes\u00fas, y Espa\u00f1a fue consagrada a \u00e9l por el monarca Alfonso XIII el 30 de mayo de ese a\u00f1o. <\/span><\/p>\n<p style=\"text-align: justify\"><span style=\"font-weight: 400\">Para iniciar su obra, la santa contaba con la aprobaci\u00f3n del prelado de Madrid-Alcal\u00e1. Con objeto de ocuparse de los preparativos, se instal\u00f3 en Getafe junto a otras religiosas. En 1926 tuvo lugar la apertura del convento, y ella fue elegida priora de la comunidad. R\u00e1pidamente fueron bendecidas con numerosas vocaciones en las que entrevi\u00f3 un signo para continuar extendiendo el Carmelo. Pero en 1936 estall\u00f3 la Guerra Civil, y la comunidad padeci\u00f3 numerosos sobresaltos. <\/span><\/p>\n<p style=\"text-align: justify\"><span style=\"font-weight: 400\">Sin temer a la muerte, en un rasgo de generosidad y valent\u00eda que brotaba de su fe, se hab\u00eda ofrecido heroicamente a P\u00edo XI para defender la imagen del Sagrado Coraz\u00f3n en el caso de que se atentase contra ella. El pont\u00edfice acept\u00f3 su propuesta, pero las monjas fueron detenidas y conducidas a Getafe. Luego, tras un a\u00f1o largo de grandes zozobras soportadas en un piso madrile\u00f1o, se vieron obligadas a abandonar Madrid. En su recorrido llegaron a Lourdes y de all\u00ed al territorio salmantino en 1937. El bell\u00edsimo paraje de las Batuecas, entonces apartado e inh\u00f3spito, fue su morada hasta que en 1939 regresaron al Cerro de los \u00c1ngeles, debiendo restaurar la que hab\u00eda sido su casa antes de la contienda. A lo largo de ese convulso periodo Maravillas hab\u00eda dado testimonio de templanza y fortaleza, infundiendo confianza y alegr\u00eda en su derredor. Asentadas otra vez en el convento, brotaron abundantemente las vocaciones y con ellas la anhelada expansi\u00f3n apost\u00f3lica que se hizo notar en varias provincias espa\u00f1olas y en la India con la apertura de nuevas fundaciones, diez en total, emprendidas por esta santa carmelita.<\/span><\/p>\n<p style=\"text-align: justify\"><span style=\"font-weight: 400\">Espiritualmente fue una ejemplar asceta y es considerada una gran m\u00edstica. Al igual que el elenco de los egregios hombres y mujeres que componen el santoral, la Madre Maravillas vivi\u00f3 heroicamente las virtudes. Se caracteriz\u00f3 por su austeridad. Se abrazo felizmente a la pobreza contribuyendo con su trabajo al sostenimiento de la comunidad. Con los medios econ\u00f3micos que pose\u00eda, entre otras acciones propici\u00f3 la creaci\u00f3n de casas para personas sin recursos, una iglesia y un colegio, coste\u00f3 estudios a seminaristas, puso en marcha una fundaci\u00f3n destinada a religiosas enfermas, adquiriendo tambi\u00e9n una vivienda para su alojamiento en el caso que fuera preciso, etc. Muchas de estas iniciativas las impuls\u00f3 dentro de la clausura del convento salmantino de la Aldehuela, donde muri\u00f3. A ella se debe la existencia de la \u00abAsociaci\u00f3n de Santa Teresa\u00bb que aglutina a los conventos que fund\u00f3. <\/span><\/p>\n<p style=\"text-align: justify\"><span style=\"font-weight: 400\">Amable, discreta, paciente, confiada, dadora de paz, viv\u00eda lejos de s\u00ed, entregada a la oraci\u00f3n y a la penitencia. Ejercitaba la caridad con todos, preocup\u00e1ndose por la m\u00e1s m\u00ednima de sus necesidades. Gran ap\u00f3stol, sol\u00eda decir: <\/span><i><span style=\"font-weight: 400\">\u00abMe abraso en deseos de que las almas vayan a Dios\u00bb<\/span><\/i><span style=\"font-weight: 400\">. La conciencia de su peque\u00f1ez, que le hac\u00eda considerarse \u00abuna nada pecadora\u00bb, da cuenta de su af\u00e1n por la uni\u00f3n plena con Dios: <\/span><i><span style=\"font-weight: 400\">\u00abNo quiero la vida m\u00e1s que para imitar lo m\u00e1s posible la de Cristo\u00bb.<\/span><\/i><span style=\"font-weight: 400\"> Hasta el fin, como hizo en el proceso de su enfermedad, quiso cumplir la voluntad divina. Siempre hab\u00eda dicho a sus hijas: <\/span><i><span style=\"font-weight: 400\">\u00abLo que Dios quiera, como Dios quiera, cuando Dios quiera\u00bb<\/span><\/i><span style=\"font-weight: 400\">. Falleci\u00f3 mientras manifestaba: <\/span><i><span style=\"font-weight: 400\">\u00ab\u00a1Qu\u00e9 felicidad morir carmelita!\u00bb<\/span><\/i><span style=\"font-weight: 400\">, el 11 de diciembre de 1974. Fue beatificada por Juan Pablo II el 10 de mayo de 1998, y canonizada por \u00e9l, el 4 de mayo de 2003.<\/span><\/p>\n<p><span class=\"et_bloom_bottom_trigger\"><\/span><\/p>\n<p><a href=\"https:\/\/es.zenit.org\/\" target=\"_blank\" rel=\"nofollow\">Fuente: es.zenit.org<\/a><\/p>\n","protected":false},"excerpt":{"rendered":"<p>(ZENIT &#8211; Madrid).- Por su reciedumbre personal, espiritual y apost\u00f3lica se han apreciado en Mar\u00eda de las Maravillas de Jes\u00fas Pidal y Chico de Guzm\u00e1n rasgos que tambi\u00e9n caracterizaron a la gran santa castellana, su fundadora y maestra, Teresa de Jes\u00fas. Embebida en el amor a Dios y al pr\u00f3jimo tuvo siempre claro que siendo &hellip; <a href=\"https:\/\/www.biblia.work\/noticias\/santa-maravillas-de-jesus-11-de-diciembre\/\" class=\"more-link\">Continuar leyendo<span class=\"screen-reader-text\"> \u00abSanta Maravillas de Jes\u00fas \u2013 11 de diciembre\u00bb<\/span><\/a><\/p>\n","protected":false},"author":1,"featured_media":0,"comment_status":"open","ping_status":"closed","sticky":false,"template":"","format":"standard","meta":{"footnotes":""},"categories":[1],"tags":[],"class_list":["post-9814","post","type-post","status-publish","format-standard","hentry","category-general"],"_links":{"self":[{"href":"https:\/\/www.biblia.work\/noticias\/wp-json\/wp\/v2\/posts\/9814","targetHints":{"allow":["GET"]}}],"collection":[{"href":"https:\/\/www.biblia.work\/noticias\/wp-json\/wp\/v2\/posts"}],"about":[{"href":"https:\/\/www.biblia.work\/noticias\/wp-json\/wp\/v2\/types\/post"}],"author":[{"embeddable":true,"href":"https:\/\/www.biblia.work\/noticias\/wp-json\/wp\/v2\/users\/1"}],"replies":[{"embeddable":true,"href":"https:\/\/www.biblia.work\/noticias\/wp-json\/wp\/v2\/comments?post=9814"}],"version-history":[{"count":0,"href":"https:\/\/www.biblia.work\/noticias\/wp-json\/wp\/v2\/posts\/9814\/revisions"}],"wp:attachment":[{"href":"https:\/\/www.biblia.work\/noticias\/wp-json\/wp\/v2\/media?parent=9814"}],"wp:term":[{"taxonomy":"category","embeddable":true,"href":"https:\/\/www.biblia.work\/noticias\/wp-json\/wp\/v2\/categories?post=9814"},{"taxonomy":"post_tag","embeddable":true,"href":"https:\/\/www.biblia.work\/noticias\/wp-json\/wp\/v2\/tags?post=9814"}],"curies":[{"name":"wp","href":"https:\/\/api.w.org\/{rel}","templated":true}]}}