{"id":9816,"date":"2016-12-10T15:05:03","date_gmt":"2016-12-10T20:05:03","guid":{"rendered":"http:\/\/www.biblia.work\/noticias\/arzobispo-de-rio-condena-violenta-irrupcion-en-iglesia-durante-manifestacion\/"},"modified":"2016-12-10T15:05:03","modified_gmt":"2016-12-10T20:05:03","slug":"arzobispo-de-rio-condena-violenta-irrupcion-en-iglesia-durante-manifestacion","status":"publish","type":"post","link":"https:\/\/www.biblia.work\/noticias\/arzobispo-de-rio-condena-violenta-irrupcion-en-iglesia-durante-manifestacion\/","title":{"rendered":"Arzobispo de R\u00edo condena violenta irrupci\u00f3n en iglesia durante manifestaci\u00f3n"},"content":{"rendered":"<p> R\u00cdO DE JANEIRO, 10 Dic. 16 (ACI).-<br \/>\n\tEl Cardenal Orani Jo&atilde;o Tempesta, Arzobispo de R&iacute;o de Janeiro (Brasil), conden&oacute; la irrupci&oacute;n de un grupo de polic&iacute;as a la Iglesia de San Jos&eacute;, en el centro de la ciudad, para contener una violenta manifestaci&oacute;n.<\/p>\n<p style=\"text-align: justify\">\n\tEsta protesta tuvo lugar el 6 de diciembre frente a la Asamblea Legislativa de R&iacute;o Janeiro (Alerj) en el marco de la votaci&oacute;n del gobierno estatal sobre el paquete de ajuste fiscal. La situaci&oacute;n degener&oacute; y termin&oacute; en un enfrentamiento violento entre manifestantes y la polic&iacute;a.<\/p>\n<p style=\"text-align: justify\">\n\t\tGoverno se desculpa pela invas&atilde;o da Igreja de S&atilde;o Jos&eacute; por PMs https:\/\/t.co\/XpNe32eUka pic.twitter.com\/phLy1Tp9bp<\/p>\n<p>\t&mdash; Not&iacute;ciasHojeRJ (@NoticiasHojeRJ) 8 de diciembre de 2016<\/p>\n<p style=\"text-align: justify\">\n\tLa Hermandad del Glorioso Patriarca San Jos&eacute;, que se encarga de cuidar la iglesia, cont&oacute; a trav&eacute;s de un comunicado que ante las manifestaciones siempre toman la precauci&oacute;n, muy a su pesar, de cerrar las puertas y ventanas.<\/p>\n<p style=\"text-align: justify\">\n\tEse d&iacute;a, &ldquo;la tropa de la Polic&iacute;a Militar (PM) irrumpi&oacute; en la iglesia a trav&eacute;s de la puerta de los fundos, del acceso de los empleados, subieron por las escaleras al segundo piso y desde all&iacute; comenzaron a tirar bombas de gas lacrim&oacute;geno, de efecto paralizante y gas pimienta&rdquo;, narraron.<\/p>\n<p style=\"text-align: justify\">\n\tLa Hermandad indic&oacute; que en respuesta &ldquo;los manifestantes comenzaron a arrojar piedras a nuestro santuario de 410 a&ntilde;os&rdquo;.<\/p>\n<p style=\"text-align: justify\">\n\tPor su parte, la Arquidi&oacute;cesis de R&iacute;o de Janeiro, inform&oacute; a trav&eacute;s de su sitio web que el comandante general de la Polic&iacute;a Militar del Estado de R&iacute;o de Janeiro (PMERJ), el coronel Wolney Dias Ferreira, y el vocero de la PM, el mayor Iv&aacute;n Blaz, fueron a reunirse con el Cardenal Tempesta para esclarecer lo ocurrido y pedir disculpas por la invasi&oacute;n a la Iglesia.<\/p>\n<p style=\"text-align: justify\">\n\tEn el encuentro tambi&eacute;n estuvieron presentes el Obispo Auxiliar de la Arquidi&oacute;cesis de R&iacute;o, Mons.Luiz Henrique da Silva Brito, y un miembro de la Hermandad del Glorioso Patriarca San Jos&eacute;, Gary Bon-Ali.<\/p>\n<p style=\"text-align: justify\">\n\tEl coronel Ferreira manifest&oacute; en la reuni&oacute;n que la PM considera &ldquo;lamentable que un templo sagrado haya sido invadido&rdquo; y dijo que est&aacute;n haciendo todo lo posible para que un episodio como ese no se vuelva a repetir.<\/p>\n<p style=\"text-align: justify\">\n\tDespu&eacute;s de la reuni&oacute;n, la Arquidi&oacute;cesis afirm&oacute; que &ldquo;espera una manifestaci&oacute;n formal de la PMERJ y sugirieron que haya m&aacute;s empe&ntilde;o y agilidad a&uacute;n mayores a los que tienen responsabilidad directa para que haya una soluci&oacute;n&rdquo;.<\/p>\n<p style=\"text-align: justify\">\n\tTambi&eacute;n pidieron a todos los ciudadanos que &ldquo;la manifestaci&oacute;n de las angustias, de hecho tan grandes, sea siempre realizada de forma pac&iacute;fica, construyendo puentes de di&aacute;logo&rdquo;.<\/p>\n<p style=\"text-align: justify\">\n\tLa Arquidi&oacute;cesis reiter&oacute; que &ldquo;la Iglesia, como templo dedicado a Dios, es un lugar privilegiado de encuentro y de acogida a los que sufren y que all&iacute; buscan abrigo&rdquo;.<\/p>\n<p style=\"text-align: justify\">\n\tRespecto a la situaci&oacute;n de inseguridad y crisis que se vive en el estado de R&iacute;o de Janeiro, recordaron que &ldquo;el recurso de la violencia nunca es la soluci&oacute;n. Las soluciones efectivas surgen de la solidaridad, el di&aacute;logo y el sacrificio&rdquo;.<\/p>\n<p style=\"text-align: justify\">\n\tTraducido por Mar&iacute;a Ximena Rond&oacute;n. Publicado originalmente en ACI Digital.<\/p>\n<p style=\"text-align: justify\">\n\tTambi&eacute;n te puede interesar:<\/p>\n<p style=\"text-align: justify\">\n\t\tEx Femen hizo huelga de hambre en protesta contra despenalizaci&oacute;n del aborto en Brasil https:\/\/t.co\/22YrnyDhBL<\/p>\n<p>\t&mdash; ACI Prensa (@aciprensa) 8 de diciembre de 2016<\/p>\n","protected":false},"excerpt":{"rendered":"<p>R\u00cdO DE JANEIRO, 10 Dic. 16 (ACI).- El Cardenal Orani Jo&atilde;o Tempesta, Arzobispo de R&iacute;o de Janeiro (Brasil), conden&oacute; la irrupci&oacute;n de un grupo de polic&iacute;as a la Iglesia de San Jos&eacute;, en el centro de la ciudad, para contener una violenta manifestaci&oacute;n. Esta protesta tuvo lugar el 6 de diciembre frente a la Asamblea &hellip; <a href=\"https:\/\/www.biblia.work\/noticias\/arzobispo-de-rio-condena-violenta-irrupcion-en-iglesia-durante-manifestacion\/\" class=\"more-link\">Continuar leyendo<span class=\"screen-reader-text\"> \u00abArzobispo de R\u00edo condena violenta irrupci\u00f3n en iglesia durante manifestaci\u00f3n\u00bb<\/span><\/a><\/p>\n","protected":false},"author":1,"featured_media":0,"comment_status":"open","ping_status":"closed","sticky":false,"template":"","format":"standard","meta":{"footnotes":""},"categories":[1],"tags":[],"class_list":["post-9816","post","type-post","status-publish","format-standard","hentry","category-general"],"_links":{"self":[{"href":"https:\/\/www.biblia.work\/noticias\/wp-json\/wp\/v2\/posts\/9816","targetHints":{"allow":["GET"]}}],"collection":[{"href":"https:\/\/www.biblia.work\/noticias\/wp-json\/wp\/v2\/posts"}],"about":[{"href":"https:\/\/www.biblia.work\/noticias\/wp-json\/wp\/v2\/types\/post"}],"author":[{"embeddable":true,"href":"https:\/\/www.biblia.work\/noticias\/wp-json\/wp\/v2\/users\/1"}],"replies":[{"embeddable":true,"href":"https:\/\/www.biblia.work\/noticias\/wp-json\/wp\/v2\/comments?post=9816"}],"version-history":[{"count":0,"href":"https:\/\/www.biblia.work\/noticias\/wp-json\/wp\/v2\/posts\/9816\/revisions"}],"wp:attachment":[{"href":"https:\/\/www.biblia.work\/noticias\/wp-json\/wp\/v2\/media?parent=9816"}],"wp:term":[{"taxonomy":"category","embeddable":true,"href":"https:\/\/www.biblia.work\/noticias\/wp-json\/wp\/v2\/categories?post=9816"},{"taxonomy":"post_tag","embeddable":true,"href":"https:\/\/www.biblia.work\/noticias\/wp-json\/wp\/v2\/tags?post=9816"}],"curies":[{"name":"wp","href":"https:\/\/api.w.org\/{rel}","templated":true}]}}