{"id":9820,"date":"2016-12-10T19:05:02","date_gmt":"2016-12-11T00:05:02","guid":{"rendered":"http:\/\/www.biblia.work\/noticias\/joven-concebida-en-una-violacion-aborto-jamas-sera-solucion-para-victimas\/"},"modified":"2016-12-10T19:05:02","modified_gmt":"2016-12-11T00:05:02","slug":"joven-concebida-en-una-violacion-aborto-jamas-sera-solucion-para-victimas","status":"publish","type":"post","link":"https:\/\/www.biblia.work\/noticias\/joven-concebida-en-una-violacion-aborto-jamas-sera-solucion-para-victimas\/","title":{"rendered":"Joven concebida en una violaci\u00f3n: Aborto jam\u00e1s ser\u00e1 soluci\u00f3n para v\u00edctimas"},"content":{"rendered":"<p> REDACCI\u00d3N CENTRAL, 10 Dic. 16 (ACI).-<br \/>\n\tBethany, de 19 a&ntilde;os, fue concebida en una violaci&oacute;n. Hoy comparte su testimonio y asegura que el aborto jam&aacute;s ser&aacute; una soluci&oacute;n para las v&iacute;ctimas de la violencia sexual. &ldquo;Al contrario &ndash;advierte&ndash; va a empeorar su estado emocional&rdquo;.<\/p>\n<p style=\"text-align: justify\">\n\t&ldquo;Cuando ten&iacute;a unos 8-10 a&ntilde;os me enter&eacute; de que fui producto de una violaci&oacute;n&rdquo;, recuerda la joven, en un testimonio publicado en el sitio web Salvar El 1.<\/p>\n<p style=\"text-align: justify\">\n\t&ldquo;A esa tierna edad, yo no comprend&iacute;a qu&eacute; significaba eso, sin embargo, crec&iacute; y mi madre me cont&oacute; su experiencia&rdquo;.<\/p>\n<p style=\"text-align: justify\">\n\tBethany se&ntilde;ala que su madre, a sus 23 a&ntilde;os, &ldquo;trabajaba en la empresa de mi padre y un d&iacute;a mi padre la drog&oacute; y la viol&oacute;&rdquo;.<\/p>\n<p style=\"text-align: justify\">\n\t&ldquo;Meses despu&eacute;s, se dio cuenta de que estaba embarazada. Se sent&iacute;a sucia y cay&oacute; en depresi&oacute;n, se quer&iacute;a suicidar&rdquo;, lamenta.<\/p>\n<p style=\"text-align: justify\">\n\tSin embargo, subraya, por la cabeza de su madre &ldquo;nunca pas&oacute; abortar ya que dijo que yo no ten&iacute;a la culpa&rdquo;.<\/p>\n<p style=\"text-align: justify\">\n\t&ldquo;Cuando mi abuela se enter&oacute; de que estaba embarazada ni siquiera le dej&oacute; explicar lo que le sucedi&oacute; y la ech&oacute; de casa. Meses despu&eacute;s ella volvi&oacute; y decidieron aceptarla en casa de nuevo. Tuvo momentos muy tristes y dif&iacute;ciles, sin embargo, nunca se rindi&oacute;&rdquo;.<\/p>\n<p style=\"text-align: justify\">\n\tLa joven se&ntilde;ala que su nacimiento alegr&oacute; la vida de su madre.<\/p>\n<p style=\"text-align: justify\">\n\t&ldquo;Ella dice que fui, desde ese momento, la fuerza, su raz&oacute;n de vivir. Ella luch&oacute; para criarme sola, a pesar de las cr&iacute;ticas y el dolor, ella fue una guerrera&rdquo;.<\/p>\n<p style=\"text-align: justify\">\n\tEl tiempo fue pasando, recuerda, y &ldquo;diez a&ntilde;os despu&eacute;s de mi nacimiento comprendi&oacute; que el odiar a su agresor solo le da&ntilde;aba su coraz&oacute;n y decidi&oacute; perdonar a mi padre&rdquo;.<\/p>\n<p style=\"text-align: justify\">\n\t&ldquo;Yo conozco a mi padre y a veces hablo con &eacute;l, no tengo rencor alguno hacia &eacute;l ni mi madre tampoco&rdquo;, asegura.<\/p>\n<p style=\"text-align: justify\">\n\tBethany se&ntilde;ala que ella, &ldquo;como cualquier otra persona, tengo los mismos derechos en esta vida y no por ser producto de una violaci&oacute;n me he sentido menos&rdquo;.<\/p>\n<p style=\"text-align: justify\">\n\t&ldquo;Le agradezco a mi madre que me diera esa oportunidad de vivir y gracias a la decisi&oacute;n &nbsp;de tenerme estoy aqu&iacute;, disfrutando de la vida, experimentando cosas nuevas, alcanzando metas y realiz&aacute;ndome como profesional&rdquo;.<\/p>\n<p style=\"text-align: justify\">\n\tLa joven reconoce que &ldquo;puede ser duro ser v&iacute;ctima de una violaci&oacute;n pero siempre tengan presente que el aborto jam&aacute;s va a solucionarlo, al contrario, va a empeorar su estado emocional&rdquo;.<\/p>\n<p style=\"text-align: justify\">\n\t&ldquo;Piensen que ese peque&ntilde;o ser inocente no solo es parte del violador sino parte tuya tambi&eacute;n, y al matar a ese peque&ntilde;o ser matas a generaciones venideras&rdquo;, se&ntilde;ala.<\/p>\n<p style=\"text-align: justify\">\n\t&ldquo;Todos tenemos el mismo derecho. El derecho a la vida&rdquo;, concluye la joven.<\/p>\n<p style=\"text-align: justify\">\n\tTambi&eacute;n te puede interesar:<\/p>\n<p style=\"text-align: justify\">\n\t\tJoven madre que dijo no al aborto tras violaci&oacute;n: Matar al beb&eacute; no te sanar&aacute; https:\/\/t.co\/gXYNfA2es4<\/p>\n<p>\t&mdash; ACI Prensa (@aciprensa) 18 de enero de 2016<\/p>\n","protected":false},"excerpt":{"rendered":"<p>REDACCI\u00d3N CENTRAL, 10 Dic. 16 (ACI).- Bethany, de 19 a&ntilde;os, fue concebida en una violaci&oacute;n. Hoy comparte su testimonio y asegura que el aborto jam&aacute;s ser&aacute; una soluci&oacute;n para las v&iacute;ctimas de la violencia sexual. &ldquo;Al contrario &ndash;advierte&ndash; va a empeorar su estado emocional&rdquo;. &ldquo;Cuando ten&iacute;a unos 8-10 a&ntilde;os me enter&eacute; de que fui producto &hellip; <a href=\"https:\/\/www.biblia.work\/noticias\/joven-concebida-en-una-violacion-aborto-jamas-sera-solucion-para-victimas\/\" class=\"more-link\">Continuar leyendo<span class=\"screen-reader-text\"> \u00abJoven concebida en una violaci\u00f3n: Aborto jam\u00e1s ser\u00e1 soluci\u00f3n para v\u00edctimas\u00bb<\/span><\/a><\/p>\n","protected":false},"author":1,"featured_media":0,"comment_status":"open","ping_status":"closed","sticky":false,"template":"","format":"standard","meta":{"footnotes":""},"categories":[1],"tags":[],"class_list":["post-9820","post","type-post","status-publish","format-standard","hentry","category-general"],"_links":{"self":[{"href":"https:\/\/www.biblia.work\/noticias\/wp-json\/wp\/v2\/posts\/9820","targetHints":{"allow":["GET"]}}],"collection":[{"href":"https:\/\/www.biblia.work\/noticias\/wp-json\/wp\/v2\/posts"}],"about":[{"href":"https:\/\/www.biblia.work\/noticias\/wp-json\/wp\/v2\/types\/post"}],"author":[{"embeddable":true,"href":"https:\/\/www.biblia.work\/noticias\/wp-json\/wp\/v2\/users\/1"}],"replies":[{"embeddable":true,"href":"https:\/\/www.biblia.work\/noticias\/wp-json\/wp\/v2\/comments?post=9820"}],"version-history":[{"count":0,"href":"https:\/\/www.biblia.work\/noticias\/wp-json\/wp\/v2\/posts\/9820\/revisions"}],"wp:attachment":[{"href":"https:\/\/www.biblia.work\/noticias\/wp-json\/wp\/v2\/media?parent=9820"}],"wp:term":[{"taxonomy":"category","embeddable":true,"href":"https:\/\/www.biblia.work\/noticias\/wp-json\/wp\/v2\/categories?post=9820"},{"taxonomy":"post_tag","embeddable":true,"href":"https:\/\/www.biblia.work\/noticias\/wp-json\/wp\/v2\/tags?post=9820"}],"curies":[{"name":"wp","href":"https:\/\/api.w.org\/{rel}","templated":true}]}}