{"id":9825,"date":"2016-12-11T06:40:05","date_gmt":"2016-12-11T11:40:05","guid":{"rendered":"http:\/\/www.biblia.work\/noticias\/se-trata-de-la-alegria-mas-autentica-a-la-que-estamos-llamados-a-redescubrir-el-sabor-expreso-el-papa-en-el-angelus\/"},"modified":"2016-12-11T06:40:05","modified_gmt":"2016-12-11T11:40:05","slug":"se-trata-de-la-alegria-mas-autentica-a-la-que-estamos-llamados-a-redescubrir-el-sabor-expreso-el-papa-en-el-angelus","status":"publish","type":"post","link":"https:\/\/www.biblia.work\/noticias\/se-trata-de-la-alegria-mas-autentica-a-la-que-estamos-llamados-a-redescubrir-el-sabor-expreso-el-papa-en-el-angelus\/","title":{"rendered":"Se trata de la alegr\u00eda m\u00e1s aut\u00e9ntica, a la que estamos llamados a redescubrir el sabor, expres\u00f3 el Papa en el \u00c1ngelus"},"content":{"rendered":"<p> <img src='http:\/\/media02.radiovaticana.va\/photo\/2016\/10\/23\/ANSA1092876_Thumbnail.jpg' alt='' align='left' hspace='5'> <\/p>\n<p><span style=\"line-height: 1.6\">(RV).-&nbsp;Tras rezar la oraci&oacute;n mariana del <strong>&Aacute;ngelus<\/strong> en el tercer domingo de Adviento, el Papa Francisco hizo un apremiante llamamiento dirigido al mundo entero, apelando a optar por una &laquo;elecci&oacute;n de civismo&raquo;, despertando la <strong>conciencia ciudadana<\/strong> ante la terrible situaci&oacute;n de guerra y violencia que sufren los hermanos de Alepo en Siria, tras padecer a&ntilde;os de un conflicto b&eacute;lico que se ha cobrado ya la vida de cientos de miles de personas inocentes.&nbsp;<\/span><\/p>\n<p><strong><span style=\"line-height: 1.6\">Llamamiento del Papa despu&eacute;s de rezar la oraci&oacute;n del &Aacute;ngelus<\/span><\/strong><\/p>\n<p><span style=\"line-height: 1.6\">&laquo;Queridos hermanos y hermanas:<\/span><\/p>\n<p><span style=\"line-height: 1.6\">Cada d&iacute;a tengo presente, sobre todo en la oraci&oacute;n, a las personas de Alepo. No hay que olvidar que Alepo es una ciudad y que all&iacute; hay gente: familias, ni&ntilde;os, personas mayores, enfermas&#8230; Por desgracia ya estamos acostumbrados a la guerra, a la destrucci&oacute;n, pero no debemos olvidar que Siria es un pa&iacute;s lleno de historia, cultura y fe. No podemos aceptar que esto sea negado por la guerra, que es un c&uacute;mulo de abusos y de falsedad. Hago un llamamiento a todo el mundo para que se lleve a cabo una elecci&oacute;n de civismo: no a la destrucci&oacute;n, s&iacute; a la paz, s&iacute; a la gente de Alepo y de Siria. Y rezamos tambi&eacute;n por las v&iacute;ctimas de algunos recientes atentados terroritas que en las &uacute;ltimas horas han conmocionado a varios pa&iacute;ses. Diversos son los lugares, pero desgraciadamente &uacute;nica es la violencia que origina muerte y destrucci&oacute;n, como tambi&eacute;n es &uacute;nica la respuesta frente a ella: fe en Dios y unidad en los valores humanos y civiles. Deseo expresar mi cercan&iacute;a particular a mi querido hermano Papa Tawadros II y a su comunidad, rezando por los muertos y los heridos&raquo;.<\/span><\/p>\n<p><span style=\"line-height: 1.6\">Un pensamiento especial del Santo Padre al finalizar la oraci&oacute;n mariana, fue para los nuevos Beatos de Laos.<\/span><\/p>\n<p><span style=\"line-height: 1.6\">&laquo;Hoy d&iacute;a, en Vientiane, Laos, se proclam&oacute; Beato a <strong>Mario Borzaga<\/strong>, sacerdote de los Misioneros Oblatos de Mar&iacute;a, a <strong>Paolo Thoj Xyooj<\/strong>, fiel laico catequista y a catorce <strong>compa&ntilde;eros asesinado<\/strong>s por odio a la fe. Que su heroica fidelidad a Cristo sea aliento y ejemplo para los misioneros y especialmente los catequistas, que en tierras de misi&oacute;n desempe&ntilde;an una valiosa e insustituible labor apost&oacute;lica, por la cual toda la Iglesia les est&aacute; agradecida. Y pensemos en nuestros catequistas: tanto trabajo que hacen, &iexcl;un trabajo tan hermoso! Ser catequista es una cosa bell&iacute;sima: es llevar el mensaje del Se&ntilde;or para que crezca en nosotros. As&iacute; que, un aplauso para los catequistas, para todos&raquo;.<\/span><\/p>\n<p><span style=\"line-height: 1.6\">Como de costumbre el Obispo de Roma salud&oacute; a los numerosos <strong>peregrinos<\/strong> llegados a la Plaza de San Pedro, especialmente a los ni&ntilde;os y j&oacute;venes que acudieron para la bendici&oacute;n del &ldquo;Ni&ntilde;o Jes&uacute;s&rdquo;.<\/span><\/p>\n<p><span style=\"line-height: 1.6\">&laquo;Saludo con afecto a todos ustedes, queridos peregrinos de diferentes pa&iacute;ses. Hoy el primer saludo es reservado para los ni&ntilde;os y j&oacute;venes en Roma que han llegado para la tradicional bendici&oacute;n del &quot;Ni&ntilde;o Jes&uacute;s&quot;, organizada por los oratorios parroquiales y las escuelas cat&oacute;licas de Roma. Queridos ni&ntilde;os cuando recen delante de sus pesebres junto a sus padres, p&iacute;danle al Ni&ntilde;o Jes&uacute;s que ayude a todos a amar a Dios y al pr&oacute;jimo. Y acu&eacute;rdense de rezar tambi&eacute;n por m&iacute;, como yo me acuerdo de ustedes. Gracias.&nbsp;<\/span><span style=\"line-height: 1.6\">Saludo a los profesores de la Universidad Cat&oacute;lica de Sydney, el&nbsp; Coro Mosteiro de Grij&oacute; en Portugal y a los fieles de Barbianello y Campobasso.&nbsp;Les deseo un buen domingo. Y no se olviden de rezar por m&iacute;. Y querr&iacute;a decir una cosa a los ni&ntilde;os y a los j&oacute;venes: queremos escuchar una canci&oacute;n suya. &iexcl;Hasta pronto y buen almuerzo! &#8230; canten&#8230;&raquo;.<\/span><\/p>\n<p><span style=\"line-height: 1.6\">(SL-RV)<\/span><\/p>\n<p><a target=\"_blank\" rel=\"nofollow\" href=\"http:\/\/es.radiovaticana.va\/news\/francisco\/audiencias-catequesis-y-%C3%A1ngelus\">Haz click<\/a> para leer los &Aacute;ngelus anteriores traducidos por <strong>Radio Vaticana en espa&ntilde;ol<\/strong>.<\/p>\n<p><a href=\"http:\/\/es.radiovaticana.va\" target=\"_blank\" rel=\"nofollow\">Fuente: es.radiovaticana.va<\/a><\/p>\n","protected":false},"excerpt":{"rendered":"<p>(RV).-&nbsp;Tras rezar la oraci&oacute;n mariana del &Aacute;ngelus en el tercer domingo de Adviento, el Papa Francisco hizo un apremiante llamamiento dirigido al mundo entero, apelando a optar por una &laquo;elecci&oacute;n de civismo&raquo;, despertando la conciencia ciudadana ante la terrible situaci&oacute;n de guerra y violencia que sufren los hermanos de Alepo en Siria, tras padecer a&ntilde;os &hellip; <a href=\"https:\/\/www.biblia.work\/noticias\/se-trata-de-la-alegria-mas-autentica-a-la-que-estamos-llamados-a-redescubrir-el-sabor-expreso-el-papa-en-el-angelus\/\" class=\"more-link\">Continuar leyendo<span class=\"screen-reader-text\"> \u00abSe trata de la alegr\u00eda m\u00e1s aut\u00e9ntica, a la que estamos llamados a redescubrir el sabor, expres\u00f3 el Papa en el \u00c1ngelus\u00bb<\/span><\/a><\/p>\n","protected":false},"author":1,"featured_media":0,"comment_status":"open","ping_status":"closed","sticky":false,"template":"","format":"standard","meta":{"footnotes":""},"categories":[1],"tags":[],"class_list":["post-9825","post","type-post","status-publish","format-standard","hentry","category-general"],"_links":{"self":[{"href":"https:\/\/www.biblia.work\/noticias\/wp-json\/wp\/v2\/posts\/9825","targetHints":{"allow":["GET"]}}],"collection":[{"href":"https:\/\/www.biblia.work\/noticias\/wp-json\/wp\/v2\/posts"}],"about":[{"href":"https:\/\/www.biblia.work\/noticias\/wp-json\/wp\/v2\/types\/post"}],"author":[{"embeddable":true,"href":"https:\/\/www.biblia.work\/noticias\/wp-json\/wp\/v2\/users\/1"}],"replies":[{"embeddable":true,"href":"https:\/\/www.biblia.work\/noticias\/wp-json\/wp\/v2\/comments?post=9825"}],"version-history":[{"count":0,"href":"https:\/\/www.biblia.work\/noticias\/wp-json\/wp\/v2\/posts\/9825\/revisions"}],"wp:attachment":[{"href":"https:\/\/www.biblia.work\/noticias\/wp-json\/wp\/v2\/media?parent=9825"}],"wp:term":[{"taxonomy":"category","embeddable":true,"href":"https:\/\/www.biblia.work\/noticias\/wp-json\/wp\/v2\/categories?post=9825"},{"taxonomy":"post_tag","embeddable":true,"href":"https:\/\/www.biblia.work\/noticias\/wp-json\/wp\/v2\/tags?post=9825"}],"curies":[{"name":"wp","href":"https:\/\/api.w.org\/{rel}","templated":true}]}}