{"id":9827,"date":"2016-12-11T07:05:02","date_gmt":"2016-12-11T12:05:02","guid":{"rendered":"http:\/\/www.biblia.work\/noticias\/el-papa-francisco-explica-cual-es-la-verdadera-razon-de-la-alegria-de-la-navidad\/"},"modified":"2016-12-11T07:05:02","modified_gmt":"2016-12-11T12:05:02","slug":"el-papa-francisco-explica-cual-es-la-verdadera-razon-de-la-alegria-de-la-navidad","status":"publish","type":"post","link":"https:\/\/www.biblia.work\/noticias\/el-papa-francisco-explica-cual-es-la-verdadera-razon-de-la-alegria-de-la-navidad\/","title":{"rendered":"El Papa Francisco explica cu\u00e1l es la verdadera raz\u00f3n de la alegr\u00eda de la Navidad"},"content":{"rendered":"<p> VATICANO, 11 Dic. 16 (ACI).-<br \/>\n\tEn el rezo del &Aacute;ngelus del domingo en la plaza de San Pedro, en el Vaticano, el Papa Francisco invit&oacute; a todos los cristianos a estar alegres por el pr&oacute;ximo nacimiento de Jes&uacute;s, pues nos trae la salvaci&oacute;n de la esclavitud del pecado.<\/p>\n<p style=\"text-align: justify\">\n\t&ldquo;La salvaci&oacute;n, tra&iacute;da por Jes&uacute;s, llega a todo ser humano y lo regenera &ndash;se&ntilde;al&oacute; Francisco&ndash;. Dios entr&oacute; en la historia para la liberaci&oacute;n de la esclavitud del pecado. Coloc&oacute; su tienda en medio de nosotros para formar parte de nuestras vidas, sanar nuestras heridas y darnos una vida nueva&rdquo;.<\/p>\n<p style=\"text-align: justify\">\n\t&ldquo;La alegr&iacute;a es el fruto de esta intervenci&oacute;n de la salvaci&oacute;n y del amor de Dios en nuestras vidas&rdquo;, resalt&oacute;.<\/p>\n<p style=\"text-align: justify\">\n\tEl Santo Padre se&ntilde;al&oacute; que &ldquo;estamos llamados a participar del sentimiento de j&uacute;bilo, de la que se llena la liturgia de hoy por la venida del Se&ntilde;or como un liberador a nuestras vidas. Es &Eacute;l quien nos muestra el camino de la fidelidad, de la paciencia, de la perseverancia, para que, con su regreso, nuestra alegr&iacute;a sea completa&rdquo;.<\/p>\n<p style=\"text-align: justify\">\n\tEl Santo Padre record&oacute; que estamos en el tercer domingo de Adviento, &ldquo;caracterizado por la invitaci&oacute;n de san Pablo en su Carta a los Filipenses: &lsquo;Regocijaos siempre en el Se&ntilde;or. Os lo repito, regocijaos. El Se&ntilde;or est&aacute; cerca&rsquo;&rdquo;.<\/p>\n<p style=\"text-align: justify\">\n\tEl Papa explic&oacute; que &ldquo;no se trata de una alegr&iacute;a superficial o puramente emotiva, ni tampoco es una alegr&iacute;a mundana como la que da el consumismo&rdquo;.<\/p>\n<p style=\"text-align: justify\">\n\t&ldquo;Se trata de una alegr&iacute;a m&aacute;s aut&eacute;ntica, de la cual estamos llamados a redescubrir su sabor. Es una alegr&iacute;a que toca lo &iacute;ntimo de nuestro ser, mientras esperamos a Aquel que ya ha venido a traer la salvaci&oacute;n al mundo, el Mes&iacute;as prometido, nacido en Bel&eacute;n de la Virgen Mar&iacute;a&rdquo;.<\/p>\n<p style=\"text-align: justify\">\n\tEl Obispo de Roma destac&oacute; que los signos de la llegada de la Navidad &ldquo;son evidentes en nuestras calles y en nuestras casas. Aqu&iacute;, en la plaza, tenemos el pesebre y el &aacute;rbol. Estos signos externos nos invitan a acoger al Se&ntilde;or, que siempre viene y llama a nuestra puerta. Nos invitan a reconocer sus pasos en los de nuestros hermanos que pasan junto a nosotros, sobre todo de los m&aacute;s d&eacute;biles y necesitados&rdquo;.<\/p>\n<p style=\"text-align: justify\">\n\t&ldquo;Hoy se nos invita a regocijarnos en la inminente venida de nuestro Redentor, y estamos llamados a compartir esta alegr&iacute;a con los dem&aacute;s, dar consuelo y esperanza a los pobres, a los enfermos, a las personas que est&aacute;n solas y a la gente infeliz&rdquo;, finaliz&oacute;.<\/p>\n<p style=\"text-align: justify\">\n\tTambi&eacute;n te puede interesar:<\/p>\n<p style=\"text-align: justify\">\n\t\tCelebraci&oacute;n o liturgia familiar para el tercer domingo de Adviento https:\/\/t.co\/BsYWkZblpT<\/p>\n<p>\t&mdash; ACI Prensa (@aciprensa) 11 de diciembre de 2016<\/p>\n","protected":false},"excerpt":{"rendered":"<p>VATICANO, 11 Dic. 16 (ACI).- En el rezo del &Aacute;ngelus del domingo en la plaza de San Pedro, en el Vaticano, el Papa Francisco invit&oacute; a todos los cristianos a estar alegres por el pr&oacute;ximo nacimiento de Jes&uacute;s, pues nos trae la salvaci&oacute;n de la esclavitud del pecado. &ldquo;La salvaci&oacute;n, tra&iacute;da por Jes&uacute;s, llega a &hellip; <a href=\"https:\/\/www.biblia.work\/noticias\/el-papa-francisco-explica-cual-es-la-verdadera-razon-de-la-alegria-de-la-navidad\/\" class=\"more-link\">Continuar leyendo<span class=\"screen-reader-text\"> \u00abEl Papa Francisco explica cu\u00e1l es la verdadera raz\u00f3n de la alegr\u00eda de la Navidad\u00bb<\/span><\/a><\/p>\n","protected":false},"author":1,"featured_media":0,"comment_status":"open","ping_status":"closed","sticky":false,"template":"","format":"standard","meta":{"footnotes":""},"categories":[1],"tags":[],"class_list":["post-9827","post","type-post","status-publish","format-standard","hentry","category-general"],"_links":{"self":[{"href":"https:\/\/www.biblia.work\/noticias\/wp-json\/wp\/v2\/posts\/9827","targetHints":{"allow":["GET"]}}],"collection":[{"href":"https:\/\/www.biblia.work\/noticias\/wp-json\/wp\/v2\/posts"}],"about":[{"href":"https:\/\/www.biblia.work\/noticias\/wp-json\/wp\/v2\/types\/post"}],"author":[{"embeddable":true,"href":"https:\/\/www.biblia.work\/noticias\/wp-json\/wp\/v2\/users\/1"}],"replies":[{"embeddable":true,"href":"https:\/\/www.biblia.work\/noticias\/wp-json\/wp\/v2\/comments?post=9827"}],"version-history":[{"count":0,"href":"https:\/\/www.biblia.work\/noticias\/wp-json\/wp\/v2\/posts\/9827\/revisions"}],"wp:attachment":[{"href":"https:\/\/www.biblia.work\/noticias\/wp-json\/wp\/v2\/media?parent=9827"}],"wp:term":[{"taxonomy":"category","embeddable":true,"href":"https:\/\/www.biblia.work\/noticias\/wp-json\/wp\/v2\/categories?post=9827"},{"taxonomy":"post_tag","embeddable":true,"href":"https:\/\/www.biblia.work\/noticias\/wp-json\/wp\/v2\/tags?post=9827"}],"curies":[{"name":"wp","href":"https:\/\/api.w.org\/{rel}","templated":true}]}}