{"id":9828,"date":"2016-12-11T07:15:02","date_gmt":"2016-12-11T12:15:02","guid":{"rendered":"http:\/\/www.biblia.work\/noticias\/texto-completo-del-papa-francisco-en-el-angelus-del-11-de-diciembre-de-2016\/"},"modified":"2016-12-11T07:15:02","modified_gmt":"2016-12-11T12:15:02","slug":"texto-completo-del-papa-francisco-en-el-angelus-del-11-de-diciembre-de-2016","status":"publish","type":"post","link":"https:\/\/www.biblia.work\/noticias\/texto-completo-del-papa-francisco-en-el-angelus-del-11-de-diciembre-de-2016\/","title":{"rendered":"Texto completo del papa Francisco en el \u00e1ngelus del 11 de diciembre de 2016"},"content":{"rendered":"<p style=\"text-align: justify\"><span style=\"font-weight: 400\">(ZENIT &#8211; Ciudad del Vaticano).- El papa Francisco, como cada domingo, ha rezado el \u00e1ngelus desde la ventana del Palacio Apost\u00f3lico, acompa\u00f1ado por los fieles reunidos en la plaza de San Pedro, en este tercer domingo de adviento. <\/span><\/p>\n<p style=\"text-align: justify\"><span style=\"font-weight: 400\">Estas son las palabras del Papa para introducir la oraci\u00f3n mariana: \u00a0<\/span><\/p>\n<p style=\"text-align: justify\"><span style=\"font-weight: 400\">Queridos hermanos y hermanas, \u00a1buenos d\u00edas!<\/span><\/p>\n<p style=\"text-align: justify\"><span style=\"font-weight: 400\">Hoy celebramos el tercer domingo de adviento, caracterizado por la invitaci\u00f3n de san Pablo: \u201c<\/span><span style=\"font-weight: 400\">Al\u00e9grense siempre en el Se\u00f1or. Vuelvo a insistir, al\u00e9grense. El Se\u00f1or est\u00e1 cerca\u201d<\/span><span style=\"font-weight: 400\"> (Fil 4, 4-5). No es una alegr\u00eda superficial o puramente emotiva a la que nos exhorta el ap\u00f3stol. Y tampoco esa mundana o esa alegr\u00eda del consumismo, no no es esa. Se trata de una alegr\u00eda m\u00e1s aut\u00e9ntica, de la que estamos llamados a redescubrir el sabor, el sabor de la verdadera alegr\u00eda. Es una alegr\u00eda que toca la intimidad de nuestro ser, mientras que esperamos a Jes\u00fas, que ya ha venido a traer la salvaci\u00f3n al mundo, el Mes\u00edas prometido, nacido en Bel\u00e9n de la Virgen Mar\u00eda. La liturgia de la Palabra nos ofrece el contexto adecuado para comprender y vivir esta alegr\u00eda. Isa\u00edas habla de desierto, de tierra \u00e1rida, de estepa (cfr 35,1); el profeta tiene delante de s\u00ed manos d\u00e9biles, rodillas vacilante, corazones perdidos, ciegos, sordos y mudos (cfr vv. 3-6). Es el cuadro de una situaci\u00f3n de desolaci\u00f3n, de un destino inexorable sin Dios. <\/span><\/p>\n<p style=\"text-align: justify\"><span style=\"font-weight: 400\">Pero finalmente la salvaci\u00f3n es anunciada: \u201c<\/span><span style=\"font-weight: 400\">Sed fuertes, no tem\u00e1is &#8211;dice el pr\u00f3feta&#8211;. \u00a0Mirad a vuestro Dios, [&#8230;] os salvar\u00e1\u201d <\/span><span style=\"font-weight: 400\">(cfr Is 35,4). Y enseguida todo se transforma: el desierto florece, la consolaci\u00f3n y la alegr\u00eda impregnan \u00a0los corazones (cfr vv. 5-6). Estos signos anunciados por Isa\u00edas como reveladores de la salvaci\u00f3n ya presente, se realizan en Jes\u00fas. \u00c9l mismo lo afirman respondiendo a los mensajeros enviados por Juan Bautista. \u00bfQu\u00e9 dice Jes\u00fas a estos\u00a0mensajeros?\u00a0\u201c<\/span><span style=\"font-weight: 400\">Los ciegos ven, y los inv\u00e1lidos andan; los leprosos quedan limpios, y los sordos oyen; los muertos resucitan\u201d <\/span><span style=\"font-weight: 400\">(Mt 11,5). No son palabras, son hechos que demuestran c\u00f3mo la salvaci\u00f3n tra\u00edda por Jes\u00fas, aferra a todo el ser humano y lo regenera. Dios ha entrado en la historia para liberar de la esclavitud del pecado; ha puesto su tienda en medio de nosotros para compartir nuestra existencia, sanar nuestras llagas, vendar nuestras heridas y donarnos la vida nueva. La alegr\u00eda es el fruto de esta intervenci\u00f3n de salvaci\u00f3n y de amor de Dios. <\/span><\/p>\n<p style=\"text-align: justify\"><span style=\"font-weight: 400\">Estamos llamados a participar del sentimiento de j\u00fabilo, este j\u00fabilo, esta alegr\u00eda. Pero un cristisno que no est\u00e1 alegre, algo le falta a este cristiano, o no es cristiano. La alegr\u00eda del coraz\u00f3n, la alegr\u00eda dentro que nos lleva adelante y da el valor. El Se\u00f1or viene, viene a nuestra vida como liberador, viene a liberarnos de todas las esclavitudes interiores y exteriores. Es \u00c9l quien nos indica el camino de la fidelidad, de la paciencia y de la perseverancia porque, a su llegada, nuestra alegr\u00eda ser\u00e1 plena. <\/span><\/p>\n<p style=\"text-align: justify\"><span style=\"font-weight: 400\">La Navidad est\u00e1 cerca, los signos de su aproximarse son evidentes en nuestras calles y en nuestras casas; tambi\u00e9n aqu\u00ed en la Plaza se ha puesto el pesebre y al lado el \u00e1rbol. Estos signos externos nos invitan a acoger al Se\u00f1or que siempre viene y llama a nuestra puerta; llama a nuestro coraz\u00f3n para acercarse. Nos invitan a reconocer sus pasos entre los de los hermanos que pasan a nuestro lado, especialmente los m\u00e1s d\u00e9biles y necesitados. <\/span><\/p>\n<p style=\"text-align: justify\"><span style=\"font-weight: 400\">Hoy somos invitados a alegrarnos por la venida inminente de nuestro Redentor; y estamos llamados a compartir esta alegr\u00eda con los otros, donando consuelo y esperanza a los pobres, a los enfermos, a las personas solas e infelices. La Virgen Mar\u00eda, la \u201csierva del Se\u00f1or\u201d, nos ayude a escuchar la voz de Dios en la oraci\u00f3n y a servirlo con compasi\u00f3n en los hermanos, para alcanzar preparados el encuentro con la Navidad, preparando nuestro coraz\u00f3n a acoger a Jes\u00fas. \u00a0<\/span><\/p>\n<p style=\"text-align: justify\"><span style=\"font-weight: 400\">Despu\u00e9s del \u00e1ngelus, el Santo Padre ha a\u00f1adido: <\/span><\/p>\n<p style=\"text-align: justify\"><span style=\"font-weight: 400\">Queridos hermanos y hermanas, <\/span><\/p>\n<p style=\"text-align: justify\"><span style=\"font-weight: 400\">Cada d\u00eda estoy cerca, sobre todo en la oraci\u00f3n, de la gente de Alepo. No debemos olvidar que Alepo es una ciudad, que all\u00ed hay gente: familias, ni\u00f1os, ancianos, personas enfermas\u2026 Lamentablemente ya nos hemos acostumbrado a la guerra, a la destrucci\u00f3n, pero no debemos olvidar que Siria es un pa\u00eds lleno de historia, de cultura, de fe. No podemos aceptar que esto sea negado por la guerra, que es un c\u00famulo de abuso de poder y falsedad. Hago un llamamiento al compromiso de todos, para que se haga una elecci\u00f3n de civilizaci\u00f3n: no a la destrucci\u00f3n, s\u00ed a la paz, s\u00ed a la gente de Alepo y de Siria. <\/span><\/p>\n<p style=\"text-align: justify\"><span style=\"font-weight: 400\">Y rezamos tambi\u00e9n por las v\u00edctimas \u00a0de algunos brutales\u00a0ataques terroristas que en las \u00faltimas horas han golpeado varios pa\u00edses. Son varios los lugares pero lamentablemente \u00fanica es la violencia que siembra muerte y destrucci\u00f3n. Y \u00fanica es tambi\u00e9n la respuesta: fe en Dios y unidad en los valores humanos y civiles. <\/span><\/p>\n<p style=\"text-align: justify\"><span style=\"font-weight: 400\">Quisera expresar una cercan\u00eda especial a mi querido hermano papa Tawadros II y a su comunidad,\u00a0rezando por los muertos y los heridos.<\/span><\/p>\n<p style=\"text-align: justify\"><span style=\"font-weight: 400\">Hoy, en Vientiane, en Laos, son proclamados beatos Mario Borzaga, sacerdote de los misioneros oblatos de Mar\u00eda Inmaculada; Paolo Thoj Xyooj, fiel laico catequista \u00a0y catorce compa\u00f1eros asesinados por odio a la fe. Su heroica fidelidad a Cristo pueda ser de aliento y de ejemplo a los misioneros y especialmente a los catequistas, que en las tierras de misi\u00f3n desarrollan una preciosa e insustituible obra apost\u00f3lica, por la cual toda la Iglesia les est\u00e1 agradecida. Pensemos en nuestros catequistas, mucho trabajo hacen, buen trabajo, ser catequistas es algo bell\u00edsimo, es llevar el mensaje del Se\u00f1or para que crezca en nostros. \u00a1Un aplauso a los catequistas, a todos!<\/span><\/p>\n<p style=\"text-align: justify\"><span style=\"font-weight: 400\">Os saludo con afecto a todos vosotros, queridos peregrinos procedentes de distintos pa\u00edses. Hoy el primer saludo est\u00e1 reservado a los ni\u00f1os y chicos de Roma, venidos para la tradicional bendici\u00f3n de las figuras del \u201cNi\u00f1o Jes\u00fas\u201d organizada por los oratorios parroquiales y las escuelas cat\u00f3licas romanas. Queridos ni\u00f1os, cuando rec\u00e9is delante de vuestro pesebre con vuestros padres, pedid al Ni\u00f1o Jes\u00fas que nos ayude a todos a amar a Dios y al pr\u00f3jimo. Y recordad rezar tambi\u00e9n por m\u00ed, como yo me acuerdo de vosotros. Gracias<\/span><\/p>\n<p style=\"text-align: justify\"><span style=\"font-weight: 400\">Saludo a los profesores de la Univerdad Cat\u00f3lica de Sydney, la coral de Mosteiro de Grijo\u0301 en Portugal, los fieles de Barbianello y Campobasso.<\/span><\/p>\n<p style=\"text-align: justify\"><span style=\"font-weight: 400\">Os deseo a todos un feliz domingo. Y no os olvid\u00e9is de rezar por m\u00ed. Y una cosa quisiera decir a los ni\u00f1os y y chicos,\u00a0queremos escuchar un canci\u00f3n vuestra \u00a1Buen almuerzo y hasta pronto! Cantad<\/span><\/p>\n<p><span class=\"et_bloom_bottom_trigger\"><\/span><\/p>\n<p><a href=\"https:\/\/es.zenit.org\/\" target=\"_blank\" rel=\"nofollow\">Fuente: es.zenit.org<\/a><\/p>\n","protected":false},"excerpt":{"rendered":"<p>(ZENIT &#8211; Ciudad del Vaticano).- El papa Francisco, como cada domingo, ha rezado el \u00e1ngelus desde la ventana del Palacio Apost\u00f3lico, acompa\u00f1ado por los fieles reunidos en la plaza de San Pedro, en este tercer domingo de adviento. Estas son las palabras del Papa para introducir la oraci\u00f3n mariana: \u00a0 Queridos hermanos y hermanas, \u00a1buenos &hellip; <a href=\"https:\/\/www.biblia.work\/noticias\/texto-completo-del-papa-francisco-en-el-angelus-del-11-de-diciembre-de-2016\/\" class=\"more-link\">Continuar leyendo<span class=\"screen-reader-text\"> \u00abTexto completo del papa Francisco en el \u00e1ngelus del 11 de diciembre de 2016\u00bb<\/span><\/a><\/p>\n","protected":false},"author":1,"featured_media":0,"comment_status":"open","ping_status":"closed","sticky":false,"template":"","format":"standard","meta":{"footnotes":""},"categories":[1],"tags":[],"class_list":["post-9828","post","type-post","status-publish","format-standard","hentry","category-general"],"_links":{"self":[{"href":"https:\/\/www.biblia.work\/noticias\/wp-json\/wp\/v2\/posts\/9828","targetHints":{"allow":["GET"]}}],"collection":[{"href":"https:\/\/www.biblia.work\/noticias\/wp-json\/wp\/v2\/posts"}],"about":[{"href":"https:\/\/www.biblia.work\/noticias\/wp-json\/wp\/v2\/types\/post"}],"author":[{"embeddable":true,"href":"https:\/\/www.biblia.work\/noticias\/wp-json\/wp\/v2\/users\/1"}],"replies":[{"embeddable":true,"href":"https:\/\/www.biblia.work\/noticias\/wp-json\/wp\/v2\/comments?post=9828"}],"version-history":[{"count":0,"href":"https:\/\/www.biblia.work\/noticias\/wp-json\/wp\/v2\/posts\/9828\/revisions"}],"wp:attachment":[{"href":"https:\/\/www.biblia.work\/noticias\/wp-json\/wp\/v2\/media?parent=9828"}],"wp:term":[{"taxonomy":"category","embeddable":true,"href":"https:\/\/www.biblia.work\/noticias\/wp-json\/wp\/v2\/categories?post=9828"},{"taxonomy":"post_tag","embeddable":true,"href":"https:\/\/www.biblia.work\/noticias\/wp-json\/wp\/v2\/tags?post=9828"}],"curies":[{"name":"wp","href":"https:\/\/api.w.org\/{rel}","templated":true}]}}