{"id":9829,"date":"2016-12-11T07:40:04","date_gmt":"2016-12-11T12:40:04","guid":{"rendered":"http:\/\/www.biblia.work\/noticias\/llamados-a-compartir-la-alegria-por-la-venida-del-senor-dando-consuelo-y-esperanza-a-los-pobres-angelus-del-papa\/"},"modified":"2016-12-11T07:40:04","modified_gmt":"2016-12-11T12:40:04","slug":"llamados-a-compartir-la-alegria-por-la-venida-del-senor-dando-consuelo-y-esperanza-a-los-pobres-angelus-del-papa","status":"publish","type":"post","link":"https:\/\/www.biblia.work\/noticias\/llamados-a-compartir-la-alegria-por-la-venida-del-senor-dando-consuelo-y-esperanza-a-los-pobres-angelus-del-papa\/","title":{"rendered":"Llamados a compartir la alegr\u00eda por la venida del Se\u00f1or, dando consuelo y esperanza a los pobres, \u00c1ngelus del Papa"},"content":{"rendered":"<p> <img src='http:\/\/media02.radiovaticana.va\/photo\/2016\/12\/09\/RV21838_Thumbnail.jpg' alt='' align='left' hspace='5'> <\/p>\n<p><a target=\"_blank\" rel=\"nofollow\" href=\"http:\/\/es.radiovaticana.va\/news\/editorial\/reflexiones-en-frontera\">REFLEXIONES EN FRONTERA<\/a>, jesuita Guillermo Ortiz<\/p>\n<p><span><br \/>\n<audio class=\"video-js vjs-default-skin vjs-big-play-button-centered rv-custom-audio\" controls=\"\" id=\"audioItem_9097845\" preload=\"none\"><\/audio><br \/>\n<span class=\"rv-audio-download\"><a href=\"http:\/\/media02.radiovaticana.va\/audio\/audio2\/mp3\/00561432.mp3\" title=\"Download audio\"><img decoding=\"async\" src=\"http:\/\/es.radiovaticana.va\/Modules\/Presentation\/Styles\/images-common\/icons\/download-audio-mp3_off.png\" style=\"height: 30px\" \/><\/a><\/span> <\/span><\/p>\n<p>En el 3er domingo de Adviento, caracterizado por la invitaci&oacute;n de san Pablo a la alegr&iacute;a: &ldquo;Al&eacute;grense siempre en el Se&ntilde;or: se los repito, al&eacute;grense porque el Se&ntilde;or est&aacute; cerca&rdquo;(Fil 4,4-5), Francisco explic&oacute; que &ldquo;no es una alegr&iacute;a superficial o puramente emotiva, ni mucho menos aquella mundana o del consumismo, sino que se trata de una alegr&iacute;a m&aacute;s aut&eacute;ntica, a la que estamos llamados a redescubrir el sabor. Es una alegr&iacute;a que toca lo &iacute;ntimo de nuestro ser, mientras esperamos a Aquel que ya ha venido a traer la salvaci&oacute;n al mundo, el Mes&iacute;as prometido, nacido en Bel&eacute;n de la Virgen Mar&iacute;a.<\/p>\n<p>El mismo 11 de diciembre, que en la plaza de san Pedro bendijo las representaciones de los ni&ntilde;itos Jes&uacute;s que los chicos y grandes trajeron, para poner en su pesebre familiar el 24 de diciembre a la noche, el obispo de Roma insisti&oacute;: &ldquo;Estamos invitados a alegrarnos por la inminente venida de nuestro Redentor; y estamos llamados a compartir esta alegr&iacute;a con los otros, dando consuelo y esperanza a los pobres, a los enfermos, a las personas solas e infelices.&rdquo; Y rog&oacute; que la Virgen Mar&iacute;a, &ldquo;nos ayude a escuchar la voz de Dios en la oraci&oacute;n y servirlo con compasi&oacute;n en los hermanos, para llegar a la cita con la Navidad con el coraz&oacute;n preparado para recibir al Se&ntilde;or. <a target=\"_blank\" rel=\"nofollow\" href=\"https:\/\/twitter.com\/jesuitaGuillo\">@jesuitaGuillo<\/a><\/p>\n<p>Texto completo de la reflexi&oacute;n de Francisco en el &Aacute;ngelus: http:\/\/es.radiovaticana.va\/news\/2016\/12\/11\/llamados_a_compartir_la_alegr%C3%ADa_por_la_venida_de_jes%C3%BAs\/1278289<\/p>\n<p>&nbsp;<\/p>\n<p>&nbsp;<\/p>\n<p><a href=\"http:\/\/es.radiovaticana.va\" target=\"_blank\" rel=\"nofollow\">Fuente: es.radiovaticana.va<\/a><\/p>\n","protected":false},"excerpt":{"rendered":"<p>REFLEXIONES EN FRONTERA, jesuita Guillermo Ortiz En el 3er domingo de Adviento, caracterizado por la invitaci&oacute;n de san Pablo a la alegr&iacute;a: &ldquo;Al&eacute;grense siempre en el Se&ntilde;or: se los repito, al&eacute;grense porque el Se&ntilde;or est&aacute; cerca&rdquo;(Fil 4,4-5), Francisco explic&oacute; que &ldquo;no es una alegr&iacute;a superficial o puramente emotiva, ni mucho menos aquella mundana o del &hellip; <a href=\"https:\/\/www.biblia.work\/noticias\/llamados-a-compartir-la-alegria-por-la-venida-del-senor-dando-consuelo-y-esperanza-a-los-pobres-angelus-del-papa\/\" class=\"more-link\">Continuar leyendo<span class=\"screen-reader-text\"> \u00abLlamados a compartir la alegr\u00eda por la venida del Se\u00f1or, dando consuelo y esperanza a los pobres, \u00c1ngelus del Papa\u00bb<\/span><\/a><\/p>\n","protected":false},"author":1,"featured_media":0,"comment_status":"open","ping_status":"closed","sticky":false,"template":"","format":"standard","meta":{"footnotes":""},"categories":[1],"tags":[],"class_list":["post-9829","post","type-post","status-publish","format-standard","hentry","category-general"],"_links":{"self":[{"href":"https:\/\/www.biblia.work\/noticias\/wp-json\/wp\/v2\/posts\/9829","targetHints":{"allow":["GET"]}}],"collection":[{"href":"https:\/\/www.biblia.work\/noticias\/wp-json\/wp\/v2\/posts"}],"about":[{"href":"https:\/\/www.biblia.work\/noticias\/wp-json\/wp\/v2\/types\/post"}],"author":[{"embeddable":true,"href":"https:\/\/www.biblia.work\/noticias\/wp-json\/wp\/v2\/users\/1"}],"replies":[{"embeddable":true,"href":"https:\/\/www.biblia.work\/noticias\/wp-json\/wp\/v2\/comments?post=9829"}],"version-history":[{"count":0,"href":"https:\/\/www.biblia.work\/noticias\/wp-json\/wp\/v2\/posts\/9829\/revisions"}],"wp:attachment":[{"href":"https:\/\/www.biblia.work\/noticias\/wp-json\/wp\/v2\/media?parent=9829"}],"wp:term":[{"taxonomy":"category","embeddable":true,"href":"https:\/\/www.biblia.work\/noticias\/wp-json\/wp\/v2\/categories?post=9829"},{"taxonomy":"post_tag","embeddable":true,"href":"https:\/\/www.biblia.work\/noticias\/wp-json\/wp\/v2\/tags?post=9829"}],"curies":[{"name":"wp","href":"https:\/\/api.w.org\/{rel}","templated":true}]}}