{"id":9980,"date":"2016-12-15T11:15:02","date_gmt":"2016-12-15T16:15:02","guid":{"rendered":"http:\/\/www.biblia.work\/noticias\/fallece-el-cardenal-brasileno-arns-el-papa-envia-su-pesame\/"},"modified":"2016-12-15T11:15:02","modified_gmt":"2016-12-15T16:15:02","slug":"fallece-el-cardenal-brasileno-arns-el-papa-envia-su-pesame","status":"publish","type":"post","link":"https:\/\/www.biblia.work\/noticias\/fallece-el-cardenal-brasileno-arns-el-papa-envia-su-pesame\/","title":{"rendered":"Fallece el cardenal brasile\u00f1o Arns, el Papa env\u00eda su p\u00e9same"},"content":{"rendered":"<p style=\"text-align: justify\">(ZENIT &#8211; Ciudad del Vaticano).- El Papa Francisco ha enviado un mensaje de p\u00e9same al cardenal brasile\u00f1o Odilo Pedro Scherer, arzobispo de <em>Sao Paulo<\/em> por el fallecimiento ayer del cardenal Paulo Evaristo Arns, quien ten\u00eda 95 a\u00f1os y era em\u00e9rito de la misma arquidi\u00f3cesis.<\/p>\n<p style=\"text-align: justify\">\u201cHe recibido con gran pesar\u00a0 &#8211;escribe el Santo Padre&#8211; la noticia de la muerte del venerado hermano, el cardenal Paulo Evaristo Arns, y le expreso al igual que a los obispos auxiliares, al clero, a las comunidades religiosas y a los fieles de la arquidi\u00f3cesis de <em>Sao Paulo<\/em>, as\u00ed como a la familia del fallecido, mi p\u00e9same por el fallecimiento de este pastor intr\u00e9pido que en su ministerio eclesial se revel\u00f3 como un aut\u00e9ntico testigo \u00a0del Evangelio en medio de su pueblo, mostrando a todos el camino de la verdad en la caridad\u00a0 y en el servicio a la comunidad,\u00a0siempre atento hacia los m\u00e1s desfavorecidos.<\/p>\n<p style=\"text-align: justify\">Doy gracias al Se\u00f1or por haber dado a la iglesia un\u00a0 pastor tan generoso y elevo fervientes oraciones para que Dios acoja en su dicha eterna a este siervo suyo, bueno y fiel. \u00a0Env\u00edo a esa comunidad arquidiocesana que llora la p\u00e9rdida de su amado pastor, a la Iglesia de Brasil, que tuvo en \u00e9l un seguro punto de referencia y a cuantos comparten esta hora de tristeza que anuncia la resurreci\u00f3n, la consoladora bendici\u00f3n apost\u00f3lica\u201d.<\/p>\n<p><span class=\"et_bloom_bottom_trigger\"><\/span><\/p>\n<p><a href=\"https:\/\/es.zenit.org\/\" target=\"_blank\" rel=\"nofollow\">Fuente: es.zenit.org<\/a><\/p>\n","protected":false},"excerpt":{"rendered":"<p>(ZENIT &#8211; Ciudad del Vaticano).- El Papa Francisco ha enviado un mensaje de p\u00e9same al cardenal brasile\u00f1o Odilo Pedro Scherer, arzobispo de Sao Paulo por el fallecimiento ayer del cardenal Paulo Evaristo Arns, quien ten\u00eda 95 a\u00f1os y era em\u00e9rito de la misma arquidi\u00f3cesis. \u201cHe recibido con gran pesar\u00a0 &#8211;escribe el Santo Padre&#8211; la noticia &hellip; <a href=\"https:\/\/www.biblia.work\/noticias\/fallece-el-cardenal-brasileno-arns-el-papa-envia-su-pesame\/\" class=\"more-link\">Continuar leyendo<span class=\"screen-reader-text\"> \u00abFallece el cardenal brasile\u00f1o Arns, el Papa env\u00eda su p\u00e9same\u00bb<\/span><\/a><\/p>\n","protected":false},"author":1,"featured_media":0,"comment_status":"open","ping_status":"closed","sticky":false,"template":"","format":"standard","meta":{"footnotes":""},"categories":[1],"tags":[],"class_list":["post-9980","post","type-post","status-publish","format-standard","hentry","category-general"],"_links":{"self":[{"href":"https:\/\/www.biblia.work\/noticias\/wp-json\/wp\/v2\/posts\/9980","targetHints":{"allow":["GET"]}}],"collection":[{"href":"https:\/\/www.biblia.work\/noticias\/wp-json\/wp\/v2\/posts"}],"about":[{"href":"https:\/\/www.biblia.work\/noticias\/wp-json\/wp\/v2\/types\/post"}],"author":[{"embeddable":true,"href":"https:\/\/www.biblia.work\/noticias\/wp-json\/wp\/v2\/users\/1"}],"replies":[{"embeddable":true,"href":"https:\/\/www.biblia.work\/noticias\/wp-json\/wp\/v2\/comments?post=9980"}],"version-history":[{"count":0,"href":"https:\/\/www.biblia.work\/noticias\/wp-json\/wp\/v2\/posts\/9980\/revisions"}],"wp:attachment":[{"href":"https:\/\/www.biblia.work\/noticias\/wp-json\/wp\/v2\/media?parent=9980"}],"wp:term":[{"taxonomy":"category","embeddable":true,"href":"https:\/\/www.biblia.work\/noticias\/wp-json\/wp\/v2\/categories?post=9980"},{"taxonomy":"post_tag","embeddable":true,"href":"https:\/\/www.biblia.work\/noticias\/wp-json\/wp\/v2\/tags?post=9980"}],"curies":[{"name":"wp","href":"https:\/\/api.w.org\/{rel}","templated":true}]}}