{"id":9983,"date":"2016-12-15T12:40:04","date_gmt":"2016-12-15T17:40:04","guid":{"rendered":"http:\/\/www.biblia.work\/noticias\/la-espanola-izara-batres-ganadora-del-xxxvi-premio-mundial-fernando-rielo-de-poesia-mistica\/"},"modified":"2016-12-15T12:40:04","modified_gmt":"2016-12-15T17:40:04","slug":"la-espanola-izara-batres-ganadora-del-xxxvi-premio-mundial-fernando-rielo-de-poesia-mistica","status":"publish","type":"post","link":"https:\/\/www.biblia.work\/noticias\/la-espanola-izara-batres-ganadora-del-xxxvi-premio-mundial-fernando-rielo-de-poesia-mistica\/","title":{"rendered":"La espa\u00f1ola Izara Batres, ganadora del XXXVI Premio Mundial Fernando Rielo de Poes\u00eda M\u00edstica"},"content":{"rendered":"<p> <img src='http:\/\/media02.radiovaticana.va\/photo\/2016\/12\/15\/ANSA1122907_Thumbnail.jpg' alt='' align='left' hspace='5'> <\/p>\n<p><span><br \/>\n<audio class=\"video-js vjs-default-skin vjs-big-play-button-centered rv-custom-audio\" controls=\"\" id=\"audioItem_9130396\" preload=\"none\"><\/audio><br \/>\n<span class=\"rv-audio-download\"><a href=\"http:\/\/media02.radiovaticana.va\/audio\/audio2\/mp3\/00562044.mp3\" title=\"Download audio\"><img decoding=\"async\" src=\"http:\/\/es.radiovaticana.va\/Modules\/Presentation\/Styles\/images-common\/icons\/download-audio-mp3_off.png\" style=\"height: 30px\" \/><\/a><\/span> <\/span><\/p>\n<p>(RV).- La predicaci&oacute;n de Juan el Bautista fue motivo de la reflexi&oacute;n del Papa Francisco en su homil&iacute;a de la Misa matutina celebrada en la capilla de la Casa de Santa Marta. En el Evangelio del d&iacute;a Jes&uacute;s pregunta a la multitud qu&eacute; cosa ha ido a contemplar en el desierto. All&iacute; viv&iacute;a el Bautista que predicaba y bautizaba. Todos iban a encontrarlo, tambi&eacute;n los fariseos y los doctores de la ley, pero para juzgarlo. Aquel que fueron a ver es un profeta, &ldquo;m&aacute;s que un profeta&rdquo;, &ldquo;entre los nacidos de mujer nadie es m&aacute;s grande que Juan&rdquo;, &ldquo;el &uacute;ltimo de los profetas&rdquo;. Aunque el m&aacute;s peque&ntilde;o en el Reino de Dios es m&aacute;s grande que &eacute;l: &ldquo;Era un hombre fiel a aquello que el Se&ntilde;or le hab&iacute;a pedido&rdquo;, observ&oacute; el Santo Padre. &ldquo;Un grande por su fidelidad&rdquo;. Con una grandeza que tambi&eacute;n se ve&iacute;a en su predicaci&oacute;n:<\/p>\n<p>Predicaba con fuerza, no dec&iacute;a cosas bellas a los fariseos, a los doctores de la ley, a los sacerdotes, no les dec&iacute;a: &ldquo;Queridos, p&oacute;rtense bien&rdquo;. No. Simplemente les dec&iacute;a: &ldquo;Raza de v&iacute;boras&rdquo;, simplemente as&iacute;. No iba con rodeos. Porque se acercaban para controlar y para ver, pero jam&aacute;s con el coraz&oacute;n abierto: &ldquo;Raza de v&iacute;boras&rdquo;. Arriesgaba la vida, s&iacute;, pero &eacute;l era fiel. Luego a Herodes, en la cara, le dec&iacute;a: &ldquo;Ad&uacute;ltero, no te es l&iacute;cito vivir as&iacute;, &iexcl;ad&uacute;ltero!&rdquo;. &iexcl;En la cara! Ciertamente si un p&aacute;rroco hoy en la homil&iacute;a dominical dijese: &ldquo;entre ustedes hay algunos que son raza de v&iacute;boras y hay tantos ad&uacute;lteros&rdquo;, seguramente el obispo recibir&iacute;a cartas de desconcierto: &ldquo;Echen a este p&aacute;rroco que nos insulta&rdquo;. Insultaba. &iquest;Por qu&eacute;? Porque era fiel a su vocaci&oacute;n y a la verdad.<\/p>\n<p>Pero el Bautista, agreg&oacute; el Papa, era comprensivo con la gente: a los publicanos, pecadores p&uacute;blicos porque explotaban al pueblo, les dec&iacute;a: &ldquo;No pidan m&aacute;s de lo justo&rdquo;. &ldquo;Comenzaba con poco. Luego veremos. Y los bautizaba&rdquo;, continu&oacute; Francisco. &ldquo;Primero este paso. Luego veremos&rdquo;. A los soldados les ped&iacute;a no amenazar ni denunciar a nadie y de contentarse con&nbsp; su paga. Juan bautizaba a todos estos pecadores, &ldquo;pero con este peque&ntilde;o paso adelante sabiendo que despu&eacute;s Jes&uacute;s har&iacute;a el resto&rdquo;. &ldquo;Fue un pastor que entend&iacute;a la situaci&oacute;n de la gente y la ayudaba a ir adelante con el Se&ntilde;or&rdquo;. Pero el Bautista tambi&eacute;n ten&iacute;a sus dudas: los grandes se pueden permitir &nbsp;dudar. De hecho en la c&aacute;rcel Juan comienza a dudar, incluso si hab&iacute;a bautizado a Jes&uacute;s, &ldquo;porque era un Salvador no como &eacute;l lo hab&iacute;a imaginado&rdquo;. &nbsp;<\/p>\n<p>Los grandes se pueden permitir la duda, y esto es hermoso. &nbsp;Est&aacute;n seguros de la vocaci&oacute;n pero cada vez que el Se&ntilde;or les hace ver una nueva v&iacute;a en el camino entran en la duda. &ldquo;Pero esto no es ortodoxo,&nbsp; esto es her&eacute;tico, este no es el Mes&iacute;as que estaba esperando&rdquo;. El diablo hace este trabajo y alg&uacute;n amigo lo ayuda &iquest;no? Esta es la grandeza de Juan, un grande, el &uacute;ltimo de aquella escuadra de creyentes que comenz&oacute; con Abraham, aquel que predica la conversi&oacute;n, aquel que no utiliza medias tintas para condenar a los soberbios, aquel que al final de la vida se permite dudar. Y este es un buen programa de vida cristiana.<\/p>\n<p>El Obispo de Roma pidi&oacute; como paso primordial la verdad al decir las cosas y recibir de la gente aquello que alcanza a dar:<\/p>\n<p>Pidamos a Juan la gracia del coraje apost&oacute;lico de decir siempre las cosas con verdad, del amor pastoral, de recibir a la gente con lo poco que puede dar, de dar el primer paso. Dios har&aacute; lo dem&aacute;s. Y tambi&eacute;n la gracia de dudar. Muchas veces, tal vez al final de la vida, uno se puede preguntar: &ldquo;&iquest;Todo esto es verdad o todo en lo que he cre&iacute;do es una fantas&iacute;a?&rdquo; La tentaci&oacute;n contra la fe, contra el Se&ntilde;or. Que el gran Juan, que es el m&aacute;s peque&ntilde;o en el Reino de los Cielos, por esto es grande, nos ayude en este camino tras las huellas del Se&ntilde;or.<\/p>\n<p>(Ra&uacute;l Cabrera &#8211; RV).<\/p>\n<p>&nbsp;<\/p>\n<p>&nbsp;<\/p>\n<p><a href=\"http:\/\/es.radiovaticana.va\" target=\"_blank\" rel=\"nofollow\">Fuente: es.radiovaticana.va<\/a><\/p>\n","protected":false},"excerpt":{"rendered":"<p>(RV).- La predicaci&oacute;n de Juan el Bautista fue motivo de la reflexi&oacute;n del Papa Francisco en su homil&iacute;a de la Misa matutina celebrada en la capilla de la Casa de Santa Marta. En el Evangelio del d&iacute;a Jes&uacute;s pregunta a la multitud qu&eacute; cosa ha ido a contemplar en el desierto. All&iacute; viv&iacute;a el Bautista &hellip; <a href=\"https:\/\/www.biblia.work\/noticias\/la-espanola-izara-batres-ganadora-del-xxxvi-premio-mundial-fernando-rielo-de-poesia-mistica\/\" class=\"more-link\">Continuar leyendo<span class=\"screen-reader-text\"> \u00abLa espa\u00f1ola Izara Batres, ganadora del XXXVI Premio Mundial Fernando Rielo de Poes\u00eda M\u00edstica\u00bb<\/span><\/a><\/p>\n","protected":false},"author":1,"featured_media":0,"comment_status":"open","ping_status":"closed","sticky":false,"template":"","format":"standard","meta":{"footnotes":""},"categories":[1],"tags":[],"class_list":["post-9983","post","type-post","status-publish","format-standard","hentry","category-general"],"_links":{"self":[{"href":"https:\/\/www.biblia.work\/noticias\/wp-json\/wp\/v2\/posts\/9983","targetHints":{"allow":["GET"]}}],"collection":[{"href":"https:\/\/www.biblia.work\/noticias\/wp-json\/wp\/v2\/posts"}],"about":[{"href":"https:\/\/www.biblia.work\/noticias\/wp-json\/wp\/v2\/types\/post"}],"author":[{"embeddable":true,"href":"https:\/\/www.biblia.work\/noticias\/wp-json\/wp\/v2\/users\/1"}],"replies":[{"embeddable":true,"href":"https:\/\/www.biblia.work\/noticias\/wp-json\/wp\/v2\/comments?post=9983"}],"version-history":[{"count":0,"href":"https:\/\/www.biblia.work\/noticias\/wp-json\/wp\/v2\/posts\/9983\/revisions"}],"wp:attachment":[{"href":"https:\/\/www.biblia.work\/noticias\/wp-json\/wp\/v2\/media?parent=9983"}],"wp:term":[{"taxonomy":"category","embeddable":true,"href":"https:\/\/www.biblia.work\/noticias\/wp-json\/wp\/v2\/categories?post=9983"},{"taxonomy":"post_tag","embeddable":true,"href":"https:\/\/www.biblia.work\/noticias\/wp-json\/wp\/v2\/tags?post=9983"}],"curies":[{"name":"wp","href":"https:\/\/api.w.org\/{rel}","templated":true}]}}