{"id":9990,"date":"2016-12-15T14:15:02","date_gmt":"2016-12-15T19:15:02","guid":{"rendered":"http:\/\/www.biblia.work\/noticias\/se-realizo-en-roma-el-funeral-del-tercer-prelado-del-opus-dei\/"},"modified":"2016-12-15T14:15:02","modified_gmt":"2016-12-15T19:15:02","slug":"se-realizo-en-roma-el-funeral-del-tercer-prelado-del-opus-dei","status":"publish","type":"post","link":"https:\/\/www.biblia.work\/noticias\/se-realizo-en-roma-el-funeral-del-tercer-prelado-del-opus-dei\/","title":{"rendered":"Se realiz\u00f3 en Roma el funeral del tercer prelado del Opus Dei"},"content":{"rendered":"<p style=\"text-align: justify\">(ZENIT &#8211; Roma).- El funeral de monse\u00f1or Javier Echevarr\u00eda, obispo y segundo sucesor de san Josemar\u00eda Escriv\u00e1, fundador del Opus Dei, se realiz\u00f3 este jueves 15 de diciembre en la bas\u00edlica romana de San Eugenio.<\/p>\n<p style=\"text-align: justify\">El prelado falleci\u00f3 el pasado12 de diciembre por la noche en el Campus Bio-Medico de Roma en donde estaba internado debido a una infecci\u00f3n pulmonar. Al d\u00eda siguiente el papa Francisco mostr\u00f3 su cercan\u00eda hablando por tel\u00e9fono al vicario auxiliar, monse\u00f1or Fernando Oc\u00e1riz Bra\u00f1a, y envi\u00f3 tambi\u00e9n un telegrama.<\/p>\n<p style=\"text-align: justify\">Mons. Echevarr\u00eda reposa ahora en la cripta de Santa Mar\u00eda de la Paz, iglesia prelaticia del Opus Dei, junto al beato \u00c1lvaro del Portillo. El f\u00e9retro con el cuerpo del prelado se cerr\u00f3 ayer por la tarde y fue enterrado con el anillo episcopal y la cruz pectoral.<\/p>\n<p style=\"text-align: justify\">Mons. Fernando Oc\u00e1riz se\u00f1al\u00f3 que \u201cpor la fe, Mons. Javier Echevarr\u00eda se sent\u00eda muy hijo de Dios y esto le ayudaba a superar las dificultades y los sufrimientos, tambi\u00e9n f\u00edsicos; viv\u00eda la caridad y urg\u00eda a vivir siempre la fraternidad: \u2018\u00a1Que os quer\u00e1is!\u2019, nos dec\u00eda siempre; y, como nosotros, esperaba en la promesa del Cielo. Si uno tiene fe, esperanza y caridad las penas m\u00e1s grandes acaban siendo ligeras, porque las lleva Jes\u00fas\u201d.<\/p>\n<p style=\"text-align: justify\">\u201cTenemos que agradecerle \u2013a\u00f1adi\u00f3 Mons. Oc\u00e1riz\u2013 su vida de servicio, primero junto a san Josemar\u00eda y al beato \u00c1lvaro y, luego, en los 22 a\u00f1os que estuvo al frente del Opus Dei. Segu\u00eda el ejemplo del Se\u00f1or, que no vino a ser servido, sino a servir\u201d.<\/p>\n<p><span class=\"et_bloom_bottom_trigger\"><\/span><\/p>\n<p><a href=\"https:\/\/es.zenit.org\/\" target=\"_blank\" rel=\"nofollow\">Fuente: es.zenit.org<\/a><\/p>\n","protected":false},"excerpt":{"rendered":"<p>(ZENIT &#8211; Roma).- El funeral de monse\u00f1or Javier Echevarr\u00eda, obispo y segundo sucesor de san Josemar\u00eda Escriv\u00e1, fundador del Opus Dei, se realiz\u00f3 este jueves 15 de diciembre en la bas\u00edlica romana de San Eugenio. El prelado falleci\u00f3 el pasado12 de diciembre por la noche en el Campus Bio-Medico de Roma en donde estaba internado &hellip; <a href=\"https:\/\/www.biblia.work\/noticias\/se-realizo-en-roma-el-funeral-del-tercer-prelado-del-opus-dei\/\" class=\"more-link\">Continuar leyendo<span class=\"screen-reader-text\"> \u00abSe realiz\u00f3 en Roma el funeral del tercer prelado del Opus Dei\u00bb<\/span><\/a><\/p>\n","protected":false},"author":1,"featured_media":0,"comment_status":"open","ping_status":"closed","sticky":false,"template":"","format":"standard","meta":{"footnotes":""},"categories":[1],"tags":[],"class_list":["post-9990","post","type-post","status-publish","format-standard","hentry","category-general"],"_links":{"self":[{"href":"https:\/\/www.biblia.work\/noticias\/wp-json\/wp\/v2\/posts\/9990","targetHints":{"allow":["GET"]}}],"collection":[{"href":"https:\/\/www.biblia.work\/noticias\/wp-json\/wp\/v2\/posts"}],"about":[{"href":"https:\/\/www.biblia.work\/noticias\/wp-json\/wp\/v2\/types\/post"}],"author":[{"embeddable":true,"href":"https:\/\/www.biblia.work\/noticias\/wp-json\/wp\/v2\/users\/1"}],"replies":[{"embeddable":true,"href":"https:\/\/www.biblia.work\/noticias\/wp-json\/wp\/v2\/comments?post=9990"}],"version-history":[{"count":0,"href":"https:\/\/www.biblia.work\/noticias\/wp-json\/wp\/v2\/posts\/9990\/revisions"}],"wp:attachment":[{"href":"https:\/\/www.biblia.work\/noticias\/wp-json\/wp\/v2\/media?parent=9990"}],"wp:term":[{"taxonomy":"category","embeddable":true,"href":"https:\/\/www.biblia.work\/noticias\/wp-json\/wp\/v2\/categories?post=9990"},{"taxonomy":"post_tag","embeddable":true,"href":"https:\/\/www.biblia.work\/noticias\/wp-json\/wp\/v2\/tags?post=9990"}],"curies":[{"name":"wp","href":"https:\/\/api.w.org\/{rel}","templated":true}]}}