{"id":9991,"date":"2016-12-15T15:05:02","date_gmt":"2016-12-15T20:05:02","guid":{"rendered":"http:\/\/www.biblia.work\/noticias\/catolicos-se-encadenaron-a-emblematica-cruz-y-evitaron-su-retiro-en-espana\/"},"modified":"2016-12-15T15:05:02","modified_gmt":"2016-12-15T20:05:02","slug":"catolicos-se-encadenaron-a-emblematica-cruz-y-evitaron-su-retiro-en-espana","status":"publish","type":"post","link":"https:\/\/www.biblia.work\/noticias\/catolicos-se-encadenaron-a-emblematica-cruz-y-evitaron-su-retiro-en-espana\/","title":{"rendered":"Cat\u00f3licos se encadenaron a emblem\u00e1tica cruz y evitaron su retiro en Espa\u00f1a"},"content":{"rendered":"<p> MADRID, 15 Dic. 16 (ACI).-<br \/>\n\tCientos de vecinos del pueblo de Callosa de Segura en la ciudad de Alicante (Espa&ntilde;a) impidieron el retiro de la cruz situada en la plaza de la iglesia del pueblo, una medida ordenada por el gobierno izquierdista local que no espero la decisi&oacute;n de los tribunales y que aplic&oacute; en este caso una err&oacute;nea interpretaci&oacute;n de la llamada Ley de Memoria hist&oacute;rica.<\/p>\n<p style=\"text-align: justify\">\n\tLa ley de Memoria Hist&oacute;rica fue aprobada en el a&ntilde;o 2007. En ella se establece medidas a favor de quienes padecieron persecuci&oacute;n o violencia durante la Guerra Civil y la posterior dictadura de Francisco Franco.<\/p>\n<p style=\"text-align: justify\">\n\tSe trata de una ley controvertida porque favorece una ideolog&iacute;a y no la reconciliaci&oacute;n de los espa&ntilde;oles. Esta norma obliga la retirada de monumentos, s&iacute;mbolos o nombres de lugares p&uacute;blicos establecidos despu&eacute;s de la Guerra Civil.<\/p>\n<p style=\"text-align: justify\">\n\tLos monumentos relacionados con la Iglesia Cat&oacute;lica quedan fuera de esta ley, pero en la realidad esto no se ha respetado, como es el caso de esta cruz en Callosa de Segura.<\/p>\n<p style=\"text-align: justify\">\n\tSeg&uacute;n informa la Asociaci&oacute;n Abogados Cristianos, el alcalde de Callosa de Segura, el socialista Fran Maci&aacute;, envi&oacute; el 14 de diciembre una gr&uacute;a a retirar la cruz que preside la plaza de Espa&ntilde;a, junto a la iglesia y frente al ayuntamiento de la poblaci&oacute;n.<\/p>\n<p style=\"text-align: justify\">\n\tEn el momento en el que iban a iniciar las labores de retirada sonaron las campanas del templo y cientos de habitantes de Callosa de Segura acudieron para impedirlo.<\/p>\n<p style=\"text-align: justify\">\n\tUn hombre estacion&oacute; su veh&iacute;culo junto al monumento para que la gr&uacute;a no pudiera trabajar, y otro grupo de personas se encadenaron a la cruz para que la Polic&iacute;a y la Guardia Civil no pudieran desalojarlos. Todo se hizo de manera pac&iacute;fica.<\/p>\n<p style=\"text-align: justify\">\n\tSeg&uacute;n el alcalde, la cruz contraviene la Ley de Memoria Hist&oacute;rica, y por ese motivo, en un pleno del ayuntamiento, su partido, con el respaldo de Esquerra Unida y Podemos, -partidos de izquierda- aprobaron su retirada.<\/p>\n<p style=\"text-align: justify\">\n\tSeg&uacute;n informaron los manifestantes, el alcalde hab&iacute;a previsto una reuni&oacute;n para hablar sobre la retirada de la cruz, pero seg&uacute;n precis&oacute; Maci&aacute; tan solo pretend&iacute;a preguntar al p&aacute;rroco d&oacute;nde dejar la cruz despu&eacute;s de quitarla de la plaza.<\/p>\n<p style=\"text-align: justify\">\n\tLa decisi&oacute;n de la retirada de esta cruz se encuentra en los tribunales y el juicio est&aacute; previsto para noviembre de 2017.<\/p>\n<p style=\"text-align: justify\">\n\tUn concejal del Partido Popular interpuso un recurso contencioso para que se derogara la decisi&oacute;n del Gobierno municipal, pero aunque se solicitaron medidas cautelares para bloquear su traslado, fueron rechazadas.<\/p>\n<p style=\"text-align: justify\">\n\tLa Asociaci&oacute;n de Abogados Cristianos (AEAC), junto a la Plataforma en Defensa de la Cruz, comenz&oacute; en el mes de agosto una campa&ntilde;a en Change.org a la que se han adherido m&aacute;s de 28.500 personas y que ha conseguido que no se haya retirado.<\/p>\n<p style=\"text-align: justify\">\n\tDesde AEAC se pide &ldquo;respeto hacia los cristianos y respeto a la libertad religiosa, ya que a d&iacute;a de hoy est&aacute; claro que la &uacute;nica intenci&oacute;n del equipo de gobierno municipal es retirar una cruz que carece de cualquier s&iacute;mbolo pol&iacute;tico&rdquo;.<\/p>\n<p style=\"text-align: justify\">\n\tPuede unirse a la petici&oacute;n para mantener la cruz en Callosa de Segura AQU&Iacute;.<\/p>\n<p style=\"text-align: justify\">\n\tTambi&eacute;n te puede interesar:<\/p>\n<p style=\"text-align: justify\">\n\t\tEspa&ntilde;a: Miles rechazan retirada de cruz ante errada aplicaci&oacute;n de Ley de Memoria Hist&oacute;rica https:\/\/t.co\/aTNMus3tWP<\/p>\n<p>\t&mdash; ACI Prensa (@aciprensa) 17 de mayo de 2016<\/p>\n<p style=\"text-align: justify\">\n\t&nbsp;<\/p>\n","protected":false},"excerpt":{"rendered":"<p>MADRID, 15 Dic. 16 (ACI).- Cientos de vecinos del pueblo de Callosa de Segura en la ciudad de Alicante (Espa&ntilde;a) impidieron el retiro de la cruz situada en la plaza de la iglesia del pueblo, una medida ordenada por el gobierno izquierdista local que no espero la decisi&oacute;n de los tribunales y que aplic&oacute; en &hellip; <a href=\"https:\/\/www.biblia.work\/noticias\/catolicos-se-encadenaron-a-emblematica-cruz-y-evitaron-su-retiro-en-espana\/\" class=\"more-link\">Continuar leyendo<span class=\"screen-reader-text\"> \u00abCat\u00f3licos se encadenaron a emblem\u00e1tica cruz y evitaron su retiro en Espa\u00f1a\u00bb<\/span><\/a><\/p>\n","protected":false},"author":1,"featured_media":0,"comment_status":"open","ping_status":"closed","sticky":false,"template":"","format":"standard","meta":{"footnotes":""},"categories":[1],"tags":[],"class_list":["post-9991","post","type-post","status-publish","format-standard","hentry","category-general"],"_links":{"self":[{"href":"https:\/\/www.biblia.work\/noticias\/wp-json\/wp\/v2\/posts\/9991","targetHints":{"allow":["GET"]}}],"collection":[{"href":"https:\/\/www.biblia.work\/noticias\/wp-json\/wp\/v2\/posts"}],"about":[{"href":"https:\/\/www.biblia.work\/noticias\/wp-json\/wp\/v2\/types\/post"}],"author":[{"embeddable":true,"href":"https:\/\/www.biblia.work\/noticias\/wp-json\/wp\/v2\/users\/1"}],"replies":[{"embeddable":true,"href":"https:\/\/www.biblia.work\/noticias\/wp-json\/wp\/v2\/comments?post=9991"}],"version-history":[{"count":0,"href":"https:\/\/www.biblia.work\/noticias\/wp-json\/wp\/v2\/posts\/9991\/revisions"}],"wp:attachment":[{"href":"https:\/\/www.biblia.work\/noticias\/wp-json\/wp\/v2\/media?parent=9991"}],"wp:term":[{"taxonomy":"category","embeddable":true,"href":"https:\/\/www.biblia.work\/noticias\/wp-json\/wp\/v2\/categories?post=9991"},{"taxonomy":"post_tag","embeddable":true,"href":"https:\/\/www.biblia.work\/noticias\/wp-json\/wp\/v2\/tags?post=9991"}],"curies":[{"name":"wp","href":"https:\/\/api.w.org\/{rel}","templated":true}]}}