{"id":9996,"date":"2016-12-15T17:05:03","date_gmt":"2016-12-15T22:05:03","guid":{"rendered":"http:\/\/www.biblia.work\/noticias\/alcaldesa-de-madrid-veta-el-belen-en-la-puerta-de-alcala-y-asi-responden-los-catolicos\/"},"modified":"2016-12-15T17:05:03","modified_gmt":"2016-12-15T22:05:03","slug":"alcaldesa-de-madrid-veta-el-belen-en-la-puerta-de-alcala-y-asi-responden-los-catolicos","status":"publish","type":"post","link":"https:\/\/www.biblia.work\/noticias\/alcaldesa-de-madrid-veta-el-belen-en-la-puerta-de-alcala-y-asi-responden-los-catolicos\/","title":{"rendered":"Alcaldesa de Madrid veta el bel\u00e9n en la Puerta de Alcal\u00e1 y as\u00ed responden los cat\u00f3licos"},"content":{"rendered":"<p> MADRID, 15 Dic. 16 (ACI).-<br \/>\n\tAnte la decisi&oacute;n de la alcaldesa de Madrid en Espa&ntilde;a, Manuela Carmena, del partido pol&iacute;tico de izquierda Podemos, de no colocar belenes en la emblem&aacute;tica Puerta de Alcal&aacute;, cientos de ciudadanos expresaron su rechazo llevando ellos mismo una gran cantidad de pesebres al lugar.<\/p>\n<p style=\"text-align: justify\">\n\tCarmena decidi&oacute;, como hizo el a&ntilde;o pasado, adornar la Puerta de Alcal&aacute; solo con s&iacute;mbolos navide&ntilde;os que no sean considerados religiosos.<\/p>\n<p style=\"text-align: justify\">\n\tLos ciudadanos que han portado sus belenes al lugar lo han mostrado en las redes sociales para expresar su desacuerdo con la medida laicista de Carmena.<\/p>\n<p style=\"text-align: justify\">\n\tUn gran n&uacute;mero de madrile&ntilde;os colocan cada d&iacute;a su propio bel&eacute;n en la Puerta de Alcal&aacute; en se&ntilde;al de protesta y comparten las fotos en Twitter con el hahstag #PontuBelenPuertadeAlcala.<\/p>\n<p style=\"text-align: justify\">\n\tSeg&uacute;n informa OKDIARIO, Manuela Carmena declar&oacute; al respecto de su decisi&oacute;n de prohibir los belenes que el Ayuntamiento quiere continuar &ldquo;con una Navidad para todos y en la que quepan todas las visiones de la Navidad&rdquo;.<\/p>\n<p style=\"text-align: justify\">\n\t\tLlega la noche y son muchas las familias de toda Espa&ntilde;a que traen o se fotograf&iacute;an con los belenes.#pontubelenpuertadealcala pic.twitter.com\/12f4cAKUCj<\/p>\n<p>\t&mdash; Jos&eacute; Miguel Gaona (@doctorgaona) 13 de diciembre de 2016<\/p>\n<p style=\"text-align: justify\">\n\t&ldquo;Muy especialmente recordar que tiene un origen cristiano, pero ya es una fiesta de todos, que ha tenido un proceso de laicidad muy interesante&rdquo;, dice la exjueza y precisa que &ldquo;se inicie en el deseo de que la Navidad sea una fiesta de compa&ntilde;&iacute;a, empat&iacute;a y solidaridad&rdquo;.<\/p>\n<p style=\"text-align: justify\">\n\tEl a&ntilde;o pasado el Ayuntamiento no coloc&oacute; el tradicional bel&eacute;n y prescindi&oacute; de las figuras religiosas decorando la Puerta de Alcal&aacute; con motivos florales. En esta ocasi&oacute;n el motivo elegido son bolas de &aacute;rbol de navidad.<\/p>\n<p style=\"text-align: justify\">\n\t\tSiguen llegando belenes y dibujos aleg&oacute;ricos&#8230; Gracias a todos!#pontubelenpuertadealcala pic.twitter.com\/bQtarDKcgR<\/p>\n<p>\t&mdash; Jos&eacute; Miguel Gaona (@doctorgaona) 7 de diciembre de 2016<\/p>\n<p style=\"text-align: justify\">\n\tAlcaldes anteriores de la capital espa&ntilde;ola como Ana Botella o Alberto Ruiz-Gallard&oacute;n presentaban al comienzo de las navidades el bel&eacute;n de tradici&oacute;n napolitana en el Palacio de Cibeles.<\/p>\n<p style=\"text-align: justify\">\n\tSin embargo, Carmena en las dos Navidades al frente del Ayuntamiento de Madrid, convoc&oacute; a los medios en la sala de exposiciones Matadero Madrid para presentar la programaci&oacute;n de actividades en estas fechas sin ninguna referencia religiosa.<\/p>\n<p style=\"text-align: justify\">\n\tPara unirse a la iniciativa #PontuBelenPuertadeAlcala, puedes tomar una foto de tu bel&eacute;n en ese lugar madrile&ntilde;o en la Plaza de la Independencia. Si no est&aacute;s en Espa&ntilde;a, puedes tomar una foto al bel&eacute;n de tu casa para publicarlo luego con el mismo hashtag.&nbsp;<\/p>\n<p style=\"text-align: justify\">\n\tTambi&eacute;n te puede interesar:&nbsp;<\/p>\n<p style=\"text-align: justify\">\n\t\tCinco cosas que podemos aprender de Bel&eacute;n seg&uacute;n el Arzobispo de Madrid https:\/\/t.co\/KpBKJOimZ7<\/p>\n<p>\t&mdash; ACI Prensa (@aciprensa) 7 de enero de 2016<\/p>\n<p style=\"text-align: justify\">\n\t&nbsp;<\/p>\n","protected":false},"excerpt":{"rendered":"<p>MADRID, 15 Dic. 16 (ACI).- Ante la decisi&oacute;n de la alcaldesa de Madrid en Espa&ntilde;a, Manuela Carmena, del partido pol&iacute;tico de izquierda Podemos, de no colocar belenes en la emblem&aacute;tica Puerta de Alcal&aacute;, cientos de ciudadanos expresaron su rechazo llevando ellos mismo una gran cantidad de pesebres al lugar. Carmena decidi&oacute;, como hizo el a&ntilde;o &hellip; <a href=\"https:\/\/www.biblia.work\/noticias\/alcaldesa-de-madrid-veta-el-belen-en-la-puerta-de-alcala-y-asi-responden-los-catolicos\/\" class=\"more-link\">Continuar leyendo<span class=\"screen-reader-text\"> \u00abAlcaldesa de Madrid veta el bel\u00e9n en la Puerta de Alcal\u00e1 y as\u00ed responden los cat\u00f3licos\u00bb<\/span><\/a><\/p>\n","protected":false},"author":1,"featured_media":0,"comment_status":"open","ping_status":"closed","sticky":false,"template":"","format":"standard","meta":{"footnotes":""},"categories":[1],"tags":[],"class_list":["post-9996","post","type-post","status-publish","format-standard","hentry","category-general"],"_links":{"self":[{"href":"https:\/\/www.biblia.work\/noticias\/wp-json\/wp\/v2\/posts\/9996","targetHints":{"allow":["GET"]}}],"collection":[{"href":"https:\/\/www.biblia.work\/noticias\/wp-json\/wp\/v2\/posts"}],"about":[{"href":"https:\/\/www.biblia.work\/noticias\/wp-json\/wp\/v2\/types\/post"}],"author":[{"embeddable":true,"href":"https:\/\/www.biblia.work\/noticias\/wp-json\/wp\/v2\/users\/1"}],"replies":[{"embeddable":true,"href":"https:\/\/www.biblia.work\/noticias\/wp-json\/wp\/v2\/comments?post=9996"}],"version-history":[{"count":0,"href":"https:\/\/www.biblia.work\/noticias\/wp-json\/wp\/v2\/posts\/9996\/revisions"}],"wp:attachment":[{"href":"https:\/\/www.biblia.work\/noticias\/wp-json\/wp\/v2\/media?parent=9996"}],"wp:term":[{"taxonomy":"category","embeddable":true,"href":"https:\/\/www.biblia.work\/noticias\/wp-json\/wp\/v2\/categories?post=9996"},{"taxonomy":"post_tag","embeddable":true,"href":"https:\/\/www.biblia.work\/noticias\/wp-json\/wp\/v2\/tags?post=9996"}],"curies":[{"name":"wp","href":"https:\/\/api.w.org\/{rel}","templated":true}]}}