{"id":11356,"date":"2016-03-16T03:30:31","date_gmt":"2016-03-16T08:30:31","guid":{"rendered":"http:\/\/www.biblia.work\/sermones\/la-obediencia-de-lafe\/"},"modified":"2016-03-16T03:30:31","modified_gmt":"2016-03-16T08:30:31","slug":"la-obediencia-de-lafe","status":"publish","type":"post","link":"https:\/\/www.biblia.work\/sermones\/la-obediencia-de-lafe\/","title":{"rendered":"La Obediencia de la&nbsp;FE"},"content":{"rendered":"<p class=\"western\" lang=\"es-US\" align=\"left\">Por: pastor Daniel Brito<\/p>\n<p class=\"western\" lang=\"es-US\" align=\"left\">\n<p class=\"western\" lang=\"es-US\" align=\"left\">T\u00cdTULO: La Obediencia de la FE<\/p>\n<p class=\"western\" lang=\"es-US\" align=\"left\">\n<p class=\"western\" lang=\"es-US\" align=\"left\">TEXTO: Hebreos 11:8-10<\/p>\n<p class=\"western\" lang=\"es-US\" align=\"left\">\u00abPor la fe, Abraham, siendo llamado, obedeci\u00f3 para salir al lugar que hab\u00eda de recibir como herencia; y sali\u00f3 sin saber ad\u00f3nde iba. <sup>9\u00a0<\/sup>Por la fe, habit\u00f3 como extranjero en la tierra prometida como en tierra ajena, morando en tiendas con Isaac y Jacob, coherederos de la misma promesa; <sup>10\u00a0<\/sup>porque esperaba la ciudad que tiene fundamentos, cuyo art\u00edfice y constructor es Dios.\u00bb RVR1977<\/p>\n<p class=\"western\" lang=\"es-US\" align=\"left\">\n<p class=\"western\" lang=\"es-US\" align=\"left\">INTRODUCCI\u00d3N:<\/p>\n<p class=\"western\" lang=\"es-US\" align=\"left\">Esta noche seguimos con el tema de los H\u00c9ROES DE LA FE y lo que FE significa. En nuestra lecci\u00f3n pasada, estuvimos hablando de la FE y OBEDIENCIA de No\u00e9. Ahora seguimos en el orden de nuestro Texto y es con Abraham. Que DIOS bendiga Su Palabra predicada en esta noche.<\/p>\n<p class=\"western\" lang=\"es-US\" align=\"left\">\n<p class=\"western\" lang=\"es-US\" align=\"left\">LECCI\u00d3N:<\/p>\n<ol>\n<li>\n<p lang=\"es-US\" align=\"left\">Trasfondo. En la historia narrada en el libro de G\u00e9nesis, podemos notar que la raza humana continu\u00f3 por medio de No\u00e9, su esposa, tres hijos y tres nueras. As\u00ed que toda la raza humana desciende Ad\u00e1n y Eva, siendo nuestros primeros padres, pero tambi\u00e9n de una manera menos directa, desciende de No\u00e9 y su esposa. Digo menos directa, ya que sus \u00abnueras\u00bb no eran hijas de No\u00e9 y su esposa. Ellos fueron testigos del JUICIO de DIOS hacia la humanidad con la destrucci\u00f3n de todos menos ellos, por medio del DILUVIO. <\/p>\n<\/li>\n<\/ol>\n<p lang=\"es-US\" align=\"left\">\n<ol>\n<ol type=\"a\">\n<li>\n<p lang=\"es-US\" align=\"left\">En el transcurso del tiempo, podemos leer en el relato de G\u00e9nesis que uno de sus hijos Cam, actu\u00f3 mal con su padre, y vemos que la descendencia de su nieto Cana\u00e1n, hijo de Cam, iba a ser una descendencia imp\u00eda. <\/p>\n<\/li>\n<\/ol>\n<\/ol>\n<p lang=\"es-US\" align=\"left\">\n<ol>\n<ol type=\"a\">\n<ol type=\"i\">\n<li>\n<p lang=\"es-US\" align=\"left\">Eso es necesario mencionar, ya que debemos notar lo f\u00e1cil que los seres humanos se desv\u00edan de la VERDAD, aun con la EVIDENCIA del PODER DE DIOS quien los hab\u00eda salvado del DILUVIO. <\/p>\n<\/li>\n<\/ol>\n<\/ol>\n<\/ol>\n<p lang=\"es-US\" align=\"left\">\n<ol>\n<ol type=\"a\">\n<ol start=\"2\" type=\"i\">\n<li>\n<p lang=\"es-US\" align=\"left\">En la Torre de Babel vemos la condici\u00f3n de la raza humana despu\u00e9s del DILUVIO, y como DIOS confundi\u00f3 las lenguas, para obligarlos a ellos a dividirse, y no hemos de dudar que fue tambi\u00e9n como OTRA PRUEBA del PODER DE DIOS. <\/p>\n<\/li>\n<\/ol>\n<\/ol>\n<\/ol>\n<p lang=\"es-US\" align=\"left\">\n<ol>\n<ol start=\"2\" type=\"a\">\n<li>\n<p lang=\"es-US\" align=\"left\">Parece ser que los parientes de Abram eran paganos. Su lugar de nacimiento en Ur de los Caldeos era el centro del paganismo. El dios \u00abNannar\u00bb era adorado ah\u00ed.<sup>i<\/sup><\/p>\n<\/li>\n<\/ol>\n<\/ol>\n<p lang=\"es-US\" align=\"left\">\n<ol>\n<ol type=\"a\">\n<ol type=\"i\">\n<li>\n<p lang=\"es-US\" align=\"left\">En JOSU\u00c9 24:2 se nos dice que la familia de Abram adoraba a falsos dioses. <\/p>\n<ol>\n<li>\n<p lang=\"es-US\" align=\"left\">\u00abY dijo Josu\u00e9 a todo el pueblo: As\u00ed dice Jehov\u00e1, Dios de Israel: Vuestros padres habitaron antiguamente al otro lado del r\u00edo, esto es, Tar\u00e9, padre de Abraham y de Nacor; y serv\u00edan a dioses extra\u00f1os.\u00bb<\/p>\n<\/li>\n<\/ol>\n<\/li>\n<\/ol>\n<\/ol>\n<\/ol>\n<p lang=\"es-US\" align=\"left\">\n<ol>\n<ol type=\"a\">\n<ol start=\"2\" type=\"i\">\n<li>\n<p lang=\"es-US\" align=\"left\">Pero como dice Ernesto Trenchard en su comentario a Hebreos: \u00abAbraham hab\u00eda llegado a conocer al Dios \u00fanico por el testimonio que a\u00fan se conservaba entre algunos de los hijos de Sem (pi\u00e9nsense en Job y en Melquisedec), y que Dios le hab\u00eda concedido con anterioridad una revelaci\u00f3n continua de s\u00ed mismo.\u00bb<sup>ii<\/sup><\/p>\n<\/li>\n<\/ol>\n<\/ol>\n<\/ol>\n<p lang=\"es-US\" align=\"left\">\n<ol>\n<ol start=\"3\" type=\"a\">\n<li>\n<p lang=\"es-US\" align=\"left\">El relato en G\u00e9nesis 12, dice que salieron de Ur de los Caldeos en lo que hoy d\u00eda es Irak, y fueron a Har\u00e1n en lo que hoy d\u00eda es Turqu\u00eda. <\/p>\n<\/li>\n<\/ol>\n<\/ol>\n<p lang=\"es-US\" align=\"left\">\n<ol>\n<ol type=\"a\">\n<ol type=\"i\">\n<li>\n<p lang=\"es-US\" align=\"left\">La antigua ciudad de Ur estaba a 186 millas al suroeste de la moderna Bagdad, la capital de Irak en nuestros d\u00edas.<sup>iii<\/sup><\/p>\n<\/li>\n<\/ol>\n<\/ol>\n<\/ol>\n<p lang=\"es-US\" align=\"left\">\n<ol>\n<ol type=\"a\">\n<ol start=\"2\" type=\"i\">\n<li>\n<p lang=\"es-US\" align=\"left\">Har\u00e1n fue parte del imperio Asirio por mucho tiempo. <\/p>\n<\/li>\n<\/ol>\n<\/ol>\n<\/ol>\n<p lang=\"es-US\" align=\"left\">\n<ol>\n<ol type=\"a\">\n<ol type=\"i\">\n<ol>\n<li>\n<p lang=\"es-US\" align=\"left\">Adoraban al dios lunar \u00absin\u00bb. Luego fue gobernada por \u00abZoroastros\u00bb, por \u00abCristianos Nestorianos\u00bb, Musulmanes, Cruzados y otra vez Musulmanes.<sup>iv<\/sup> <\/p>\n<\/li>\n<\/ol>\n<\/ol>\n<\/ol>\n<\/ol>\n<p lang=\"es-US\" align=\"left\">\n<ol start=\"2\">\n<li>\n<p lang=\"es-US\" align=\"left\">La OBEDIENCIA, una prueba de la FE interna. (G\u00e9nesis 12:5) \u00abTom\u00f3, pues, Abram a Saray su mujer, y a Lot hijo de su hermano, y todos sus bienes que hab\u00edan ganado y las personas que hab\u00edan adquirido en Har\u00e1n, y salieron para ir a tierra de Cana\u00e1n; y a tierra de Cana\u00e1n llegaron.\u00bb RVR1977<\/p>\n<\/li>\n<\/ol>\n<p lang=\"es-US\" align=\"left\">\n<ol>\n<ol type=\"a\">\n<li>\n<p lang=\"es-US\" align=\"left\">Abram obedeci\u00f3 a DIOS saliendo de su tierra y, sacando a Saray de la tierra de sus padres y familiares para ir sin saber d\u00f3nde iban. <\/p>\n<\/li>\n<\/ol>\n<\/ol>\n<p lang=\"es-US\" align=\"left\">\n<ol>\n<ol type=\"a\">\n<ol type=\"i\">\n<li>\n<p lang=\"es-US\" align=\"left\">Es importante notar que Abraham confiaba en DIOS y, es por eso que es considerado como el PADRE de la FE. No solamente al dejar su tierra y salir sin saber a d\u00f3nde, vemos que, en la historia de Abram, su FE fue PROBADA varias veces. <\/p>\n<\/li>\n<\/ol>\n<\/ol>\n<\/ol>\n<p lang=\"es-US\" align=\"left\">\n<ol>\n<ol start=\"2\" type=\"a\">\n<li>\n<p lang=\"es-US\" align=\"left\">Pero noten que la CLAVE en CREER para Abram fue la OBEDIENCIA. Es decir, en la OBEDIENCIA se muestra la FE. <\/p>\n<\/li>\n<\/ol>\n<\/ol>\n<p lang=\"es-US\" align=\"left\">\n<ol>\n<ol type=\"a\">\n<ol type=\"i\">\n<li>\n<p lang=\"es-US\" align=\"left\">No se puede decir que uno tiene FE, si uno no OBEDECE. <\/p>\n<\/li>\n<\/ol>\n<\/ol>\n<\/ol>\n<p lang=\"es-US\" align=\"left\">\n<ol>\n<ol type=\"a\">\n<ol start=\"2\" type=\"i\">\n<li>\n<p lang=\"es-US\" align=\"left\">M\u00e1s bien la INCREDULIDAD lleva a la DESOBEDIENCIA. <\/p>\n<\/li>\n<\/ol>\n<\/ol>\n<\/ol>\n<p lang=\"es-US\" align=\"left\">\n<ol>\n<ol start=\"3\" type=\"a\">\n<li>\n<p lang=\"es-US\" align=\"left\">NOTA: El ejemplo de la salida de Abram con los suyos de Har\u00e1n para llegar a Cana\u00e1n, nos debe recordar que as\u00ed debe ser para el Cristiano. La vida Cristiana es una donde nuestra meta siempre es llegar a estar con el SE\u00d1OR. <\/p>\n<\/li>\n<\/ol>\n<\/ol>\n<p lang=\"es-US\" align=\"left\">\n<ol>\n<ol type=\"a\">\n<ol type=\"i\">\n<li>\n<p lang=\"es-US\" align=\"left\">Esa es la raz\u00f3n por que muchos himnos antiguos han usado CANA\u00c1N como la TIERRA PROMETIDA para el creyente. Es decir, el CIELO. <\/p>\n<\/li>\n<\/ol>\n<\/ol>\n<\/ol>\n<p lang=\"es-US\" align=\"left\">\n<ol>\n<ol type=\"a\">\n<ol start=\"2\" type=\"i\">\n<li>\n<p lang=\"es-US\" align=\"left\">As\u00ed el creyente no comienza el camino de la vida Cristiana para quedarse en el medio sin llegar. <\/p>\n<\/li>\n<\/ol>\n<\/ol>\n<\/ol>\n<p lang=\"es-US\" align=\"left\">\n<ol>\n<ol type=\"a\">\n<ol start=\"3\" type=\"i\">\n<li>\n<p lang=\"es-US\" align=\"left\">No, la vida Cristiana es una de tener puesto los ojos en la TIERRA DE LA CANA\u00c1N CELESTIAL. Es decir, el CIELO. <\/p>\n<\/li>\n<\/ol>\n<\/ol>\n<\/ol>\n<p lang=\"es-US\" align=\"left\">\n<ol>\n<ol type=\"a\">\n<ol type=\"i\">\n<ol>\n<li>\n<p lang=\"es-US\" align=\"left\">Es por eso que como estuvimos hablando en nuestra lecci\u00f3n pasada, el \u00faltimo verso del cap\u00edtulo anterior, termina diciendo que nosotros no somos de los que VUELVEN atr\u00e1s. <\/p>\n<\/li>\n<\/ol>\n<\/ol>\n<\/ol>\n<\/ol>\n<p lang=\"es-US\" align=\"left\">\n<ol>\n<ol type=\"a\">\n<ol type=\"i\">\n<ol>\n<ol type=\"a\">\n<li>\n<p lang=\"es-US\" align=\"left\">(Hebreos 10:39) \u00abPero nosotros no somos de los que retroceden para destrucci\u00f3n, sino de los que tienen fe para preservaci\u00f3n del alma.\u00bb RVR1977<\/p>\n<\/li>\n<\/ol>\n<\/ol>\n<\/ol>\n<\/ol>\n<\/ol>\n<p lang=\"es-US\" align=\"left\">\n<ol>\n<ol type=\"a\">\n<ol start=\"4\" type=\"i\">\n<li>\n<p lang=\"es-US\" align=\"left\">Abraham no crey\u00f3 a DIOS como alguien puede creer a un \u00eddolo que ha hecho o comprado, o al viento o al sol etc. <\/p>\n<\/li>\n<\/ol>\n<\/ol>\n<\/ol>\n<p lang=\"es-US\" align=\"left\">\n<ol>\n<ol type=\"a\">\n<ol type=\"i\">\n<ol>\n<li>\n<p lang=\"es-US\" align=\"left\">Abraham crey\u00f3 a Dios porque pudo ver que DIOS era real.<\/p>\n<\/li>\n<\/ol>\n<\/ol>\n<\/ol>\n<\/ol>\n<p lang=\"es-US\" align=\"left\">\n<ol>\n<ol type=\"a\">\n<ol type=\"i\">\n<ol start=\"2\">\n<li>\n<p lang=\"es-US\" align=\"left\">Nosotros al igual que Abraham vemos las circunstancias y tenemos que decidir.<\/p>\n<\/li>\n<\/ol>\n<\/ol>\n<\/ol>\n<\/ol>\n<p lang=\"es-US\" align=\"left\">\n<ol>\n<ol type=\"a\">\n<ol type=\"i\">\n<ol>\n<ol type=\"a\">\n<li>\n<p lang=\"es-US\" align=\"left\">Nuestro camino al CIELO no es un: \u00abTAL VEZ\u00bb. Es una CERTIDUMBRE. <\/p>\n<\/li>\n<\/ol>\n<\/ol>\n<\/ol>\n<\/ol>\n<\/ol>\n<p lang=\"es-US\" align=\"left\">\n<ol>\n<ol type=\"a\">\n<ol start=\"5\" type=\"i\">\n<li>\n<p lang=\"es-US\" align=\"left\">Nosotros tambi\u00e9n pasamos por tribulaciones como Abraham y tal vez peor.<\/p>\n<\/li>\n<\/ol>\n<\/ol>\n<\/ol>\n<p lang=\"es-US\" align=\"left\">\n<ol>\n<ol type=\"a\">\n<ol type=\"i\">\n<ol>\n<li>\n<p lang=\"es-US\" align=\"left\">Pero en medio de la tribulaci\u00f3n, creemos a DIOS. <\/p>\n<\/li>\n<\/ol>\n<\/ol>\n<\/ol>\n<\/ol>\n<p lang=\"es-US\" align=\"left\">\n<p lang=\"es-US\" align=\"left\">\n<ol start=\"3\">\n<li>\n<p lang=\"es-US\" align=\"left\">La Ciudad y el Fundamento. (Hebreos 11:9-10) \u00abPor la fe, habit\u00f3 como extranjero en la tierra prometida como en tierra ajena, morando en tiendas con Isaac y Jacob, coherederos de la misma promesa; porque esperaba la ciudad que tiene fundamentos, cuyo art\u00edfice y constructor es Dios.\u00bb RVR1977<\/p>\n<\/li>\n<\/ol>\n<p lang=\"es-US\" align=\"left\">\n<ol>\n<ol type=\"a\">\n<li>\n<p lang=\"es-US\" align=\"left\">Abram vivi\u00f3 en la TIERRA PROMETIDA pero antes de recibir la herencia. As\u00ed que, aunque vivi\u00f3 en CANA\u00c1N, nunca lleg\u00f3 a poseer la tierra de CANA\u00c1N o de la PROMESA. <\/p>\n<\/li>\n<\/ol>\n<\/ol>\n<p lang=\"es-US\" align=\"left\">\n<ol>\n<ol type=\"a\">\n<ol type=\"i\">\n<li>\n<p lang=\"es-US\" align=\"left\">M\u00e1s bien el Texto Sagrado dice que habit\u00f3 como EXTRANJERO. Es decir, un PEREGRINO. <\/p>\n<\/li>\n<\/ol>\n<\/ol>\n<\/ol>\n<p lang=\"es-US\" align=\"left\">\n<ol>\n<ol type=\"a\">\n<ol start=\"2\" type=\"i\">\n<li>\n<p lang=\"es-US\" align=\"left\">Aunque DIOS los hab\u00eda hecho a Abram, Isaac y Jacob, bien ricos, vivieron en tiendas como gente n\u00f3mada, sin poseer la TIERRA DE CANA\u00c1N. <\/p>\n<\/li>\n<\/ol>\n<\/ol>\n<\/ol>\n<p lang=\"es-US\" align=\"left\">\n<ol>\n<ol type=\"a\">\n<ol type=\"i\">\n<ol>\n<li>\n<p lang=\"es-US\" align=\"left\">(Hebreos 11:13) \u00abConforme a la fe murieron todos \u00e9stos sin haber recibido lo prometido, sino mir\u00e1ndolo de lejos, y crey\u00e9ndolo, y salud\u00e1ndolo, y confesando que eran extranjeros y peregrinos sobre la tierra.\u00bb RVR1977<\/p>\n<\/li>\n<\/ol>\n<\/ol>\n<\/ol>\n<\/ol>\n<p lang=\"es-US\" align=\"left\">\n<ol>\n<ol start=\"2\" type=\"a\">\n<li>\n<p lang=\"es-US\" align=\"left\">El Texto Sagrado al mencionar la CIUDAD \u00abque tiene fundamentos, cuyo art\u00edfice y constructor es Dios\u00bb se est\u00e1 refiriendo a la CIUDAD CELESTIAL. O sea, la Nueva Jerusal\u00e9n (Apocalipsis 21:9-27). <\/p>\n<\/li>\n<\/ol>\n<\/ol>\n<p lang=\"es-US\" align=\"left\">\n<ol>\n<ol type=\"a\">\n<ol type=\"i\">\n<li>\n<p lang=\"es-US\" align=\"left\">Eso nos muestra que la FE de Abram, no estaba fija solamente en las PROMESAS de esta tierra, sino que su fin era la PATRIA CELESTIAL. <\/p>\n<\/li>\n<\/ol>\n<\/ol>\n<\/ol>\n<p lang=\"es-US\" align=\"left\">\n<ol>\n<ol type=\"a\">\n<ol type=\"i\">\n<ol>\n<li>\n<p lang=\"es-US\" align=\"left\">(Hebreos 11:14-16) \u00abAl expresarse as\u00ed, claramente dieron a entender que andaban en busca de una patria. <sup>10\u00a015\u00a0<\/sup>Si hubieran estado pensando en aquella patria de donde hab\u00edan emigrado, habr\u00edan tenido oportunidad de regresar a ella. <sup>16\u00a0<\/sup>Antes bien, anhelaban una patria mejor, es decir, la celestial. Por lo tanto, Dios no se avergonz\u00f3 de ser llamado su Dios, y les prepar\u00f3 una ciudad.\u00bb NVI<\/p>\n<\/li>\n<\/ol>\n<\/ol>\n<\/ol>\n<\/ol>\n<p lang=\"es-US\" align=\"left\">\n<ol>\n<ol start=\"3\" type=\"a\">\n<li>\n<p lang=\"es-US\" align=\"left\">As\u00ed nosotros tambi\u00e9n confesamos que somos PEREGRINOS en esta tierra, esperando un d\u00eda estar con el SE\u00d1OR. <\/p>\n<\/li>\n<\/ol>\n<\/ol>\n<p lang=\"es-US\" align=\"left\">\n<ol>\n<ol type=\"a\">\n<ol type=\"i\">\n<li>\n<p lang=\"es-US\" align=\"left\">(1 Pedro 2:11) \u00abQueridos hermanos, les ruego como a extranjeros y peregrinos en este mundo, que se aparten de los deseos pecaminosos que combaten contra la vida.\u00bb NVI <\/p>\n<\/li>\n<\/ol>\n<\/ol>\n<\/ol>\n<p lang=\"es-US\" align=\"left\">\n<ol>\n<ol type=\"a\">\n<ol type=\"i\">\n<ol>\n<li>\n<p lang=\"es-US\" align=\"left\">Como dice un comentarista B\u00edblico: \u00abLa patria de la persona que conoce a Dios por la fe es celestial (11:6), y nunca se siente \u201cen casa\u201d en este mundo.\u00bb<sup>v<\/sup><\/p>\n<\/li>\n<\/ol>\n<\/ol>\n<\/ol>\n<\/ol>\n<p lang=\"es-US\" align=\"left\">\n<ol>\n<ol type=\"a\">\n<ol type=\"i\">\n<ol start=\"2\">\n<li>\n<p lang=\"es-US\" align=\"left\">Palabras bien CLARAS. Es por eso que el creyente ha sido SEPARADO para vivir PARA el SE\u00d1OR.<\/p>\n<\/li>\n<\/ol>\n<\/ol>\n<\/ol>\n<\/ol>\n<p lang=\"es-US\" align=\"left\">\n<ol>\n<ol type=\"a\">\n<ol type=\"i\">\n<ol start=\"3\">\n<li>\n<p lang=\"es-US\" align=\"left\">Eso se conoce como la SANTIDAD PROGRESIVA. O sea, es la Obra que el ESP\u00cdRITU SANTO hace en la vida del creyente mientras estamos en esta tierra como PEREGRINOS. <\/p>\n<\/li>\n<\/ol>\n<\/ol>\n<\/ol>\n<\/ol>\n<p lang=\"es-US\" align=\"left\">\n<ol>\n<ol start=\"4\" type=\"a\">\n<li>\n<p lang=\"es-US\" align=\"left\">Para concluir, mientras hablamos de FE, debemos pensar si somos OBEDIENTES a la Palabra de DIOS. Donde no hay OBEDIENCIA a la Palabra de DIOS, esa FE es una mera PRESUNCI\u00d3N, ya que no est\u00e1 basada en el FUNDAMENTO VERDADERO que es JESUCRISTO, sino en lo que la misma persona supone que es FE. <\/p>\n<\/li>\n<\/ol>\n<\/ol>\n<p class=\"western\" lang=\"es-US\" align=\"left\">\n<p class=\"western\" lang=\"es-US\" align=\"left\">\n<p class=\"western\" lang=\"es-US\" align=\"left\">\n<p class=\"western\" lang=\"es-US\" align=\"left\">Conclusi\u00f3n<\/p>\n<p class=\"western\" lang=\"es-US\" align=\"left\">Oremos\u2026<\/p>\n<p class=\"western\" lang=\"es-US\" align=\"left\">\n<p class=\"western\" lang=\"es-US\" align=\"left\">\n<p class=\"western\" lang=\"es-US\" align=\"left\">\n<p class=\"western\" lang=\"es-US\" align=\"left\">\n<p class=\"western\" lang=\"es-US\" align=\"left\">\n<p class=\"western\" lang=\"es-US\" align=\"left\">\n<p class=\"western\" lang=\"es-US\" align=\"left\">\n<p class=\"western\" lang=\"es-US\" align=\"left\">\n<p class=\"western\" lang=\"es-US\" align=\"left\">\n<p class=\"western\" lang=\"es-US\" align=\"left\">\n<p class=\"western\" lang=\"es-US\" align=\"left\">\n<p class=\"western\" lang=\"es-US\" align=\"left\">\n<p class=\"western\" lang=\"es-US\" align=\"left\">\n<p class=\"western\" lang=\"es-US\" align=\"left\">\n<p class=\"western\" lang=\"es-US\" align=\"left\">\n<p class=\"western\" lang=\"es-US\" align=\"left\">\n<p class=\"western\" lang=\"es-US\" align=\"left\">\n<p class=\"western\" lang=\"es-US\" align=\"left\">\n<p class=\"western\" lang=\"es-US\" align=\"left\">\n<p class=\"western\" lang=\"es-US\" align=\"left\">Notas:<\/p>\n<p class=\"sdendnote-western\" lang=\"es-US\">i George Herbert Livingston, Beacon Bible Commentary, vol. 1, Kindle location 1059, Beacon Press. <\/p>\n<p class=\"sdendnote-western\" lang=\"es-US\">ii Ernesto Trenchard, Ep\u00edstola a los Hebreos, p. 197, Editorial Portavoz: 1957.<\/p>\n<p class=\"sdendnote-western\" lang=\"es-US\">iii ESV Study Bible, p. 71, Crossway Books.<\/p>\n<p class=\"sdendnote-western\" lang=\"es-US\">iv S. Barabas, The Zondervan Pictorial Encyclopedia of the Bible, Merrill C. Tenney, General Editor, vol. 3, p. 33, Zondervan.<\/p>\n<p class=\"sdendnote-western\" lang=\"es-US\">v Ricardo Garrett Boyd, Comentario B\u00edblico Mundo Hispano, tomo 23, Hebreos, Santiago, 1 y 2 Pedro, Judas, p. 129, Editorial Mundo Hispano: 2005. <\/p>\n","protected":false},"excerpt":{"rendered":"<p>Por: pastor Daniel Brito T\u00cdTULO: La Obediencia de la FE TEXTO: Hebreos 11:8-10 \u00abPor la fe, Abraham, siendo llamado, obedeci\u00f3 para salir al lugar que hab\u00eda de recibir como herencia; y sali\u00f3 sin saber ad\u00f3nde iba. 9\u00a0Por la fe, habit\u00f3 como extranjero en la tierra prometida como en tierra ajena, morando en tiendas con Isaac &hellip; <a href=\"https:\/\/www.biblia.work\/sermones\/la-obediencia-de-lafe\/\" class=\"more-link\">Continuar leyendo<span class=\"screen-reader-text\"> \u00abLa Obediencia de la&nbsp;FE\u00bb<\/span><\/a><\/p>\n","protected":false},"author":1,"featured_media":0,"comment_status":"open","ping_status":"open","sticky":false,"template":"","format":"standard","meta":{"footnotes":""},"categories":[1],"tags":[],"class_list":["post-11356","post","type-post","status-publish","format-standard","hentry","category-general"],"_links":{"self":[{"href":"https:\/\/www.biblia.work\/sermones\/wp-json\/wp\/v2\/posts\/11356","targetHints":{"allow":["GET"]}}],"collection":[{"href":"https:\/\/www.biblia.work\/sermones\/wp-json\/wp\/v2\/posts"}],"about":[{"href":"https:\/\/www.biblia.work\/sermones\/wp-json\/wp\/v2\/types\/post"}],"author":[{"embeddable":true,"href":"https:\/\/www.biblia.work\/sermones\/wp-json\/wp\/v2\/users\/1"}],"replies":[{"embeddable":true,"href":"https:\/\/www.biblia.work\/sermones\/wp-json\/wp\/v2\/comments?post=11356"}],"version-history":[{"count":0,"href":"https:\/\/www.biblia.work\/sermones\/wp-json\/wp\/v2\/posts\/11356\/revisions"}],"wp:attachment":[{"href":"https:\/\/www.biblia.work\/sermones\/wp-json\/wp\/v2\/media?parent=11356"}],"wp:term":[{"taxonomy":"category","embeddable":true,"href":"https:\/\/www.biblia.work\/sermones\/wp-json\/wp\/v2\/categories?post=11356"},{"taxonomy":"post_tag","embeddable":true,"href":"https:\/\/www.biblia.work\/sermones\/wp-json\/wp\/v2\/tags?post=11356"}],"curies":[{"name":"wp","href":"https:\/\/api.w.org\/{rel}","templated":true}]}}