{"id":11357,"date":"2016-03-16T03:30:34","date_gmt":"2016-03-16T08:30:34","guid":{"rendered":"http:\/\/www.biblia.work\/sermones\/viviendo-el-evangelio\/"},"modified":"2016-03-16T03:30:34","modified_gmt":"2016-03-16T08:30:34","slug":"viviendo-el-evangelio","status":"publish","type":"post","link":"https:\/\/www.biblia.work\/sermones\/viviendo-el-evangelio\/","title":{"rendered":"Viviendo el Evangelio"},"content":{"rendered":"<p class=\"western\" align=\"left\">Por: pastor Daniel Brito<\/p>\n<p class=\"western\" align=\"left\">T\u00cdTULO: Viviendo el Evangelio<\/p>\n<p class=\"western\" align=\"left\">TEMA: Los prop\u00f3sitos del a\u00f1o Nuevo<\/p>\n<p class=\"western\" align=\"left\">TEXTO: Romanos 1:16-17<\/p>\n<p class=\"western\" align=\"left\">\u00abA la verdad, no me averg\u00fcenzo del evangelio, pues es poder de Dios para la salvaci\u00f3n de todos los que creen: de los jud\u00edos primeramente, pero tambi\u00e9n de los gentiles. <sup>17\u00a0<\/sup>De hecho, en el evangelio se revela la justicia que proviene de Dios, la cual es por fe de principio a fin, tal como est\u00e1 escrito: \u00abEl justo vivir\u00e1 por la fe.\u00bb<\/p>\n<p class=\"western\" align=\"left\">INTRODUCCI\u00d3N: <\/p>\n<p class=\"western\" align=\"left\">Ya estamos en la segunda semana del a\u00f1o 2016, pero seguramente que los prop\u00f3sitos nuevos para este a\u00f1o, est\u00e1n todav\u00eda frescos en nuestras mentes. Pero en esta noche vamos a tratar sobre un prop\u00f3sito que no es nuevo, pero que debemos REFRESCAR en nuestras vidas, y es lo que el Evangelio debe significar para nosotros. Trataremos los siguientes puntos:<\/p>\n<ol>\n<li>\n<p align=\"left\">Trasfondo<\/p>\n<\/li>\n<li>\n<p align=\"left\">Sin avergonzarse <\/p>\n<\/li>\n<li>\n<p align=\"left\">Poder, salvaci\u00f3n, fe y justicia<\/p>\n<\/li>\n<li>\n<p align=\"left\">El Mensaje Declarado<\/p>\n<\/li>\n<\/ol>\n<p class=\"western\" align=\"left\">LECCI\u00d3N:<\/p>\n<ol>\n<li>\n<p align=\"left\">Trasfondo. Estos dos versos que hemos le\u00eddo expresan el tema de nuestra Ep\u00edstola, y contienen la verdad transformadora que DIOS ha puesto en las manos de los hombres.<sup>i<\/sup> Evangelio en el idioma original quiere decir: \u00abBuenas Nuevas\u00bb o \u00abBuenas Noticias.\u00bb No es un mensaje de hombres, sino que es DIVINO, ya que procede de DIOS. <\/p>\n<\/li>\n<\/ol>\n<ol start=\"2\">\n<li>\n<p align=\"left\">Sin avergonzarse. El ap\u00f3stol Pablo no se avergonzaba del Evangelio, aun en las situaciones dif\u00edciles. Ese es el ejemplo que la historia de la Iglesia Perseguida de los primeros tres siglos sigui\u00f3, y es como muchos Cristianos fueron muertos por NO NEGAR al SE\u00d1OR JES\u00daS. Es decir, el EVANGELIO. <\/p>\n<\/li>\n<\/ol>\n<ol>\n<ol type=\"a\">\n<li>\n<p align=\"left\">Seguramente que el ap\u00f3stol Pablo ten\u00eda en mente las Palabras del SE\u00d1OR JES\u00daS en Marcos 8:38:<\/p>\n<\/li>\n<\/ol>\n<\/ol>\n<ol>\n<ol type=\"a\">\n<ol type=\"i\">\n<li>\n<p align=\"left\">\u00abSi alguien se averg\u00fcenza de m\u00ed y de mis palabras en medio de esta generaci\u00f3n ad\u00faltera y pecadora, tambi\u00e9n el Hijo del hombre se avergonzar\u00e1 de \u00e9l cuando venga en la gloria de su Padre con los santos \u00e1ngeles.\u00bb<\/p>\n<\/li>\n<\/ol>\n<\/ol>\n<\/ol>\n<ol>\n<ol start=\"2\" type=\"a\">\n<li>\n<p align=\"left\">Pablo tambi\u00e9n sab\u00eda que el mensaje de la CRUZ DE JESUCRISTO era un TROPIEZO para los jud\u00edos que despreciaban la CRUZ DE JES\u00daS, y era LOCURA para los gentiles que depend\u00edan de sus propias ideas y filosof\u00edas. <\/p>\n<\/li>\n<\/ol>\n<\/ol>\n<ol>\n<ol type=\"a\">\n<ol type=\"i\">\n<li>\n<p align=\"left\">(1 Corintios 1:22-25) \u00abLos jud\u00edos piden se\u00f1ales milagrosas y los gentiles buscan sabidur\u00eda, mientras que nosotros predicamos a Cristo crucificado. Este mensaje es motivo de tropiezo para los jud\u00edos, y es locura para los gentiles, <sup>23\u00a024\u00a0<\/sup>pero para los que Dios ha llamado, lo mismo jud\u00edos que gentiles, Cristo es el poder de Dios y la sabidur\u00eda de Dios. <sup>25\u00a0<\/sup>Pues la locura de Dios es m\u00e1s sabia que la sabidur\u00eda humana, y la debilidad de Dios es m\u00e1s fuerte que la fuerza humana.\u00bb<\/p>\n<\/li>\n<\/ol>\n<\/ol>\n<\/ol>\n<ol>\n<ol start=\"3\" type=\"a\">\n<li>\n<p align=\"left\">En nuestros tiempos, los cambios sociales han creado un ambiente antagonista al Evangelio. <\/p>\n<\/li>\n<\/ol>\n<\/ol>\n<ol>\n<ol type=\"a\">\n<ol type=\"i\">\n<li>\n<p align=\"left\">En lo moral:<\/p>\n<\/li>\n<\/ol>\n<\/ol>\n<\/ol>\n<ol>\n<ol type=\"a\">\n<ol type=\"i\">\n<ol>\n<li>\n<p align=\"left\">Por la redefinici\u00f3n del Matrimonio. <\/p>\n<\/li>\n<\/ol>\n<\/ol>\n<\/ol>\n<\/ol>\n<ol>\n<ol type=\"a\">\n<ol type=\"i\">\n<ol start=\"2\">\n<li>\n<p align=\"left\">Por la aceptaci\u00f3n de la Inmoralidad sexual por nuestra sociedad.<\/p>\n<\/li>\n<\/ol>\n<\/ol>\n<\/ol>\n<\/ol>\n<ol>\n<ol type=\"a\">\n<ol type=\"i\">\n<ol start=\"3\">\n<li>\n<p align=\"left\">Por el poco respeto a la vida humana por medio del aborto.<\/p>\n<\/li>\n<\/ol>\n<\/ol>\n<\/ol>\n<\/ol>\n<ol>\n<ol type=\"a\">\n<ol start=\"2\" type=\"i\">\n<li>\n<p align=\"left\">En lo espiritual:<\/p>\n<\/li>\n<\/ol>\n<\/ol>\n<\/ol>\n<ol>\n<ol type=\"a\">\n<ol type=\"i\">\n<ol>\n<li>\n<p align=\"left\">Por el crecimiento del secularismo y ate\u00edsmo.<\/p>\n<\/li>\n<\/ol>\n<\/ol>\n<\/ol>\n<\/ol>\n<ol>\n<ol type=\"a\">\n<ol type=\"i\">\n<ol start=\"2\">\n<li>\n<p align=\"left\">Por la cantidad de diferentes creencias en las tantas religiones y sectas. <\/p>\n<\/li>\n<\/ol>\n<\/ol>\n<\/ol>\n<\/ol>\n<ol>\n<ol type=\"a\">\n<ol start=\"3\" type=\"i\">\n<li>\n<p align=\"left\">AN\u00c9CDOTA: Martin Lutero, el gran reformador del siglo 16, hab\u00eda advertido a la gente en ocasiones anteriores que cada vez que el evangelio es predicado con precisi\u00f3n y pasi\u00f3n, que traer\u00eda conflictos, y ya que la gente huye de un conflicto, cada generaci\u00f3n tiende a diluir u ocultar el Evangelio, lo cual permite ser eclipsado por la oscuridad como hab\u00eda sido durante siglos antes de la Reforma. En el momento de la muerte de Lutero, ese eclipse ya estaba ocurriendo en Alemania.<sup>ii<\/sup><\/p>\n<\/li>\n<\/ol>\n<\/ol>\n<\/ol>\n<ol>\n<ol type=\"a\">\n<ol type=\"i\">\n<ol>\n<li>\n<p align=\"left\">Noten que \u00abdiluir\u00bb el Evangelio es lo mismo que \u00abavergonzarse\u00bb del Evangelio. Eso es porque se \u00abcambia\u00bb el Evangelio, para que no OFENDA a algunos. <\/p>\n<\/li>\n<\/ol>\n<\/ol>\n<\/ol>\n<\/ol>\n<ol>\n<ol start=\"4\" type=\"a\">\n<li>\n<p align=\"left\">Nosotros al igual que el ap\u00f3stol Pablo, debemos decir con toda seguridad que NO NOS AVERGONZAMOS del Evangelio, ya que solamente el EVANGELIO, lleva a la vida eterna con DIOS. <\/p>\n<\/li>\n<\/ol>\n<\/ol>\n<ol start=\"3\">\n<li>\n<p align=\"left\">Poder, salvaci\u00f3n, fe y justicia. (Romanos 1:16-17) \u00abA la verdad, no me averg\u00fcenzo del evangelio, pues es poder de Dios para la salvaci\u00f3n de todos los que creen: de los jud\u00edos primeramente, pero tambi\u00e9n de los gentiles. De hecho, en el evangelio se revela la justicia que proviene de Dios, la cual es por fe de principio a fin, tal como est\u00e1 escrito: \u00abEl justo vivir\u00e1 por la fe.\u00bb<\/p>\n<\/li>\n<\/ol>\n<ol>\n<ol type=\"a\">\n<li>\n<p align=\"left\">Noten en este punto lo que el Evangelio contiene: PODER, SALVACI\u00d3N, FE Y JUSTICIA. <\/p>\n<\/li>\n<\/ol>\n<\/ol>\n<ol>\n<ol type=\"a\">\n<ol type=\"i\">\n<li>\n<p align=\"left\">Poder, porque es el mismo PODER de DIOS que cambia al pecador.<\/p>\n<\/li>\n<\/ol>\n<\/ol>\n<\/ol>\n<ol>\n<ol type=\"a\">\n<ol start=\"2\" type=\"i\">\n<li>\n<p align=\"left\">Salvaci\u00f3n, porque es la \u00fanica manera de poder ir al Cielo por medio de JESUCRISTO.<\/p>\n<\/li>\n<\/ol>\n<\/ol>\n<\/ol>\n<ol>\n<ol type=\"a\">\n<ol start=\"3\" type=\"i\">\n<li>\n<p align=\"left\">Fe, porque no es por obras meritorias, sino por la FE en JESUCRISTO y Su Obra Redentora en la Cruz del Calvario, y Su Resurrecci\u00f3n corporal de entre los muertos. <\/p>\n<\/li>\n<\/ol>\n<\/ol>\n<\/ol>\n<ol>\n<ol type=\"a\">\n<ol start=\"4\" type=\"i\">\n<li>\n<p align=\"left\">Justicia, porque por medio de la Obra Redentora en la Cruz del Calvario, el pecador es declarado \u00abjusto\u00bb sin merecerlo (2 Corintios 5:21). <\/p>\n<\/li>\n<\/ol>\n<\/ol>\n<\/ol>\n<ol>\n<ol start=\"2\" type=\"a\">\n<li>\n<p align=\"left\">\u00bfQu\u00e9 es lo que el Evangelio requiere del pecador? <\/p>\n<\/li>\n<\/ol>\n<\/ol>\n<ol>\n<ol type=\"a\">\n<ol type=\"i\">\n<li>\n<p align=\"left\">En primer lugar: CREER, nadie puede ser salvo si no ha CRE\u00cdDO en JESUCRISTO como Salvador de su vida. <\/p>\n<\/li>\n<\/ol>\n<\/ol>\n<\/ol>\n<ol>\n<ol type=\"a\">\n<ol start=\"2\" type=\"i\">\n<li>\n<p align=\"left\">En segundo lugar: DEBE VIVIR EL EVANGELIO. \u00ab\u2026pues es poder de Dios para la salvaci\u00f3n de todos los que creen\u2026\u00bb<\/p>\n<\/li>\n<\/ol>\n<\/ol>\n<\/ol>\n<ol>\n<ol type=\"a\">\n<ol type=\"i\">\n<ol>\n<li>\n<p align=\"left\">Vivir el Evangelio es OBEDECER el Evangelio. <\/p>\n<\/li>\n<\/ol>\n<\/ol>\n<\/ol>\n<\/ol>\n<ol start=\"4\">\n<li>\n<p align=\"left\">El Mensaje Declarado. Ahora en nuestro \u00faltimo punto, es necesario ver que despu\u00e9s de CREER y VIVIR el Evangelio, el creyente debe DECLARAR el Evangelio. Es decir, debe COMPARTIRLO con otros. <\/p>\n<\/li>\n<\/ol>\n<ol>\n<ol type=\"a\">\n<li>\n<p align=\"left\">Eso no lo hacemos para ser salvos, sino porque SOMOS salvos. Todo creyente es responsable de cumplir la GRAN COMISI\u00d3N dada por nuestro SE\u00d1OR JESUCRISTO despu\u00e9s de Su Resurrecci\u00f3n. <\/p>\n<\/li>\n<\/ol>\n<\/ol>\n<ol>\n<ol type=\"a\">\n<ol type=\"i\">\n<li>\n<p align=\"left\">(Mateo 28:19-20) \u00abPor tanto, vayan y hagan disc\u00edpulos de todas las naciones, bautiz\u00e1ndolos en el nombre del Padre y del Hijo y del Esp\u00edritu Santo, <sup>17\u00a020\u00a0<\/sup>ense\u00f1\u00e1ndoles a obedecer todo lo que les he mandado a ustedes. Y les aseguro que estar\u00e9 con ustedes siempre, hasta el fin del mundo.\u00bb<\/p>\n<\/li>\n<\/ol>\n<\/ol>\n<\/ol>\n<ol>\n<ol start=\"2\" type=\"a\">\n<li>\n<p align=\"left\">\u00abEl que recibe estas buenas noticias se libra de:<\/p>\n<ol type=\"i\">\n<li>\n<p align=\"left\">La enfermedad del pecado.<\/p>\n<\/li>\n<li>\n<p align=\"left\">Los hurtos espirituales de Satan\u00e1s.<\/p>\n<\/li>\n<li>\n<p align=\"left\">La muerte espiritual y la condenaci\u00f3n eterna.\u00bb<sup>iii<\/sup> <\/p>\n<\/li>\n<\/ol>\n<\/li>\n<\/ol>\n<\/ol>\n<ol>\n<ol start=\"3\" type=\"a\">\n<li>\n<p align=\"left\">Que en este nuevo a\u00f1o que comienza, podamos proponernos COMPARTIR el Evangelio con otra persona, e invitarla a un Culto de Hogar como este, o a la iglesia, deseando que el PODER DEL EVANGELIO PREDICADO, transforme las vidas por medio de nuestro SE\u00d1OR JESUCRISTO, nuestro SALVADOR. <\/p>\n<\/li>\n<\/ol>\n<\/ol>\n<p class=\"western\" align=\"left\">Conclusi\u00f3n<\/p>\n<p class=\"western\" align=\"left\">Oremos\u2026<\/p>\n<p class=\"western\" align=\"left\">*Todo Texto B\u00edblico sin otra indicaci\u00f3n, ha sido tomado de la Santa Biblia, Nueva Versi\u00f3n Internacional. <\/p>\n<p class=\"western\" align=\"left\">Notas:<\/p>\n<p class=\"sdendnote-western\">i John McArthur, The MacArthur New Testament Commentary, Romans, Kindle location 1335, Moody Press: 1991.<\/p>\n<p class=\"sdendnote-western\">ii R. C. Sproul, Romans, St. Andrews\u2019s Expositional Commentary, p. 31, Crossway: 2009.<\/p>\n<p class=\"sdendnote-western\">iii Kittim Silva, Bosquejos para Predicadores, Tomo 2, p. 132, editorial CLIE: 1985.<\/p>\n","protected":false},"excerpt":{"rendered":"<p>Por: pastor Daniel Brito T\u00cdTULO: Viviendo el Evangelio TEMA: Los prop\u00f3sitos del a\u00f1o Nuevo TEXTO: Romanos 1:16-17 \u00abA la verdad, no me averg\u00fcenzo del evangelio, pues es poder de Dios para la salvaci\u00f3n de todos los que creen: de los jud\u00edos primeramente, pero tambi\u00e9n de los gentiles. 17\u00a0De hecho, en el evangelio se revela la &hellip; <a href=\"https:\/\/www.biblia.work\/sermones\/viviendo-el-evangelio\/\" class=\"more-link\">Continuar leyendo<span class=\"screen-reader-text\"> \u00abViviendo el Evangelio\u00bb<\/span><\/a><\/p>\n","protected":false},"author":1,"featured_media":0,"comment_status":"open","ping_status":"open","sticky":false,"template":"","format":"standard","meta":{"footnotes":""},"categories":[1],"tags":[],"class_list":["post-11357","post","type-post","status-publish","format-standard","hentry","category-general"],"_links":{"self":[{"href":"https:\/\/www.biblia.work\/sermones\/wp-json\/wp\/v2\/posts\/11357","targetHints":{"allow":["GET"]}}],"collection":[{"href":"https:\/\/www.biblia.work\/sermones\/wp-json\/wp\/v2\/posts"}],"about":[{"href":"https:\/\/www.biblia.work\/sermones\/wp-json\/wp\/v2\/types\/post"}],"author":[{"embeddable":true,"href":"https:\/\/www.biblia.work\/sermones\/wp-json\/wp\/v2\/users\/1"}],"replies":[{"embeddable":true,"href":"https:\/\/www.biblia.work\/sermones\/wp-json\/wp\/v2\/comments?post=11357"}],"version-history":[{"count":0,"href":"https:\/\/www.biblia.work\/sermones\/wp-json\/wp\/v2\/posts\/11357\/revisions"}],"wp:attachment":[{"href":"https:\/\/www.biblia.work\/sermones\/wp-json\/wp\/v2\/media?parent=11357"}],"wp:term":[{"taxonomy":"category","embeddable":true,"href":"https:\/\/www.biblia.work\/sermones\/wp-json\/wp\/v2\/categories?post=11357"},{"taxonomy":"post_tag","embeddable":true,"href":"https:\/\/www.biblia.work\/sermones\/wp-json\/wp\/v2\/tags?post=11357"}],"curies":[{"name":"wp","href":"https:\/\/api.w.org\/{rel}","templated":true}]}}