{"id":14463,"date":"2016-03-29T02:08:45","date_gmt":"2016-03-29T07:08:45","guid":{"rendered":"http:\/\/www.biblia.work\/sermones\/el-dia-de-la-madre-mama-de-profesion\/"},"modified":"2016-03-29T02:08:45","modified_gmt":"2016-03-29T07:08:45","slug":"el-dia-de-la-madre-mama-de-profesion","status":"publish","type":"post","link":"https:\/\/www.biblia.work\/sermones\/el-dia-de-la-madre-mama-de-profesion\/","title":{"rendered":"El D\u00eda de la Madre &#8211; Mam\u00e1 de Profesi\u00f3n"},"content":{"rendered":"<p align=\"justify\" >El D\u00eda de las Madres &#8211; Mam\u00e1 de Profesi\u00f3n<\/p>\n<p align=\"justify\">( enviado a mi escritorio por Marta Loren.)<\/p>\n<p align=\"justify\">Un d\u00eda fui a sacar el registro de conducir y la oficial que tomaba los datos, me pregunto cu\u00e1l era mi ocupaci\u00f3n.<\/p>\n<p align=\"justify\">No supe como etiquetar mi trabajo de<strong> &#8220;madre&#8221; y qu\u00e9 responder.<\/strong><\/p>\n<p align=\"justify\">Al percatarse de esto la oficial que tomaba los datos me dijo:<\/p>\n<p align=\"justify\"><strong>&#8220;Me refiero a si trabaja usted o es simplemente, es una&#8230;&#8221;<\/strong><\/p>\n<p align=\"justify\">&#8211; Claro que tengo un trabajo -le contest\u00e9- <strong>&#8220;soy una mam\u00e1&#8221;.<\/strong><\/p>\n<p align=\"justify\">A lo que la oficial respondi\u00f3: &#8220;No ponemos mam\u00e1 como opci\u00f3n, vamos a ponerle &#8220;ama de casa&#8221;, fue la respuesta enf\u00e1tica de la oficial.<\/p>\n<p align=\"justify\">Hab\u00eda olvidado por completo esta historia hasta que un d\u00eda me pas\u00f3 exactamente lo mismo, s\u00f3lo que \u00e9sta vez, en la oficina del Banco de la Naci\u00f3n.<\/p>\n<p align=\"justify\">La funcionaria era obviamente una mujer de carrera, eficiente, de mucha postura y ten\u00eda un t\u00edtulo muy despampanante que dec\u00eda: &#8220;Interrogadora Oficial&#8221;.<\/p>\n<p align=\"justify\">-\u00bfCu\u00e1l es su ocupaci\u00f3n?&#8221;, me pregunt\u00f3 ella.<\/p>\n<p align=\"justify\">Qu\u00e9 me hizo contestarle esto, no lo s\u00e9, pero las palabras simplemente salieron de mi boca:<\/p>\n<p align=\"justify\">-Soy una <strong>&#8220;Investigadora Asociada en el campo del Desarrollo Infantil y <\/strong><strong>Relaciones Humanas.&#8221;<\/strong><\/p>\n<p align=\"justify\">La funcionaria se detuvo, el bol\u00edgrafo qued\u00f3 congelado en el aire y me mir\u00f3 como si no hubiese escuchado bien..<\/p>\n<p align=\"justify\">Repet\u00ed el t\u00edtulo lentamente, poniendo \u00e9nfasis en las palabras m\u00e1s importantes.<\/p>\n<p align=\"justify\">Luego, observ\u00e9 asombrada c\u00f3mo mi pomposo anuncio era escrito en tinta negra en el cuestionario oficial.<\/p>\n<p align=\"justify\">Me permite preguntarle&#8221; -dijo la funcionaria, con un aire de inter\u00e9s-<\/p>\n<p align=\"justify\"><strong>\u00bfQu\u00e9 es exactamente lo que hace usted en este campo de investigaci\u00f3n?&#8221;<\/strong><\/p>\n<p align=\"justify\">Con una voz muy calmada y pausada me escuch\u00e9 contestarle: Tengo un programa continuo de investigaci\u00f3n<strong> (qu\u00e9 madre no lo tiene?)<\/strong> en el laboratorio y en el campo (normalmente me hubiera referido a lo anterior como adentro y afuera).<\/p>\n<p align=\"justify\">Estoy trabajando para mi maestr\u00eda (la familia completa) y ya tengo cuatro cr\u00e9ditos (todas mis hijas).<\/p>\n<p align=\"justify\">Por supuesto que el trabajo es uno de los que mayor demanda tiene en el campo de humanidades<strong> (alguna madre est\u00e1 en desacuerdo?)<\/strong> y usualmente trabajo 14 horas diarias (en realidad son m\u00e1s&#8230; como 24). Pero el trabajo tiene muchos m\u00e1s retos que cualquier trabajo sencillo y, las remuneraciones m\u00e1s que econ\u00f3micas est\u00e1n ligadas al \u00e1rea de la satisfacci\u00f3n personal&#8230;<\/p>\n<p align=\"justify\">Se pod\u00eda sentir una creciente nota de respeto en la voz de la funcionaria mientras completaba el formulario.<\/p>\n<p align=\"justify\">Una vez terminado el proceso, se levant\u00f3 de la silla, personalmente y me acompa\u00f1\u00f3 a la puerta.<\/p>\n<p align=\"justify\">Al llegar a casa, emocionada por mi nueva carrera profesional, salieron a recibirme tres de mis asociadas al laboratorio, de 13, 7 y 3 a\u00f1os de edad.<\/p>\n<p align=\"justify\">Arriba pod\u00eda escuchar a nuestro nuevo modelo experimental, en el programa de desarrollo infantil (de 6 meses de edad), probando un nuevo programa de patr\u00f3n en vocalizaci\u00f3n&#8230;<\/p>\n<p align=\"justify\">Y me sent\u00ed triunfante! <strong>\u00a1\u00a1\u00a1Le hab\u00eda ganado a la burocracia!!!<\/strong> Hab\u00eda entrado en los registros oficiales como una persona m\u00e1s distinguida e indispensable para la humanidad que s\u00f3lo <strong>&#8220;una madre m\u00e1s&#8221;&#8230;..<\/strong><\/p>\n<p align=\"justify\"><strong>La maternidad: que carrera m\u00e1s gloriosa, especialmente, cuando tiene un t\u00edtulo en la puerta.<\/strong><\/p>\n<p align=\"justify\">Me gusto mucho este tema, que me envio Loren para compartirlo con ustedes<\/p>\n<p align=\"justify\">Su amigo en Miami, Dr. Jose Luis G.<\/p>\n<p align=\"justify\">Si deseas leer m\u00e1s reflexiones cristianas y escritos por el <strong>d\u00eda de la Madre<\/strong>, puedes hacer <strong>click aqu\u00ed<\/strong><\/p>\n","protected":false},"excerpt":{"rendered":"<p>El D\u00eda de las Madres &#8211; Mam\u00e1 de Profesi\u00f3n ( enviado a mi escritorio por Marta Loren.) Un d\u00eda fui a sacar el registro de conducir y la oficial que tomaba los datos, me pregunto cu\u00e1l era mi ocupaci\u00f3n. No supe como etiquetar mi trabajo de &#8220;madre&#8221; y qu\u00e9 responder. Al percatarse de esto la &hellip; <a href=\"https:\/\/www.biblia.work\/sermones\/el-dia-de-la-madre-mama-de-profesion\/\" class=\"more-link\">Continuar leyendo<span class=\"screen-reader-text\"> \u00abEl D\u00eda de la Madre &#8211; Mam\u00e1 de Profesi\u00f3n\u00bb<\/span><\/a><\/p>\n","protected":false},"author":1,"featured_media":0,"comment_status":"open","ping_status":"closed","sticky":false,"template":"","format":"standard","meta":{"footnotes":""},"categories":[1],"tags":[],"class_list":["post-14463","post","type-post","status-publish","format-standard","hentry","category-general"],"_links":{"self":[{"href":"https:\/\/www.biblia.work\/sermones\/wp-json\/wp\/v2\/posts\/14463","targetHints":{"allow":["GET"]}}],"collection":[{"href":"https:\/\/www.biblia.work\/sermones\/wp-json\/wp\/v2\/posts"}],"about":[{"href":"https:\/\/www.biblia.work\/sermones\/wp-json\/wp\/v2\/types\/post"}],"author":[{"embeddable":true,"href":"https:\/\/www.biblia.work\/sermones\/wp-json\/wp\/v2\/users\/1"}],"replies":[{"embeddable":true,"href":"https:\/\/www.biblia.work\/sermones\/wp-json\/wp\/v2\/comments?post=14463"}],"version-history":[{"count":0,"href":"https:\/\/www.biblia.work\/sermones\/wp-json\/wp\/v2\/posts\/14463\/revisions"}],"wp:attachment":[{"href":"https:\/\/www.biblia.work\/sermones\/wp-json\/wp\/v2\/media?parent=14463"}],"wp:term":[{"taxonomy":"category","embeddable":true,"href":"https:\/\/www.biblia.work\/sermones\/wp-json\/wp\/v2\/categories?post=14463"},{"taxonomy":"post_tag","embeddable":true,"href":"https:\/\/www.biblia.work\/sermones\/wp-json\/wp\/v2\/tags?post=14463"}],"curies":[{"name":"wp","href":"https:\/\/api.w.org\/{rel}","templated":true}]}}