{"id":16255,"date":"2016-03-29T03:11:03","date_gmt":"2016-03-29T08:11:03","guid":{"rendered":"http:\/\/www.biblia.work\/sermones\/devocional-cristiano-diario-mi-fe-esclarece-mi-razon\/"},"modified":"2016-03-29T03:11:03","modified_gmt":"2016-03-29T08:11:03","slug":"devocional-cristiano-diario-mi-fe-esclarece-mi-razon","status":"publish","type":"post","link":"https:\/\/www.biblia.work\/sermones\/devocional-cristiano-diario-mi-fe-esclarece-mi-razon\/","title":{"rendered":"Devocional Cristiano Diario &#8211; Mi fe esclarece mi raz\u00f3n"},"content":{"rendered":"<p align=\"justify\">             <strong>Por la fe entendemos haber sido constituido el universo por la palabra de Dios.Hebreos 11:3.<\/p>\n<p align=\"justify\">Cosas que ojo no vio, ni o\u00eddo oy\u00f3, ni han subido en coraz\u00f3n de hombre,son las que Dios ha preparado para los que le aman\u2026Dios nos las revel\u00f3 a nosotros por el Esp\u00edritu.1 Corintios 2:9-10.<\/p>\n<p align=\"justify\">Devocional Cristiano Diario &#8211; Mi fe esclarece mi raz\u00f3n<\/strong><\/p>\n<p align=\"justify\">El Dios eterno, todopoderoso, vino a esta tierra como un ni\u00f1o\u2026 luego fue un modesto carpintero\u2026 Sufri\u00f3 una muerte atroz en la cruz\u2026 Y despu\u00e9s resucit\u00f3\u2026 <strong>\u00bfPor este medio Dios podr\u00eda declararme justo? \u00bfPor la muerte de su Hijo? Mi raz\u00f3n se resiste: \u00a1Imposible!<\/strong><\/p>\n<p align=\"justify\">Sin embargo, estas afirmaciones atestiguan la existencia de un Dios digno de este nombre. No es un Dios a mi medida, ni el producto de mis ideas. \u00c9l es el Dios cuyos pensamientos superan totalmente lo que puedo imaginar. Entonces abandono mi pretensi\u00f3n de hacer de mi raz\u00f3n el juez final. Humildemente escucho a Dios, quien habla en la Biblia e incluso propone pruebas a mi inteligencia:<strong> el milagro de la creaci\u00f3n, el de la resurrecci\u00f3n de Jesucristo y tantas profec\u00edas cumplidas\u2026<\/strong><\/p>\n<p align=\"justify\"><strong>As\u00ed mi fe esclarece mi raz\u00f3n.<\/strong> Transforma mis pensamientos m\u00e1s rec\u00f3nditos, mis secretas creencias, y todo mi comportamiento afectivo e intelectual. No creo sin comprender, sino que creo a fin de comprender y aceptar los pensamientos de Dios. As\u00ed mi inteligencia se activa en el descubrimiento del plan de la gracia de Dios que se concretiza en Jesucristo. <strong>\u00c9l es \u201cel primero y el \u00faltimo\u201d, el hombre humillado y el Hijo de Dios. Desde que lo acept\u00e9 como Salvador personal, su presencia de amor me esclarece y me consuela cada d\u00eda.<\/strong><\/p>\n","protected":false},"excerpt":{"rendered":"<p>Por la fe entendemos haber sido constituido el universo por la palabra de Dios.Hebreos 11:3. Cosas que ojo no vio, ni o\u00eddo oy\u00f3, ni han subido en coraz\u00f3n de hombre,son las que Dios ha preparado para los que le aman\u2026Dios nos las revel\u00f3 a nosotros por el Esp\u00edritu.1 Corintios 2:9-10. Devocional Cristiano Diario &#8211; Mi &hellip; <a href=\"https:\/\/www.biblia.work\/sermones\/devocional-cristiano-diario-mi-fe-esclarece-mi-razon\/\" class=\"more-link\">Continuar leyendo<span class=\"screen-reader-text\"> \u00abDevocional Cristiano Diario &#8211; Mi fe esclarece mi raz\u00f3n\u00bb<\/span><\/a><\/p>\n","protected":false},"author":1,"featured_media":0,"comment_status":"open","ping_status":"closed","sticky":false,"template":"","format":"standard","meta":{"footnotes":""},"categories":[1],"tags":[],"class_list":["post-16255","post","type-post","status-publish","format-standard","hentry","category-general"],"_links":{"self":[{"href":"https:\/\/www.biblia.work\/sermones\/wp-json\/wp\/v2\/posts\/16255","targetHints":{"allow":["GET"]}}],"collection":[{"href":"https:\/\/www.biblia.work\/sermones\/wp-json\/wp\/v2\/posts"}],"about":[{"href":"https:\/\/www.biblia.work\/sermones\/wp-json\/wp\/v2\/types\/post"}],"author":[{"embeddable":true,"href":"https:\/\/www.biblia.work\/sermones\/wp-json\/wp\/v2\/users\/1"}],"replies":[{"embeddable":true,"href":"https:\/\/www.biblia.work\/sermones\/wp-json\/wp\/v2\/comments?post=16255"}],"version-history":[{"count":0,"href":"https:\/\/www.biblia.work\/sermones\/wp-json\/wp\/v2\/posts\/16255\/revisions"}],"wp:attachment":[{"href":"https:\/\/www.biblia.work\/sermones\/wp-json\/wp\/v2\/media?parent=16255"}],"wp:term":[{"taxonomy":"category","embeddable":true,"href":"https:\/\/www.biblia.work\/sermones\/wp-json\/wp\/v2\/categories?post=16255"},{"taxonomy":"post_tag","embeddable":true,"href":"https:\/\/www.biblia.work\/sermones\/wp-json\/wp\/v2\/tags?post=16255"}],"curies":[{"name":"wp","href":"https:\/\/api.w.org\/{rel}","templated":true}]}}