{"id":16382,"date":"2016-03-29T03:14:52","date_gmt":"2016-03-29T08:14:52","guid":{"rendered":"http:\/\/www.biblia.work\/sermones\/devocionales-cristianos-la-zarza-ardiente\/"},"modified":"2016-03-29T03:14:52","modified_gmt":"2016-03-29T08:14:52","slug":"devocionales-cristianos-la-zarza-ardiente","status":"publish","type":"post","link":"https:\/\/www.biblia.work\/sermones\/devocionales-cristianos-la-zarza-ardiente\/","title":{"rendered":"Devocionales Cristianos &#8211; La zarza ardiente"},"content":{"rendered":"<p align=\"justify\">\n<p align=\"justify\"><strong>La zarza ardiente <\/strong><\/p>\n<p align=\"justify\"><strong> <\/strong><\/p>\n<p align=\"justify\"><strong>Y se le apareci\u00f3 el \u00c1ngel de Jehov\u00e1 en una llama de fuego, en medio de una zarza; y \u00e9l mir\u00f3, y vio que la zarza ard\u00eda en fuego, y la zarza no se consum\u00eda.\u00c9xodo 3:2 <\/strong><\/p>\n<p align=\"justify\">La experiencia de Mois\u00e9s ante la zarza ardiente rebosa de lecciones para nosotros hoy.  All\u00ed se encontr\u00f3 con Cristo, la segunda persona de la Deidad,<strong> \u00abel \u00c1ngel de Jehov\u00e1\u00bb, el \u00ab\u00c1ngel del pacto\u00bb (Mal.  3:1).<\/strong> Mois\u00e9s supo de qui\u00e9n se trataba porque desde la antig\u00fcedad Dios se hab\u00eda comunicado con sus siervos bajo ese nombre<strong> (Gen.  22:11).<\/strong><\/p>\n<p align=\"justify\">Por otro lado, seg\u00fan la Biblia <strong>(Jue.  9:8-15),<\/strong> la zarza era la planta m\u00e1s humilde, pues palidec\u00eda al compararla con \u00e1rboles m\u00e1s nobles y de mayor porte.  Ello vendr\u00eda a representar la humildad del Estado de Israel en comparaci\u00f3n con los otros pueblos de la tierra. <strong>\u00bfPor qu\u00e9 decidi\u00f3 Dios manifestarse en un arbusto tan poco atractivo como la zarza?  \u00bfPor qu\u00e9 no eligi\u00f3 un \u00e1rbol m\u00e1s noble que hubiese en la regi\u00f3n del Sina\u00ed? <\/strong> Porque deseaba dar un mensaje a Mois\u00e9s.<\/p>\n<p align=\"justify\">Quer\u00eda comunicarle que su pueblo, tan humilde y esclavizado en Egipto, era su pueblo, y que no se avergonzaba de ellos.  Por eso la zarza ardiente era <strong>\u00abuna apropiada representaci\u00f3n visible del mensaje que Dios imparti\u00f3 all\u00ed a Mois\u00e9s y del valor que Dios le conced\u00eda a Israel al ser su Dios y ellos ser su pueblo\u00bb. <\/strong><\/p>\n<p align=\"justify\"><strong>\u00bfEres de origen y condici\u00f3n humilde?<\/strong> No te desalientes: Dios quiere mostrar su luz en su pueblo como iglesia, y en ti como miembro.  Recuerda que nuestro Se\u00f1or Jesucristo fue representado como <strong>\u00abra\u00edz de tierra seca\u00bb; no hab\u00eda en \u00e9l \u00abparecer ni hermosura\u00bb (Isa.  52:14 &#8211; 53:2).<\/strong> Sin embargo, ser\u00e1 exaltado \u00abhasta lo sumo\u00bb y se le dar\u00e1 un nombre <strong>\u00abque es sobre todo nombre\u00bb (Fil.  2:9).  Lo mismo ocurrir\u00e1 con el pueblo de Dios.<\/strong><\/p>\n<p align=\"justify\">Adem\u00e1s, as\u00ed como ard\u00eda la zarza, debemos <strong>&#8220;arder&#8221; para Dios. <\/strong> El ap\u00f3stol Pablo dijo algo relacionado con esto: <strong>\u00abPara que se\u00e1is irreprensibles y sencillos, hijos de Dios sin mancha en medio de una generaci\u00f3n maligna, en medio de la cual resplandec\u00e9is como luminares en el mundo\u00bb (Fil.  2:15). <\/strong> Y una reflexi\u00f3n m\u00e1s: \u00bfCu\u00e1nto tiempo hab\u00eda estado ardiendo la zarza antes de que Mois\u00e9s lo notara?  Conviene reflexionar, no sea que Dios tambi\u00e9n quiera hablarnos desde una zarza que espera que veamos.<\/p>\n<p align=\"justify\">Quiz\u00e1 Dios ponga hoy una zarza ardiente en tu vida para que hagas un alto en el camino.  Arde hoy por Dios, como la zarza del Sina\u00ed.  Participa en el plan maravilloso que Dios tiene hoy para ti.<\/p>\n","protected":false},"excerpt":{"rendered":"<p>La zarza ardiente Y se le apareci\u00f3 el \u00c1ngel de Jehov\u00e1 en una llama de fuego, en medio de una zarza; y \u00e9l mir\u00f3, y vio que la zarza ard\u00eda en fuego, y la zarza no se consum\u00eda.\u00c9xodo 3:2 La experiencia de Mois\u00e9s ante la zarza ardiente rebosa de lecciones para nosotros hoy. All\u00ed se &hellip; <a href=\"https:\/\/www.biblia.work\/sermones\/devocionales-cristianos-la-zarza-ardiente\/\" class=\"more-link\">Continuar leyendo<span class=\"screen-reader-text\"> \u00abDevocionales Cristianos &#8211; La zarza ardiente\u00bb<\/span><\/a><\/p>\n","protected":false},"author":1,"featured_media":0,"comment_status":"open","ping_status":"closed","sticky":false,"template":"","format":"standard","meta":{"footnotes":""},"categories":[1],"tags":[],"class_list":["post-16382","post","type-post","status-publish","format-standard","hentry","category-general"],"_links":{"self":[{"href":"https:\/\/www.biblia.work\/sermones\/wp-json\/wp\/v2\/posts\/16382","targetHints":{"allow":["GET"]}}],"collection":[{"href":"https:\/\/www.biblia.work\/sermones\/wp-json\/wp\/v2\/posts"}],"about":[{"href":"https:\/\/www.biblia.work\/sermones\/wp-json\/wp\/v2\/types\/post"}],"author":[{"embeddable":true,"href":"https:\/\/www.biblia.work\/sermones\/wp-json\/wp\/v2\/users\/1"}],"replies":[{"embeddable":true,"href":"https:\/\/www.biblia.work\/sermones\/wp-json\/wp\/v2\/comments?post=16382"}],"version-history":[{"count":0,"href":"https:\/\/www.biblia.work\/sermones\/wp-json\/wp\/v2\/posts\/16382\/revisions"}],"wp:attachment":[{"href":"https:\/\/www.biblia.work\/sermones\/wp-json\/wp\/v2\/media?parent=16382"}],"wp:term":[{"taxonomy":"category","embeddable":true,"href":"https:\/\/www.biblia.work\/sermones\/wp-json\/wp\/v2\/categories?post=16382"},{"taxonomy":"post_tag","embeddable":true,"href":"https:\/\/www.biblia.work\/sermones\/wp-json\/wp\/v2\/tags?post=16382"}],"curies":[{"name":"wp","href":"https:\/\/api.w.org\/{rel}","templated":true}]}}