{"id":16420,"date":"2016-03-29T03:16:03","date_gmt":"2016-03-29T08:16:03","guid":{"rendered":"http:\/\/www.biblia.work\/sermones\/yo-soy-la-luz-del-mundo-2-el-devocional-diario\/"},"modified":"2016-03-29T03:16:03","modified_gmt":"2016-03-29T08:16:03","slug":"yo-soy-la-luz-del-mundo-2-el-devocional-diario","status":"publish","type":"post","link":"https:\/\/www.biblia.work\/sermones\/yo-soy-la-luz-del-mundo-2-el-devocional-diario\/","title":{"rendered":"\u201cYo soy la luz del mundo\u201d (2) el Devocional Diario"},"content":{"rendered":"<p align=\"justify\">\n<p align=\"justify\"><strong>Otra vez Jes\u00fas les habl\u00f3, diciendo:Yo soy la luz del mundo; el que me sigue, no andar\u00e1 en tinieblas,sino que tendr\u00e1 la luz de la vida. \u00a0Juan 8:12.<\/strong><\/p>\n<p align=\"justify\"><strong> <\/strong><\/p>\n<p align=\"justify\"><strong>Contigo est\u00e1 el manantial de la vida;en tu luz veremos la luz.Salmo 36:9.<\/strong><\/p>\n<p align=\"justify\"><strong> <\/strong><\/p>\n<p align=\"justify\"><strong>\u201cYo soy la luz del mundo\u201d (2) el Devocional Diario <\/strong><\/p>\n<p align=\"justify\">Tal como un poderoso faro en la inmensidad del oc\u00e9ano, Jes\u00fas vino a traer la luz para el mundo entero. \u00a0Con su grandeza moral ilumina a los hombres de todas las razas y cualquier nivel social (Juan 1:9). \u00a0Jesucristo es la luz del mundo como tambi\u00e9n el Salvador del mundo.<\/p>\n<p align=\"justify\">Nosotros necesitamos se\u00f1ales exteriores; precisamos una revelaci\u00f3n. \u00a0Jes\u00fas vino a traer esta revelaci\u00f3n de parte de Dios a la humanidad.<\/p>\n<p align=\"justify\">La luz pone todo en evidencia y manifiesta la verdad. \u00a0El Hijo revel\u00f3 al Padre e indic\u00f3 cu\u00e1l es el camino de la vida. \u00a0No s\u00f3lo trajo la luz, sino que era la luz misma. \u00a0Su persona y sus hechos mostraban lo que Dios es en su santidad y amor para con los hombres.<\/p>\n<p align=\"justify\">A su vez, aquellos que han sido esclarecidos por Jes\u00fas son llamados a irradiar luz a su alrededor, como una ciudad sobre un monte y como una l\u00e1mpara sobre su pedestal. \u00a0Estas son las im\u00e1genes que Jes\u00fas emple\u00f3 para responsabilizar a los creyentes durante la noche de su ausencia. \u00a0<strong>\u201cVosotros sois la luz del mundo\u201d, dijo \u00e9l a sus disc\u00edpulos (Mateo 5:14-16). <\/strong>\u00c9l iba a dejar esta tierra, pero encargaba a los suyos que reflejasen, a su vez, algo del amor y de la santidad de Dios en este mundo de tinieblas. <strong> \u201cPara que se\u00e1is irreprensibles y sencillos, hijos de Dios sin mancha en medio de una generaci\u00f3n maligna y perversa, en medio de la cual resplandec\u00e9is como luminares en el mundo\u201d (Filipenses 2:15).<\/strong><\/p>\n","protected":false},"excerpt":{"rendered":"<p>Otra vez Jes\u00fas les habl\u00f3, diciendo:Yo soy la luz del mundo; el que me sigue, no andar\u00e1 en tinieblas,sino que tendr\u00e1 la luz de la vida. \u00a0Juan 8:12. Contigo est\u00e1 el manantial de la vida;en tu luz veremos la luz.Salmo 36:9. \u201cYo soy la luz del mundo\u201d (2) el Devocional Diario Tal como un poderoso &hellip; <a href=\"https:\/\/www.biblia.work\/sermones\/yo-soy-la-luz-del-mundo-2-el-devocional-diario\/\" class=\"more-link\">Continuar leyendo<span class=\"screen-reader-text\"> \u00ab\u201cYo soy la luz del mundo\u201d (2) el Devocional Diario\u00bb<\/span><\/a><\/p>\n","protected":false},"author":1,"featured_media":0,"comment_status":"open","ping_status":"closed","sticky":false,"template":"","format":"standard","meta":{"footnotes":""},"categories":[1],"tags":[],"class_list":["post-16420","post","type-post","status-publish","format-standard","hentry","category-general"],"_links":{"self":[{"href":"https:\/\/www.biblia.work\/sermones\/wp-json\/wp\/v2\/posts\/16420","targetHints":{"allow":["GET"]}}],"collection":[{"href":"https:\/\/www.biblia.work\/sermones\/wp-json\/wp\/v2\/posts"}],"about":[{"href":"https:\/\/www.biblia.work\/sermones\/wp-json\/wp\/v2\/types\/post"}],"author":[{"embeddable":true,"href":"https:\/\/www.biblia.work\/sermones\/wp-json\/wp\/v2\/users\/1"}],"replies":[{"embeddable":true,"href":"https:\/\/www.biblia.work\/sermones\/wp-json\/wp\/v2\/comments?post=16420"}],"version-history":[{"count":0,"href":"https:\/\/www.biblia.work\/sermones\/wp-json\/wp\/v2\/posts\/16420\/revisions"}],"wp:attachment":[{"href":"https:\/\/www.biblia.work\/sermones\/wp-json\/wp\/v2\/media?parent=16420"}],"wp:term":[{"taxonomy":"category","embeddable":true,"href":"https:\/\/www.biblia.work\/sermones\/wp-json\/wp\/v2\/categories?post=16420"},{"taxonomy":"post_tag","embeddable":true,"href":"https:\/\/www.biblia.work\/sermones\/wp-json\/wp\/v2\/tags?post=16420"}],"curies":[{"name":"wp","href":"https:\/\/api.w.org\/{rel}","templated":true}]}}