{"id":16469,"date":"2016-03-29T03:17:34","date_gmt":"2016-03-29T08:17:34","guid":{"rendered":"http:\/\/www.biblia.work\/sermones\/devocionales-semanales-abajo\/"},"modified":"2016-03-29T03:17:34","modified_gmt":"2016-03-29T08:17:34","slug":"devocionales-semanales-abajo","status":"publish","type":"post","link":"https:\/\/www.biblia.work\/sermones\/devocionales-semanales-abajo\/","title":{"rendered":"Devocionales Semanales &#8211; Abajo"},"content":{"rendered":"<p align=\"justify\"><strong>Desde el suelo todo se ve sombr\u00edo,<\/strong><\/p>\n<p align=\"justify\">Una descendente escala de grises,<\/p>\n<p align=\"justify\">Pensamientos desprovistos de color,<\/p>\n<p align=\"justify\">Tintes que hace tiempo han caducado.<\/p>\n<p align=\"justify\">\u00a0<\/p>\n<p align=\"justify\"><strong>\u00a1Abajo! Escuela del sufrimiento.<\/strong><\/p>\n<p align=\"justify\">\u00a0<\/p>\n<p align=\"justify\"><strong>Desde el piso todo se percibe distinto,<\/strong><\/p>\n<p align=\"justify\">Voluntad vencida del polvo,<\/p>\n<p align=\"justify\">Arrastre so\u00f1oliento de las ilusiones,<\/p>\n<p align=\"justify\">Posibilidades maniatadas por el tiempo.<\/p>\n<p align=\"justify\">\u00a0<\/p>\n<p align=\"justify\"><strong>Desde abajo todo se siente molesto,<\/strong><\/p>\n<p align=\"justify\">Como si los pasos retumbaran en el o\u00eddo,<\/p>\n<p align=\"justify\">Como si las palabras cayeran al precipicio,<\/p>\n<p align=\"justify\">Como si lo temporal se fundiera en lo eterno.<\/p>\n<p align=\"justify\">\u00a0<\/p>\n<p align=\"justify\"><strong>\u00a1Abajo! Camino seguro (aunque solitario\u2026).\u00a0<\/strong><\/p>\n<p align=\"justify\">\u00a0<\/p>\n<p align=\"justify\"><strong>Desde esta posici\u00f3n duelen los minutos,<\/strong><\/p>\n<p align=\"justify\">Las gotas se hunden en el lodo,<\/p>\n<p align=\"justify\">Los anhelos se pierden en la niebla,<\/p>\n<p align=\"justify\">Y las realidades parecen espejismos.<\/p>\n<p align=\"justify\">\u00a0<\/p>\n<p align=\"justify\"><strong>Condici\u00f3n natural, circunstancia pasajera.<\/strong><\/p>\n<p align=\"justify\">Sea como fuere, \u00a1c\u00f3mo amedrentan los gigantes!<\/p>\n<p align=\"justify\">\u00bfPor qu\u00e9? \u00bfCu\u00e1l ser\u00e1 el motivo?<\/p>\n<p align=\"justify\">\u00a1Dolorosa experiencia del \u201cser\u201d humano!<\/p>\n<p align=\"justify\">\u00a0<\/p>\n<p align=\"justify\"><strong>\u00a1Abajo! Concepci\u00f3n de nuevos comienzos\u2026<\/strong><\/p>\n<p align=\"justify\">\u00a0<\/p>\n<p align=\"justify\"><strong>Es as\u00ed como empiezo a acariciar mi suelo,<\/strong><\/p>\n<p align=\"justify\">Este piso, este \u201cabajo\u201d, esta posici\u00f3n de quebranto.<\/p>\n<p align=\"justify\">Porque es aqu\u00ed donde descubro la esencia,<\/p>\n<p align=\"justify\">El lugar en el que empiezo a percibir la trascendencia.<\/p>\n<p align=\"justify\">\u00a0<\/p>\n<p align=\"justify\">Y entonces me alcanzan las palabras del monte:<\/p>\n<p align=\"justify\"><strong>\u201cDichosos los que sufren, porque ser\u00e1n consolados\u201d.<\/strong><strong>*<\/strong><strong><\/strong><\/p>\n<p align=\"justify\">Es cuando me conmueve la expresi\u00f3n del salmo:<\/p>\n<p align=\"justify\"><strong>\u201cPor la noche durar\u00e1 el lloro, y a la ma\u00f1ana vendr\u00e1 la alegr\u00eda\u201d.<\/strong><strong>**<\/strong><strong><\/strong><\/p>\n<p align=\"justify\">\u00a0<\/p>\n<p align=\"justify\"><strong>\u00a1Abajo! \u00a1Alas que sanan para poder remontar m\u00e1s alto!<\/strong><\/p>\n<p align=\"justify\">\u00a0<\/p>\n<p align=\"justify\"><strong>\u00a1Buen Fin de Semana!<\/strong><\/p>\n<p align=\"justify\">\u00a0<\/p>\n<p align=\"justify\">\u00a0<\/p>\n<p align=\"justify\"><strong>CRISTIAN FRANCO<\/strong><\/p>\n","protected":false},"excerpt":{"rendered":"<p>Desde el suelo todo se ve sombr\u00edo, Una descendente escala de grises, Pensamientos desprovistos de color, Tintes que hace tiempo han caducado. \u00a0 \u00a1Abajo! Escuela del sufrimiento. \u00a0 Desde el piso todo se percibe distinto, Voluntad vencida del polvo, Arrastre so\u00f1oliento de las ilusiones, Posibilidades maniatadas por el tiempo. \u00a0 Desde abajo todo se siente &hellip; <a href=\"https:\/\/www.biblia.work\/sermones\/devocionales-semanales-abajo\/\" class=\"more-link\">Continuar leyendo<span class=\"screen-reader-text\"> \u00abDevocionales Semanales &#8211; Abajo\u00bb<\/span><\/a><\/p>\n","protected":false},"author":1,"featured_media":0,"comment_status":"open","ping_status":"closed","sticky":false,"template":"","format":"standard","meta":{"footnotes":""},"categories":[1],"tags":[],"class_list":["post-16469","post","type-post","status-publish","format-standard","hentry","category-general"],"_links":{"self":[{"href":"https:\/\/www.biblia.work\/sermones\/wp-json\/wp\/v2\/posts\/16469","targetHints":{"allow":["GET"]}}],"collection":[{"href":"https:\/\/www.biblia.work\/sermones\/wp-json\/wp\/v2\/posts"}],"about":[{"href":"https:\/\/www.biblia.work\/sermones\/wp-json\/wp\/v2\/types\/post"}],"author":[{"embeddable":true,"href":"https:\/\/www.biblia.work\/sermones\/wp-json\/wp\/v2\/users\/1"}],"replies":[{"embeddable":true,"href":"https:\/\/www.biblia.work\/sermones\/wp-json\/wp\/v2\/comments?post=16469"}],"version-history":[{"count":0,"href":"https:\/\/www.biblia.work\/sermones\/wp-json\/wp\/v2\/posts\/16469\/revisions"}],"wp:attachment":[{"href":"https:\/\/www.biblia.work\/sermones\/wp-json\/wp\/v2\/media?parent=16469"}],"wp:term":[{"taxonomy":"category","embeddable":true,"href":"https:\/\/www.biblia.work\/sermones\/wp-json\/wp\/v2\/categories?post=16469"},{"taxonomy":"post_tag","embeddable":true,"href":"https:\/\/www.biblia.work\/sermones\/wp-json\/wp\/v2\/tags?post=16469"}],"curies":[{"name":"wp","href":"https:\/\/api.w.org\/{rel}","templated":true}]}}