{"id":16482,"date":"2016-03-29T03:18:00","date_gmt":"2016-03-29T08:18:00","guid":{"rendered":"http:\/\/www.biblia.work\/sermones\/el-hijo-prodigo-examen-de-conciencia\/"},"modified":"2016-03-29T03:18:00","modified_gmt":"2016-03-29T08:18:00","slug":"el-hijo-prodigo-examen-de-conciencia","status":"publish","type":"post","link":"https:\/\/www.biblia.work\/sermones\/el-hijo-prodigo-examen-de-conciencia\/","title":{"rendered":"El Hijo Pr\u00f3digo &#8211; EXAMEN DE CONCIENCIA"},"content":{"rendered":"<p align=\"justify\" >EXAMEN DE\u00a0CONCIENCIA<\/p>\n<p align=\"justify\">            \u00a0\u201cMe levantar\u00e9, ir\u00e9 a mi Padre y le dir\u00e9: Padre, he pecado contra el cielo y contra ti\u201d<\/p>\n<p align=\"justify\">\u00bfQui\u00e9n no ha metido la pata hasta el fondo alguna vez? Con uno mismo, con sus seres queridos, hasta con Dios\u2026 y sin que haya mucha excusa ni explicaci\u00f3n. \u00bfQu\u00e9 hacer ante ello?<\/p>\n<p align=\"justify\">\u00a0<\/p>\n<p align=\"justify\">Hay mucha gente que \u201clo soluciona\u201d por su cuenta con Dios. Hay otra mucha que, como insistimos tanto en que Dios nos perdona todo, ha perdido la capacidad de percibir el mal causado\u2026 Hay quien lo identifica \u00fanicamente con incumplir normas, y quien cree que llamamos pecado a cosas que no lo son.<\/p>\n<p align=\"justify\">\u00a0<\/p>\n<p align=\"justify\"><strong>A veces hay que detenerse y pensar en aquello que, en nuestras vidas, supone una barrera en la relaci\u00f3n con Dios, con nuestro mundo, con sus gentes o incluso con nosotros mismos. Aquello con lo que destruimos la voluntad\u00a0de Dios para nosotros.<\/strong><\/p>\n<p align=\"justify\">\u00a0<\/p>\n<p align=\"justify\">Decimos que pecamos \u201cde pensamiento, palabra, obra\u2026\u201d. Y es verdad, algunas veces lo que pensamos, decimos o hacemos est\u00e1 mal. Hacemos da\u00f1o a otros. (O se lo har\u00edamos).<\/p>\n<p align=\"justify\">\u00a0<\/p>\n<p align=\"justify\">Generamos din\u00e1micas hirientes, con juicios a veces acerados e injustos (de<strong>pensamiento<\/strong>), con cr\u00edticas mordaces (de\u00a0<strong>palabra<\/strong>), neg\u00e1ndonos a darles una oportunidad (de\u00a0<strong>obra<\/strong>).\u00a0<strong>Pecamos al convertirnos en el centro de nuestra vida, como\u00a0si todo girase en torno a cada uno de nosotros.\u00a0<\/strong>\u00bfNo hay alguna vez que mis sentimientos se vuelven el \u00fanico grito que oigo, mis deseos la \u00fanica motivaci\u00f3n y mis necesidades el \u00fanico horizonte?<\/p>\n<p align=\"justify\">\u00a0<\/p>\n<p align=\"justify\">Tal vez en muchos casos no est\u00e1 tanto el acento en el tipo de vida que llevamos. Es f\u00e1cil encontrarse con gente que, con honestidad, te dice que no siente que haga cosas muy malas\u2026\u00a0 Y puede ser que sea as\u00ed. Pero<strong>\u00a0es importante pensar no s\u00f3lo en lo que hacemos, sino en lo que dejamos sin hacer<\/strong>.<\/p>\n<p align=\"justify\">\u00a0<\/p>\n<p align=\"justify\">Si por miedo o por indiferencia, desaprovechamos la vida. Si, por comodidad, no somos capaces de dar aquellos pasos que sentimos que tendr\u00edamos que dar. Si, por ego\u00edsmo, dejamos de tender una mano, decir una palabra que nos pueda implicar, abrazar una situaci\u00f3n complicada\u2026\u00a0<strong>entonces tal vez est\u00e9 ah\u00ed nuestro pecado.<\/strong><\/p>\n<p align=\"justify\"><strong><\/strong>\u00a0<\/p>\n<p align=\"justify\"><strong>\u201cEl que haya o\u00eddo y no haya puesto en pr\u00e1ctica es similar a aquel hombre que edific\u00f3 su casa sobre arena\u201d. (Lc 6, 49)<\/strong><\/p>\n","protected":false},"excerpt":{"rendered":"<p>EXAMEN DE\u00a0CONCIENCIA \u00a0\u201cMe levantar\u00e9, ir\u00e9 a mi Padre y le dir\u00e9: Padre, he pecado contra el cielo y contra ti\u201d \u00bfQui\u00e9n no ha metido la pata hasta el fondo alguna vez? Con uno mismo, con sus seres queridos, hasta con Dios\u2026 y sin que haya mucha excusa ni explicaci\u00f3n. \u00bfQu\u00e9 hacer ante ello? \u00a0 Hay &hellip; <a href=\"https:\/\/www.biblia.work\/sermones\/el-hijo-prodigo-examen-de-conciencia\/\" class=\"more-link\">Continuar leyendo<span class=\"screen-reader-text\"> \u00abEl Hijo Pr\u00f3digo &#8211; EXAMEN DE CONCIENCIA\u00bb<\/span><\/a><\/p>\n","protected":false},"author":1,"featured_media":0,"comment_status":"open","ping_status":"closed","sticky":false,"template":"","format":"standard","meta":{"footnotes":""},"categories":[1],"tags":[],"class_list":["post-16482","post","type-post","status-publish","format-standard","hentry","category-general"],"_links":{"self":[{"href":"https:\/\/www.biblia.work\/sermones\/wp-json\/wp\/v2\/posts\/16482","targetHints":{"allow":["GET"]}}],"collection":[{"href":"https:\/\/www.biblia.work\/sermones\/wp-json\/wp\/v2\/posts"}],"about":[{"href":"https:\/\/www.biblia.work\/sermones\/wp-json\/wp\/v2\/types\/post"}],"author":[{"embeddable":true,"href":"https:\/\/www.biblia.work\/sermones\/wp-json\/wp\/v2\/users\/1"}],"replies":[{"embeddable":true,"href":"https:\/\/www.biblia.work\/sermones\/wp-json\/wp\/v2\/comments?post=16482"}],"version-history":[{"count":0,"href":"https:\/\/www.biblia.work\/sermones\/wp-json\/wp\/v2\/posts\/16482\/revisions"}],"wp:attachment":[{"href":"https:\/\/www.biblia.work\/sermones\/wp-json\/wp\/v2\/media?parent=16482"}],"wp:term":[{"taxonomy":"category","embeddable":true,"href":"https:\/\/www.biblia.work\/sermones\/wp-json\/wp\/v2\/categories?post=16482"},{"taxonomy":"post_tag","embeddable":true,"href":"https:\/\/www.biblia.work\/sermones\/wp-json\/wp\/v2\/tags?post=16482"}],"curies":[{"name":"wp","href":"https:\/\/api.w.org\/{rel}","templated":true}]}}