{"id":16483,"date":"2016-03-29T03:18:05","date_gmt":"2016-03-29T08:18:05","guid":{"rendered":"http:\/\/www.biblia.work\/sermones\/devocionales-semanales-rostros\/"},"modified":"2016-03-29T03:18:05","modified_gmt":"2016-03-29T08:18:05","slug":"devocionales-semanales-rostros","status":"publish","type":"post","link":"https:\/\/www.biblia.work\/sermones\/devocionales-semanales-rostros\/","title":{"rendered":"Devocionales Semanales &#8211; ROSTROS"},"content":{"rendered":"<p\nalign=\"center\"><strong>ROSTROS<\/strong><strong>\u00a0<\/strong>\u00a0<\/p>\n<p align=\"justify\">\u00a0<\/p>\n<p\nalign=\"center\"><strong>\u201c\u00c9l, en el momento preciso, todo lo hizo hermoso; puso adem\u00e1s en la mente humana la idea de lo infinito, aun cuando el hombre no alcanza a comprender en toda su amplitud lo que Dios ha hecho y lo que har\u00e1\u201d.<\/strong><strong><\/strong><\/p>\n<p\nalign=\"right\"><strong>Eclesiast\u00e9s 3.11 (DHH).<\/strong><\/p>\n<p align=\"justify\">\u00a0<\/p>\n<p align=\"justify\">\u00a0<\/p>\n<p align=\"justify\">Camino por la ciudad\u00a0<strong>y miro los rostros\u2026<\/strong><\/p>\n<p align=\"justify\">\u00a0<\/p>\n<p align=\"justify\">\u2026caras alegres, expresiones tristes, miradas que hielan la sangre, sonrisas que iluminan el atardecer.<\/p>\n<p align=\"justify\">\u2026muecas de preocupaci\u00f3n, facciones distintas, rostros determinados, frentes marchitas, soledades reflejadas.<\/p>\n<p align=\"justify\">\u00a0<\/p>\n<p align=\"justify\">Una larga caminata vespertina me lleva por diferentes barrios\u2026<\/p>\n<p align=\"justify\">\u00a0<\/p>\n<p align=\"justify\">\u2026narices, labios, orejas, mejillas, mentones, ojos, cejas, p\u00e1rpados y pesta\u00f1as. Sinon\u00edmicos pero dis\u00edmiles.<\/p>\n<p align=\"justify\">\u2026colores dorados, blancos, oscuros y mates.\u00a0<strong>Mixtura de apariencias que revelan y ocultan.<\/strong><\/p>\n<p align=\"justify\">\u00a0<\/p>\n<p align=\"justify\">Espejos de los sentimientos. Ventanas hacia realidades misteriosas. Estampas cotidianas del vaiv\u00e9n de las horas. C\u00f3dices en busca de int\u00e9rpretes. Se\u00f1as particulares de singularidades m\u00e1s profundas.<\/p>\n<p align=\"justify\">\u00a0<\/p>\n<p align=\"justify\"><strong>Son los rostros de la gente de mi ciudad.<\/strong>\u00a0La ciudad, que sue\u00f1a, despierta y transita al ritmo del enojo, la alegr\u00eda, el abandono, la desidia y el encuentro. El encuentro entre nosotros y nosotras, entre quienes somos y lo que anhelamos ser.<\/p>\n<p align=\"justify\">\u00a0<\/p>\n<p align=\"justify\">Camino por la ciudad y miro los rostros\u2026 y no puedo evitar conmoverme. Una larga caminata vespertina me lleva por diferentes barrios\u2026 y no puedo evitar empaparme de humanidad.<\/p>\n<p align=\"justify\">\u00a0<\/p>\n<p align=\"justify\">Es entonces cuando me obligo a dejar de mirar\u00a0<strong>para comenzar a ver\u2026<\/strong><\/p>\n<p align=\"justify\">\u00a0<\/p>\n<p align=\"justify\">Cuando logro descorrer el velo de las estad\u00edsticas\u00a0<strong>para hallar al hombre y la mujer en su individualidad\u2026<\/strong><\/p>\n<p align=\"justify\">\u00a0<\/p>\n<p align=\"justify\">El momento en que \u2013 finalmente \u2013 el gran c\u00famulo de rostros deja de parecerme una masa ambulante y\u00a0<strong>comienzo a percibir las l\u00e1grimas, las sonrisas y los gestos\u2026<\/strong><\/p>\n<p align=\"justify\">\u00a0<\/p>\n<p align=\"justify\">Un collage cuya trascendencia evoca en m\u00ed el pensamiento de lo trascendente\u2026<\/p>\n<p align=\"justify\">\u00a0<\/p>\n<p align=\"justify\"><strong>\u00a1El sello divino en cada rostro!<\/strong><\/p>\n<p align=\"justify\"><strong>\u00a0\u00a1Buen Fin de Semana!<\/strong><\/p>\n<p align=\"justify\"><strong>CRISTIAN FRANCO <\/strong><\/p>\n","protected":false},"excerpt":{"rendered":"<p>ROSTROS\u00a0\u00a0 \u00a0 \u201c\u00c9l, en el momento preciso, todo lo hizo hermoso; puso adem\u00e1s en la mente humana la idea de lo infinito, aun cuando el hombre no alcanza a comprender en toda su amplitud lo que Dios ha hecho y lo que har\u00e1\u201d. Eclesiast\u00e9s 3.11 (DHH). \u00a0 \u00a0 Camino por la ciudad\u00a0y miro los rostros\u2026 &hellip; <a href=\"https:\/\/www.biblia.work\/sermones\/devocionales-semanales-rostros\/\" class=\"more-link\">Continuar leyendo<span class=\"screen-reader-text\"> \u00abDevocionales Semanales &#8211; ROSTROS\u00bb<\/span><\/a><\/p>\n","protected":false},"author":1,"featured_media":0,"comment_status":"open","ping_status":"closed","sticky":false,"template":"","format":"standard","meta":{"footnotes":""},"categories":[1],"tags":[],"class_list":["post-16483","post","type-post","status-publish","format-standard","hentry","category-general"],"_links":{"self":[{"href":"https:\/\/www.biblia.work\/sermones\/wp-json\/wp\/v2\/posts\/16483","targetHints":{"allow":["GET"]}}],"collection":[{"href":"https:\/\/www.biblia.work\/sermones\/wp-json\/wp\/v2\/posts"}],"about":[{"href":"https:\/\/www.biblia.work\/sermones\/wp-json\/wp\/v2\/types\/post"}],"author":[{"embeddable":true,"href":"https:\/\/www.biblia.work\/sermones\/wp-json\/wp\/v2\/users\/1"}],"replies":[{"embeddable":true,"href":"https:\/\/www.biblia.work\/sermones\/wp-json\/wp\/v2\/comments?post=16483"}],"version-history":[{"count":0,"href":"https:\/\/www.biblia.work\/sermones\/wp-json\/wp\/v2\/posts\/16483\/revisions"}],"wp:attachment":[{"href":"https:\/\/www.biblia.work\/sermones\/wp-json\/wp\/v2\/media?parent=16483"}],"wp:term":[{"taxonomy":"category","embeddable":true,"href":"https:\/\/www.biblia.work\/sermones\/wp-json\/wp\/v2\/categories?post=16483"},{"taxonomy":"post_tag","embeddable":true,"href":"https:\/\/www.biblia.work\/sermones\/wp-json\/wp\/v2\/tags?post=16483"}],"curies":[{"name":"wp","href":"https:\/\/api.w.org\/{rel}","templated":true}]}}