{"id":16945,"date":"2016-03-29T03:32:32","date_gmt":"2016-03-29T08:32:32","guid":{"rendered":"http:\/\/www.biblia.work\/sermones\/devocional-religion-integral\/"},"modified":"2016-03-29T03:32:32","modified_gmt":"2016-03-29T08:32:32","slug":"devocional-religion-integral","status":"publish","type":"post","link":"https:\/\/www.biblia.work\/sermones\/devocional-religion-integral\/","title":{"rendered":"Devocional &#8211; RELIGI\u00d3N INTEGRAL"},"content":{"rendered":"<p>Devocional &#8211; RELIGI\u00d3N INTEGRALpor Carlos Rey<\/p>\n<p align=\"justify\">\n<p align=\"justify\"> A fines del siglo veinte una encuesta realizada en los Estados Unidos demostr\u00f3 que tanto cat\u00f3licos como protestantes estaban abandonando la pr\u00e1ctica de la oraci\u00f3n familiar. Citando razones tales como los trajines de la vida moderna y el desencanto y la desilusi\u00f3n, la encuesta concluy\u00f3: \u00abYa no se ora en los hogares tanto como antes.\u00bb <\/p>\n<p align=\"justify\">En ese mismo contexto, la encuesta dio a conocer que se prefer\u00eda el concepto horizontal de la religi\u00f3n al concepto vertical. Hab\u00eda ganado terreno la preocupaci\u00f3n social, es decir, c\u00f3mo ofrecerles al pr\u00f3jimo, a la comunidad y a la familia los beneficios de la fe. De ah\u00ed que el evangelio deb\u00eda extenderse horizontalmente, teniendo al hombre y a la sociedad como el objetivo principal de sus esfuerzos.<\/p>\n<p align=\"justify\">Quedaron en la minor\u00eda los que insist\u00edan en aferrarse al concepto vertical, es decir, los que cre\u00edan que lo m\u00e1s importante es la comuni\u00f3n con Dios. \u00c9stos prefer\u00edan una relaci\u00f3n vertical, de abajo arriba y de arriba abajo, en la que el ser humano recibe de Dios su alimento espiritual y le expresa a \u00c9l, antes que a nadie, lo que siente en el alma.<\/p>\n<p align=\"justify\">A estos dos conceptos de la religi\u00f3n podemos a\u00f1adirles un tercero, el concepto integral. \u00c9ste se basa en la cruz, que es el s\u00edmbolo perfecto de la obra de Cristo. Y la cruz se compone de dos maderos, el uno horizontal y el otro vertical. El madero vertical nos indica el camino al cielo y nos dice que debemos comunicarnos con Dios; el horizontal nos indica el camino al pr\u00f3jimo y nos dice que debemos preocuparnos por sus necesidades f\u00edsicas, sociales y espirituales. De modo que en la cruz el concepto horizontal y el concepto vertical se funden en uno solo.<\/p>\n<p align=\"justify\">Para mantener una relaci\u00f3n personal con Dios necesitamos cultivar a diario la oraci\u00f3n. Si Jesucristo mismo, el Hijo de Dios, lo juzg\u00f3 necesario cuando vivi\u00f3 en esta tierra, \u00a1cu\u00e1nto m\u00e1s no lo necesitaremos nosotros! Por eso Jes\u00fas afirm\u00f3 que el mandamiento m\u00e1s importante es: \u00abAma al Se\u00f1or tu Dios con todo tu coraz\u00f3n, con todo tu ser y con toda tu mente.\u00bb 1 Pero al mismo tiempo debemos preocuparnos por los dem\u00e1s. El segundo mandamiento en importancia \u2014continu\u00f3 Cristo\u2014 es: \u00abAma a tu pr\u00f3jimo como a ti mismo\u00bb. 2 Lo cierto es que nuestro pr\u00f3jimo en todo el mundo necesita escuchar la buena noticia de Jesucristo.<\/p>\n<p align=\"justify\">Esa noticia se resume as\u00ed: Cristo nos ama a todos. Como muestra de ese amor, dio su vida por nosotros en la cruz. Poco antes de morir en esa cruz, Cristo elev\u00f3 una oraci\u00f3n al Padre celestial en la que intercede por todos nosotros. Ruega por que sigamos su ejemplo no s\u00f3lo al cultivar una estrecha relaci\u00f3n vertical con el Padre, sino tambi\u00e9n al desarrollar una amplia relaci\u00f3n horizontal con el pr\u00f3jimo. Y lo hace porque sabe que no hay nada en este mundo m\u00e1s deseable que seguir ese ejemplo integral que nos dejara al morir en la cruz, s\u00edmbolo de lo ancho y de lo profundo que es su amor.<\/p>\n<p align=\"justify\">1  Mateo 22:37,382  Mateo 22:39<\/p>\n<p align=\"justify\">\n","protected":false},"excerpt":{"rendered":"<p>Devocional &#8211; RELIGI\u00d3N INTEGRALpor Carlos Rey A fines del siglo veinte una encuesta realizada en los Estados Unidos demostr\u00f3 que tanto cat\u00f3licos como protestantes estaban abandonando la pr\u00e1ctica de la oraci\u00f3n familiar. Citando razones tales como los trajines de la vida moderna y el desencanto y la desilusi\u00f3n, la encuesta concluy\u00f3: \u00abYa no se ora &hellip; <a href=\"https:\/\/www.biblia.work\/sermones\/devocional-religion-integral\/\" class=\"more-link\">Continuar leyendo<span class=\"screen-reader-text\"> \u00abDevocional &#8211; RELIGI\u00d3N INTEGRAL\u00bb<\/span><\/a><\/p>\n","protected":false},"author":1,"featured_media":0,"comment_status":"open","ping_status":"closed","sticky":false,"template":"","format":"standard","meta":{"footnotes":""},"categories":[1],"tags":[],"class_list":["post-16945","post","type-post","status-publish","format-standard","hentry","category-general"],"_links":{"self":[{"href":"https:\/\/www.biblia.work\/sermones\/wp-json\/wp\/v2\/posts\/16945","targetHints":{"allow":["GET"]}}],"collection":[{"href":"https:\/\/www.biblia.work\/sermones\/wp-json\/wp\/v2\/posts"}],"about":[{"href":"https:\/\/www.biblia.work\/sermones\/wp-json\/wp\/v2\/types\/post"}],"author":[{"embeddable":true,"href":"https:\/\/www.biblia.work\/sermones\/wp-json\/wp\/v2\/users\/1"}],"replies":[{"embeddable":true,"href":"https:\/\/www.biblia.work\/sermones\/wp-json\/wp\/v2\/comments?post=16945"}],"version-history":[{"count":0,"href":"https:\/\/www.biblia.work\/sermones\/wp-json\/wp\/v2\/posts\/16945\/revisions"}],"wp:attachment":[{"href":"https:\/\/www.biblia.work\/sermones\/wp-json\/wp\/v2\/media?parent=16945"}],"wp:term":[{"taxonomy":"category","embeddable":true,"href":"https:\/\/www.biblia.work\/sermones\/wp-json\/wp\/v2\/categories?post=16945"},{"taxonomy":"post_tag","embeddable":true,"href":"https:\/\/www.biblia.work\/sermones\/wp-json\/wp\/v2\/tags?post=16945"}],"curies":[{"name":"wp","href":"https:\/\/api.w.org\/{rel}","templated":true}]}}