{"id":16963,"date":"2016-03-29T03:33:06","date_gmt":"2016-03-29T08:33:06","guid":{"rendered":"http:\/\/www.biblia.work\/sermones\/devocional-la-importancia-de-sentirse-amado\/"},"modified":"2016-03-29T03:33:06","modified_gmt":"2016-03-29T08:33:06","slug":"devocional-la-importancia-de-sentirse-amado","status":"publish","type":"post","link":"https:\/\/www.biblia.work\/sermones\/devocional-la-importancia-de-sentirse-amado\/","title":{"rendered":"Devocional &#8211; LA IMPORTANCIA DE SENTIRSE AMADO"},"content":{"rendered":"<p>Devocional &#8211; LA IMPORTANCIA DE SENTIRSE AMADO por Carlos Rey<\/p>\n<p align=\"justify\">\n<p align=\"justify\">\n<p align=\"justify\"> Era la noche del 26 de abril de 1895. Hac\u00eda quince d\u00edas que lo hab\u00edan nombrado mayor general del Ej\u00e9rcito Libertador de Cuba. Jos\u00e9 Mart\u00ed firm\u00f3 la carta que acababa de escribirles \u00aba Carmen Miyares y sus hijos\u00bb y procur\u00f3 conciliar el sue\u00f1o. No lo sab\u00eda, pero seguramente lo present\u00eda: estaba a escasos veintitr\u00e9s d\u00edas de caer herido de muerte en la acci\u00f3n de Dos R\u00edos, no muy lejos de all\u00ed en la misma jurisdicci\u00f3n de Guant\u00e1namo. En la carta hab\u00eda dicho: <\/p>\n<p align=\"justify\">\u00abYo escribo en mi hamaca, a la luz de una vela de cera, sujeta junto a mis rodillas por una p\u00faa clavada en tierra&#8230;. Sent\u00eda anoche piedad en mis manos, cuando ayudaba a curar a los heridos&#8230; esta jornada valiente de ayer cerr\u00f3 una marcha a pie de trece d\u00edas continuos, por las monta\u00f1as agrias o ricas de Baracoa, la marcha de los seis hombres que se echaron sin gu\u00eda, por la tierra ignorada y la noche, a encararse triunfantes contra Espa\u00f1a.<\/p>\n<p align=\"justify\">\u00bb\u00c9ramos treinta cuando abrazamos a Jos\u00e9 Maceo. Dejamos atr\u00e1s orden y cari\u00f1o. No sent\u00edamos ni en el humor ni en el cuerpo la angustiosa fatiga, los pedregales a la cintura, los r\u00edos o los muslos, el d\u00eda sin comer, la noche en el capote por el hielo de la lluvia, los pies rotos&#8230;. Env\u00edo del cielo libre un saludo de orgullo por nuestra patria, tan bella en sus hombres como en su naturaleza&#8230; No soy in\u00fatil ni me he hallado desconocido en nuestros montes; pero poco hace en el mundo quien no se siente amado.\u00bb 1<\/p>\n<p align=\"justify\">De veras es admirable que en esta carta personal Jos\u00e9 Mart\u00ed, ap\u00f3stol de la independencia cubana, d\u00e9 a entender que lo que siente en el alma y en el cuerpo no son las privaciones f\u00edsicas, sino la piedad y el amor. Descarta el hambre, el dolor, el fr\u00edo y la fatiga, mientras que destaca la piedad que administra con las manos al hacer las veces de enfermero, y el amor que devengan sus acciones en favor de su pueblo. En esto Mart\u00ed se asemeja a San Pablo, ap\u00f3stol de los gentiles. En su segunda carta a los corintios, Pablo les recuerda las privaciones que ha sufrido \u2014azotes, c\u00e1rceles, tumultos, trabajos pesados, desvelos y hambre\u2014, y su servicio piadoso, por amor a Dios, en favor de su pueblo. Y as\u00ed como Mart\u00ed, lo que estima Pablo es el afecto que sienten por \u00e9l quienes de veras lo conocen. 2<\/p>\n<p align=\"justify\">La mejor forma de rendirles homenaje a estos magnos ap\u00f3stoles de la historia sagrada y universal es seguir su ejemplo. Desestimemos nosotros tambi\u00e9n las privaciones f\u00edsicas que nos toquen, y estimemos m\u00e1s bien el amor de los que de veras nos conocen. Aceptemos a Cristo y el incomparable amor que nos mostr\u00f3 mediante su muerte en la cruz por nosotros, y as\u00ed nos armaremos de un amor compasivo que nos asegurar\u00e1 el afecto de quienes mejor nos conocen en este mundo y en el m\u00e1s all\u00e1.<\/p>\n<p align=\"justify\">1   Jos\u00e9 Mart\u00ed, Cartas de Jos\u00e9 Mart\u00ed, \u00abA Carmen Miyares y sus hijos\u00bb (Cerca de Guant\u00e1namo, 26 de abril de 1895), reproducido en A Prop\u00f3sito de Jos\u00e9 Mart\u00ed y su obra (Bogot\u00e1: Editorial Norma, 1994), pp. 18-19.2  2Co 6:3\u20147:16<\/p>\n<p align=\"justify\">\n","protected":false},"excerpt":{"rendered":"<p>Devocional &#8211; LA IMPORTANCIA DE SENTIRSE AMADO por Carlos Rey Era la noche del 26 de abril de 1895. Hac\u00eda quince d\u00edas que lo hab\u00edan nombrado mayor general del Ej\u00e9rcito Libertador de Cuba. Jos\u00e9 Mart\u00ed firm\u00f3 la carta que acababa de escribirles \u00aba Carmen Miyares y sus hijos\u00bb y procur\u00f3 conciliar el sue\u00f1o. No lo &hellip; <a href=\"https:\/\/www.biblia.work\/sermones\/devocional-la-importancia-de-sentirse-amado\/\" class=\"more-link\">Continuar leyendo<span class=\"screen-reader-text\"> \u00abDevocional &#8211; LA IMPORTANCIA DE SENTIRSE AMADO\u00bb<\/span><\/a><\/p>\n","protected":false},"author":1,"featured_media":0,"comment_status":"open","ping_status":"closed","sticky":false,"template":"","format":"standard","meta":{"footnotes":""},"categories":[1],"tags":[],"class_list":["post-16963","post","type-post","status-publish","format-standard","hentry","category-general"],"_links":{"self":[{"href":"https:\/\/www.biblia.work\/sermones\/wp-json\/wp\/v2\/posts\/16963","targetHints":{"allow":["GET"]}}],"collection":[{"href":"https:\/\/www.biblia.work\/sermones\/wp-json\/wp\/v2\/posts"}],"about":[{"href":"https:\/\/www.biblia.work\/sermones\/wp-json\/wp\/v2\/types\/post"}],"author":[{"embeddable":true,"href":"https:\/\/www.biblia.work\/sermones\/wp-json\/wp\/v2\/users\/1"}],"replies":[{"embeddable":true,"href":"https:\/\/www.biblia.work\/sermones\/wp-json\/wp\/v2\/comments?post=16963"}],"version-history":[{"count":0,"href":"https:\/\/www.biblia.work\/sermones\/wp-json\/wp\/v2\/posts\/16963\/revisions"}],"wp:attachment":[{"href":"https:\/\/www.biblia.work\/sermones\/wp-json\/wp\/v2\/media?parent=16963"}],"wp:term":[{"taxonomy":"category","embeddable":true,"href":"https:\/\/www.biblia.work\/sermones\/wp-json\/wp\/v2\/categories?post=16963"},{"taxonomy":"post_tag","embeddable":true,"href":"https:\/\/www.biblia.work\/sermones\/wp-json\/wp\/v2\/tags?post=16963"}],"curies":[{"name":"wp","href":"https:\/\/api.w.org\/{rel}","templated":true}]}}