{"id":16973,"date":"2016-03-29T03:33:22","date_gmt":"2016-03-29T08:33:22","guid":{"rendered":"http:\/\/www.biblia.work\/sermones\/devocional-yo-soy-la-vid-verdadera-y-mi-padre-es-el-que-la-cultiva\/"},"modified":"2016-03-29T03:33:22","modified_gmt":"2016-03-29T08:33:22","slug":"devocional-yo-soy-la-vid-verdadera-y-mi-padre-es-el-que-la-cultiva","status":"publish","type":"post","link":"https:\/\/www.biblia.work\/sermones\/devocional-yo-soy-la-vid-verdadera-y-mi-padre-es-el-que-la-cultiva\/","title":{"rendered":"Devocional &#8211; YO SOY la vid verdadera y mi Padre es el que la cultiva"},"content":{"rendered":"<p align=\"justify\"><strong>Devocional &#8211; YO SOY la vid verdadera y mi Padre es el que la cultiva [Juan 15,1]<\/strong><\/p>\n<p align=\"justify\">\n<p align=\"justify\">YO SOY la vid, y ustedes son las ramas. El que permanece unido a m\u00ed y yo unido a \u00e9l, da mucho fruto, pues sin m\u00ed no pueden ustedes hacer nada [Juan 15,5]<\/p>\n<p align=\"justify\">\u00a1Qu\u00e9 privilegio, qu\u00e9 desaf\u00edo nos puso Jes\u00fas al comparar a los fieles con las ramas de la vid! Si bien es cierto que su palabra purifica el coraz\u00f3n [Juan 15,3], tambi\u00e9n nos pide algo a cambio: &#8220;Sigan unidos a m\u00ed&#8221; [Juan 15,4] \u00bfC\u00f3mo podemos &#8220;seguir unidos&#8221; a Jes\u00fas\u00ed Seguir unidos o permanecer en Cristo es fundamentalmente una actitud del coraz\u00f3n, de corresponder a su amor de una manera personal y constante.<\/p>\n<p align=\"justify\">\n<p align=\"justify\">El Se\u00f1or desea ser nuestro confidente y amigo m\u00e1s \u00edntimo, la persona con quien compartimos todo lo bueno y lo hermoso, y tambi\u00e9n lo malo y lo feo, por as\u00ed decirlo, de nuestra vida. Cuando abrimos honestamente el coraz\u00f3n delante de Dios, \u00c9l nos hace ver cuales motivaciones denotan ego\u00edsmo; nos consuela en las tribulaciones y en la tristeza y nos da a conocer todo aquello que no le agrada o le causa decepci\u00f3n. Jes\u00fas se alegra sobremanera cuando simplemente le contamos c\u00f3mo ha sido nuestro d\u00eda; se regocija de nuestras peque\u00f1as victorias sobre el pecado y recibe con agrado nuestras expresiones de gratitud y alabanza. Todo esto es parte del &#8220;permanecer unidos&#8221; a Cristo.<\/p>\n<p align=\"justify\">Se requiere decisi\u00f3n d\u00eda tras d\u00eda para poner a los pies de Jes\u00fas todo lo que nos suceda, con la confianza de que \u00c9l puede y quiere proveer para nuestras necesidades y ayudarnos a discernir lo bueno y lo malo. Hasta cierto punto esto se facilita con el tiempo, pero jam\u00e1s llega a realizarse sin esfuerzo alguno. El verdadero fruto de permanecer en Cristo es llegar a una comuni\u00f3n cada vez m\u00e1s profunda con Dios, y llegar al amor perfecto que todos podemos descubrir si permanecemos en \u00c9l.<\/p>\n<p align=\"justify\">\u00a1\u00a1\u00a1Se\u00f1or m\u00edo Jesucristo, quiero permanecer siempre unido a T\u00ed. Quita de m\u00ed toda se\u00f1al de autosuficiencia que me impida llegar a una profunda comuni\u00f3n contigo, y permite, Se\u00f1or, que tu amor eche fuera todo temor, mientras se purifica mi coraz\u00f3n!!!<\/p>\n<p align=\"justify\">\n","protected":false},"excerpt":{"rendered":"<p>Devocional &#8211; YO SOY la vid verdadera y mi Padre es el que la cultiva [Juan 15,1] YO SOY la vid, y ustedes son las ramas. El que permanece unido a m\u00ed y yo unido a \u00e9l, da mucho fruto, pues sin m\u00ed no pueden ustedes hacer nada [Juan 15,5] \u00a1Qu\u00e9 privilegio, qu\u00e9 desaf\u00edo nos &hellip; <a href=\"https:\/\/www.biblia.work\/sermones\/devocional-yo-soy-la-vid-verdadera-y-mi-padre-es-el-que-la-cultiva\/\" class=\"more-link\">Continuar leyendo<span class=\"screen-reader-text\"> \u00abDevocional &#8211; YO SOY la vid verdadera y mi Padre es el que la cultiva\u00bb<\/span><\/a><\/p>\n","protected":false},"author":1,"featured_media":0,"comment_status":"open","ping_status":"closed","sticky":false,"template":"","format":"standard","meta":{"footnotes":""},"categories":[1],"tags":[],"class_list":["post-16973","post","type-post","status-publish","format-standard","hentry","category-general"],"_links":{"self":[{"href":"https:\/\/www.biblia.work\/sermones\/wp-json\/wp\/v2\/posts\/16973","targetHints":{"allow":["GET"]}}],"collection":[{"href":"https:\/\/www.biblia.work\/sermones\/wp-json\/wp\/v2\/posts"}],"about":[{"href":"https:\/\/www.biblia.work\/sermones\/wp-json\/wp\/v2\/types\/post"}],"author":[{"embeddable":true,"href":"https:\/\/www.biblia.work\/sermones\/wp-json\/wp\/v2\/users\/1"}],"replies":[{"embeddable":true,"href":"https:\/\/www.biblia.work\/sermones\/wp-json\/wp\/v2\/comments?post=16973"}],"version-history":[{"count":0,"href":"https:\/\/www.biblia.work\/sermones\/wp-json\/wp\/v2\/posts\/16973\/revisions"}],"wp:attachment":[{"href":"https:\/\/www.biblia.work\/sermones\/wp-json\/wp\/v2\/media?parent=16973"}],"wp:term":[{"taxonomy":"category","embeddable":true,"href":"https:\/\/www.biblia.work\/sermones\/wp-json\/wp\/v2\/categories?post=16973"},{"taxonomy":"post_tag","embeddable":true,"href":"https:\/\/www.biblia.work\/sermones\/wp-json\/wp\/v2\/tags?post=16973"}],"curies":[{"name":"wp","href":"https:\/\/api.w.org\/{rel}","templated":true}]}}