{"id":17249,"date":"2016-03-29T03:42:44","date_gmt":"2016-03-29T08:42:44","guid":{"rendered":"http:\/\/www.biblia.work\/sermones\/no-juzgar-a-los-demas\/"},"modified":"2016-03-29T03:42:44","modified_gmt":"2016-03-29T08:42:44","slug":"no-juzgar-a-los-demas","status":"publish","type":"post","link":"https:\/\/www.biblia.work\/sermones\/no-juzgar-a-los-demas\/","title":{"rendered":"No juzgar a los dem\u00e1s"},"content":{"rendered":"<p align=\"justify\" >No juzgar a los dem\u00e1s<\/p>\n<p align=\"justify\"><strong>Atiende, Dios m\u00edo, y escucha; mira con atenci\u00f3n nuestra ruina y la de la ciudad donde se invoca tu nombre. No te hacemos nuestras s\u00faplicas confiados en la rectitud de nuestra vida, sino en tu gran compasi\u00f3n. \u00a1Se\u00f1or, Se\u00f1or! \u00a1Esc\u00fachanos, perd\u00f3nanos! \u00a1Ati\u00e9ndenos, Se\u00f1or, y ven a ayudarnos! \u00a1Por ti mismo, Dios m\u00edo, y por tu ciudad y tu pueblo, que invocan tu nombre, no tardes! (Daniel 9,18 &#8211; 19).<\/strong><\/p>\n<p align=\"justify\">Cuando vemos que alguien act\u00faa mal o comete alg\u00fan pecado grave tendemos a apartarse de la persona y del hecho cometido. Esta es una reacci\u00f3n com\u00fan, pero qu\u00e9 diferente fue la reacci\u00f3n del profeta <strong>(Daniel 9,4 &#8211; 10).<\/strong> Viendo que el pueblo escogido era sentenciado al exilio por haber desobedecido la ley de Dios y violado el pacto hecho con el Se\u00f1or, Daniel se sinti\u00f3 movido a elevar una oraci\u00f3n de confesi\u00f3n e intercesi\u00f3n por todo Israel y por s\u00ed mismo. Como dice el texto Daniel sab\u00eda que \u00e9l tambi\u00e9n hab\u00eda infringido la ley porque era parte del pueblo de la alianza. Pudo ver asimismo que era culpable de tolerar el pecado en la vida de sus conciudadanos israelitas, y que ese pecado era causa de muchos sufrimientos. En su oraci\u00f3n reconoci\u00f3 que hemos pecado y cometido maldad ante el Se\u00f1or.<\/p>\n<p align=\"justify\">Seguramente la mayor\u00eda de los cristianos reconocemos que la sociedad de hoy sufre profundamente por su desobediencia a los mandatos de Dios. Pero es m\u00e1s dif\u00edcil reconocer que nosotros tambi\u00e9n somos partes del problema, ya sea por nuestro propio pecado o por la indiferencia ante la maldad y el sufrimiento que nos rodean. Ser\u00eda bueno dedicar unos momentos a examinar la actitud que adoptamos frente a los mandatos de Dios, especialmente los que se refieren a nosotros mismos y a nuestra sociedad. <strong>\u00bfDefendemos la santidad del matrimonio y las virtudes de la justicia, el honor y la rectitud? \u00bfQu\u00e9 hacemos respecto a los marginados, los pobres, los sin casa, los enfermos y los ancianos\u00ed \u00bfLes damos atenci\u00f3n como Jes\u00fas nos ense\u00f1\u00f3 (Mateo 25,31 &#8211; 46) o somos indiferentes ante el sufrimiento de ellos\u00ed \u00bfReconocemos la injusticia de la intolerancia social o racial, el materialismo generalizado, y la explotaci\u00f3n de los d\u00e9biles por los poderosos\u00ed \u00bfLe rogamos al Se\u00f1or que les cambie el coraz\u00f3n a esos<\/strong>\u00a0<strong>poderosos y que nos perdone a todos, como pueblo, por la maldad cometida en forma colectiva?<\/strong><\/p>\n<p align=\"justify\">El Se\u00f1or nos pide descubrirnos como pecadores, como personas necesitadas del amor y la misericordia de Dios<strong> (Lucas 6,36 &#8211; 38);<\/strong> es importante llegar a ser conscientes de esta realidad ya que solamente cuando uno reconoce lo miserable que es su coraz\u00f3n se puede abrir a los hermanos. Ordinariamente las personas soberbias, d\u00e9spotas y ego\u00edstas no han tenido nunca la experiencia de encontrarse con sus debilidades y darse cuenta que no s\u00f3lo no son mejores que la gente a la que han juzgado o maltratado, sino que incluso muchas veces han sido peores que aqu\u00e9llas. Cuando sintamos el impulso de juzgar o de condenar, miremos en nuestro interior y descubriremos que no somos mejor que esa otra persona, y que a pesar de esto, Dios nos ama y nos muestra su misericordia; seguramente esta mirada interior nos llevar\u00e1 a amar, a perdonar y a ayudar a nuestro hermano. La caridad no tiene l\u00edmites, no tiene medida, abarca todos los momentos de nuestra vida. Pues,<strong> \u00bfc\u00f3mo se puede perdonar si no se ama?<\/strong> Si\u00a0no se ama seremos f\u00e1ciles para juzgar y criticar a los dem\u00e1s. Si falta el amor estaremos en todo momento midiendo todo lo que damos.<\/p>\n<p align=\"justify\">Dios, al final de nuestra vida, no nos preguntar\u00e1 si fuimos grandes estudiantes, si construimos grandes hospitales, si triunfamos en el trabajo o si hicimos una gran fortuna con el dinero que ganamos. La pregunta de la entrevista ser\u00e1 muy f\u00e1cil: \u00bfcu\u00e1nto amaste? Todas las acciones que hayamos hecho durante nuestra vida se contar\u00e1n con la medida del amor con la que las hemos hecho. Meditemos en el amor sin medida de Cristo clavado en la cruz para que nos impulse a perdonar sin medida, dar sin medida, amar sin medida a nuestro pr\u00f3jimo.<\/p>\n<p align=\"justify\">\u00a1\u00a1\u00a1Padre eterno, me pesa haber contribuido con mi pecado y mi indiferencia a la maldad del pueblo. Dame la gracia de ser instrumento tuyo en este mundo para que muchos m\u00e1s lleguen a conocer y recibir el mensaje de salvaci\u00f3n de tu Hijo!!!!!! &#8212;&#8212;&#8212;&#8212;&#8212;&#8212;&#8212;&#8212;&#8212;&#8212;&#8212;&#8212;&#8212;&#8212;&#8212;&#8212;&#8212;&#8212;&#8212;&#8212;&#8212;&#8212;&#8212;&#8212;&#8212;&#8211; Que el Padre Dios te bendiga y te proteja, te mire con agrado y te muestre su bondad. Que el Padre Dios te mire con amor y te conceda la paz.<\/p>\n<p align=\"justify\">Juan Alberto Llaguno Betancourt Lima &#8211; Per\u00fa &#8211; SurAm\u00e9rica<\/p>\n","protected":false},"excerpt":{"rendered":"<p>No juzgar a los dem\u00e1s Atiende, Dios m\u00edo, y escucha; mira con atenci\u00f3n nuestra ruina y la de la ciudad donde se invoca tu nombre. No te hacemos nuestras s\u00faplicas confiados en la rectitud de nuestra vida, sino en tu gran compasi\u00f3n. \u00a1Se\u00f1or, Se\u00f1or! \u00a1Esc\u00fachanos, perd\u00f3nanos! \u00a1Ati\u00e9ndenos, Se\u00f1or, y ven a ayudarnos! \u00a1Por ti mismo, &hellip; <a href=\"https:\/\/www.biblia.work\/sermones\/no-juzgar-a-los-demas\/\" class=\"more-link\">Continuar leyendo<span class=\"screen-reader-text\"> \u00abNo juzgar a los dem\u00e1s\u00bb<\/span><\/a><\/p>\n","protected":false},"author":1,"featured_media":0,"comment_status":"open","ping_status":"closed","sticky":false,"template":"","format":"standard","meta":{"footnotes":""},"categories":[1],"tags":[],"class_list":["post-17249","post","type-post","status-publish","format-standard","hentry","category-general"],"_links":{"self":[{"href":"https:\/\/www.biblia.work\/sermones\/wp-json\/wp\/v2\/posts\/17249","targetHints":{"allow":["GET"]}}],"collection":[{"href":"https:\/\/www.biblia.work\/sermones\/wp-json\/wp\/v2\/posts"}],"about":[{"href":"https:\/\/www.biblia.work\/sermones\/wp-json\/wp\/v2\/types\/post"}],"author":[{"embeddable":true,"href":"https:\/\/www.biblia.work\/sermones\/wp-json\/wp\/v2\/users\/1"}],"replies":[{"embeddable":true,"href":"https:\/\/www.biblia.work\/sermones\/wp-json\/wp\/v2\/comments?post=17249"}],"version-history":[{"count":0,"href":"https:\/\/www.biblia.work\/sermones\/wp-json\/wp\/v2\/posts\/17249\/revisions"}],"wp:attachment":[{"href":"https:\/\/www.biblia.work\/sermones\/wp-json\/wp\/v2\/media?parent=17249"}],"wp:term":[{"taxonomy":"category","embeddable":true,"href":"https:\/\/www.biblia.work\/sermones\/wp-json\/wp\/v2\/categories?post=17249"},{"taxonomy":"post_tag","embeddable":true,"href":"https:\/\/www.biblia.work\/sermones\/wp-json\/wp\/v2\/tags?post=17249"}],"curies":[{"name":"wp","href":"https:\/\/api.w.org\/{rel}","templated":true}]}}