{"id":18352,"date":"2016-03-31T02:17:41","date_gmt":"2016-03-31T07:17:41","guid":{"rendered":"http:\/\/www.biblia.work\/sermones\/las-preocupaciones-no-honran-a-dios\/"},"modified":"2016-03-31T02:17:41","modified_gmt":"2016-03-31T07:17:41","slug":"las-preocupaciones-no-honran-a-dios","status":"publish","type":"post","link":"https:\/\/www.biblia.work\/sermones\/las-preocupaciones-no-honran-a-dios\/","title":{"rendered":"Las preocupaciones no honran a Dios"},"content":{"rendered":"<p align=\"justify\">Aprenda a confiar en Dios en medio de las dificultades<\/p>\n<p align=\"justify\"><strong>1. Lectura B\u00edblica:<\/strong> Mateo 6:31, 32<\/p>\n<p align=\"justify\"><strong>2. Vers\u00edculo para memorizar:<\/strong><\/p>\n<p align=\"justify\"><em>\u201cAs\u00ed que no se preocupen por todo eso diciendo: \u201c\u00bfQu\u00e9 comeremos?, \u00bfqu\u00e9 beberemos?, \u00bfqu\u00e9 ropa nos pondremos?\u201d. Esas cosas dominan el pensamiento de los incr\u00e9dulos, pero su Padre celestial ya conoce todas sus necesidades.\u201d (Mateo 6:31, 32. NTV) <\/em><\/p>\n<p align=\"justify\"><strong>3.<\/strong><strong>Reflexi\u00f3n en la Palabra de Dios:<\/strong><\/p>\n<p align=\"justify\">Cuando nos preocupamos, generalmente rotulamos esa actitud con un exceso de responsabilidad. Es una forma de justificarnos. \u00a1Dios desea eso? Por supuesto que no. \u00c9l prop\u00f3sito eterno ha sido satisfacer nuestras necesidades. \u00c9l es un Padre amoroso. No obstante pretendemos vivir en pecado y que haya respuesta al clamor.<\/p>\n<p align=\"justify\">Si andamos llenos de preocupaciones, sin duda no estamos honrando al Creador, como ense\u00f1\u00f3 nuestro Se\u00f1or Jes\u00fas: <strong><em>\u201cAs\u00ed que no se preocupen por todo eso diciendo: \u201c\u00bfQu\u00e9 comeremos?, \u00bfqu\u00e9 beberemos?, \u00bfqu\u00e9 ropa nos pondremos?\u201d. Esas cosas dominan el pensamiento de los incr\u00e9dulos, pero su Padre celestial ya conoce todas sus necesidades.\u201d (Mateo 6:31, 32. NTV) <\/em><\/strong><\/p>\n<p align=\"justify\">Observe que el Maestro aclar\u00f3 que las preocupaciones son propias de los incr\u00e9dulos, no de los creyentes.<\/p>\n<p align=\"justify\">Es tiempo de hacer un alto en el camino y evaluar qu\u00e9 nos preocupa. A continuaci\u00f3n y cuando tengamos disponible el listado de asuntos que nos inquietas, es fundamental que revisemos si hemos llevado esas situaciones a Dios en oraci\u00f3n. Lo m\u00e1s probable es que no haya sido as\u00ed.<\/p>\n<p align=\"justify\">Si estamos caminando en la voluntad de Dios, sin el m\u00e1s m\u00ednimo asomo de duda, tendremos respuesta a nuestras oraciones como se\u00f1ala Bob Willhite:<\/p>\n<blockquote><p><em>\u201cEs importante conocer la voluntad de Dios, aunque no es absolutamente indispensable. Pero podemos orar m\u00e1s efectivamente cuando conocemos cu\u00e1l es la voluntad de Dios en una situaci\u00f3n espec\u00edfica.\u201d (B.J. Willhite. \u201cC\u00f3mo orar\u201d, Editorial CLC. EE.UU. 1988. Pg. 65) <\/em><\/p><\/blockquote>\n<p align=\"justify\">Oraci\u00f3n y fidelidad a Dios deben ir de la mano. Si somos fieles al Padre, si estamos movi\u00e9ndonos en el centro mismo de Su voluntad, podemos tener la certeza que obtendremos cuanto pedimos. Es un principio que debe animarnos como cristianos en todo momento y bajo cualquier circunstancia.<\/p>\n<p align=\"justify\">Dios es quien suple nuestras necesidades. Lo tenemos claro. Si es as\u00ed, dejemos que cada d\u00eda traiga consigo la resoluci\u00f3n de las situaciones que amenazan con robarnos la paz.<\/p>\n<p align=\"justify\">Al referirse a vivir el d\u00eda a d\u00eda, pero en la voluntad del Padre, muestro amado Salvador ense\u00f1\u00f3: <strong><em>\u201cAs\u00ed que no se preocupen por el ma\u00f1ana, porque el d\u00eda de ma\u00f1ana traer\u00e1 sus propias preocupaciones. Los problemas del d\u00eda de hoy son suficientes por hoy.\u201d (Mateo 6:34. NTV)<\/em><\/strong><\/p>\n<p align=\"justify\">Si hoy surgen situaciones que escapan a nuestro manejo, es tiempo de someterlas en manos del Creador, Aqu\u00e9l que hace posible lo imposible. Basta que deposita su confianza en \u00c9l hoy, no se inquiete por el ma\u00f1ana que ya llegar\u00e1.<\/p>\n<p align=\"justify\">Es un principio de vida hermoso porque nos llama vivir en la voluntad de Dios y a movernos en la dimensi\u00f3n de Su Poder. No en nuestras fuerzas sino en Su Poder.<\/p>\n<p align=\"justify\">Recuerde que Dios siempre tiene los mejores planes para nosotros, como ense\u00f1an las Escrituras: <strong><em>\u201cPues as\u00ed como los cielos est\u00e1n m\u00e1s altos que la tierra, as\u00ed mis caminos est\u00e1n m\u00e1s altos que sus caminos y mis pensamientos, m\u00e1s altos que sus pensamientos.\u201d (Isa\u00edas 55:9. NTV)<\/em><\/strong><\/p>\n<p align=\"justify\">La mejor decisi\u00f3n que puede tomar en su vida es depositar toda su confianza en Dios. Es un proceso que comienza con abrirle las puertas de nuestro coraz\u00f3n a Jesucristo, \u00c9l es quien hace posible nuestro crecimiento personal y espiritual. H\u00e1galo hoy. Reciba a Jes\u00fas como su Se\u00f1or y Salvador. Puedo asegurarle que no se arrepentir\u00e1.<\/p>\n<p align=\"justify\"><strong>4. Preguntas para el crecimiento personal y espiritual:<\/strong><\/p>\n<p align=\"justify\"><strong>a.<\/strong> \u00bfLlevamos nuestras preocupaciones en manos de Dios?<\/p>\n<p align=\"justify\"><strong>b.<\/strong> \u00bfHemos comprendido, con fundamento en las Escrituras, que nuestras preocupaciones ni honran ni glorifican a Dios?<\/p>\n<p align=\"justify\"><strong>c.<\/strong> \u00bfTenemos claro qu\u00e9 papel juega la oraci\u00f3n cuando algo nos preocupa?<\/p>\n<p align=\"justify\"><strong>d.<\/strong> \u00bfQu\u00e9 ense\u00f1\u00f3 nuestro Se\u00f1or Jes\u00fas sobre las preocupaciones (Cf. Mateo 6:25-29?<\/p>\n<p align=\"justify\"><strong>e.<\/strong> \u00bfQu\u00e9 dice Dios respecto de las necesidades que nos asisten (Cf. Mateo 6:31, 32)?<\/p>\n<p align=\"justify\"><strong>f.<\/strong> \u00bfQu\u00e9 conexi\u00f3n hay entre las preocupaciones y la oraci\u00f3n?<\/p>\n<p align=\"justify\"><strong>g.<\/strong> \u00bfPor qu\u00e9 debemos vivir la fe d\u00eda a d\u00eda (Cf. Mateo 6:34)?<\/p>\n<p align=\"justify\"><strong>h.<\/strong> \u00bfQu\u00e9 planes tiene Dios para nosotros (Cf. Isa\u00edas 66:9)?<\/p>\n<p><!-- HTML Revisado. CM 2016-02-22 --><\/p>\n<p align=\"justify\">Por: Fernando Alexis Jim\u00e9nez<\/p>\n","protected":false},"excerpt":{"rendered":"<p>Aprenda a confiar en Dios en medio de las dificultades 1. Lectura B\u00edblica: Mateo 6:31, 32 2. Vers\u00edculo para memorizar: \u201cAs\u00ed que no se preocupen por todo eso diciendo: \u201c\u00bfQu\u00e9 comeremos?, \u00bfqu\u00e9 beberemos?, \u00bfqu\u00e9 ropa nos pondremos?\u201d. Esas cosas dominan el pensamiento de los incr\u00e9dulos, pero su Padre celestial ya conoce todas sus necesidades.\u201d (Mateo &hellip; <a href=\"https:\/\/www.biblia.work\/sermones\/las-preocupaciones-no-honran-a-dios\/\" class=\"more-link\">Continuar leyendo<span class=\"screen-reader-text\"> \u00abLas preocupaciones no honran a Dios\u00bb<\/span><\/a><\/p>\n","protected":false},"author":1,"featured_media":0,"comment_status":"open","ping_status":"closed","sticky":false,"template":"","format":"standard","meta":{"footnotes":""},"categories":[1],"tags":[],"class_list":["post-18352","post","type-post","status-publish","format-standard","hentry","category-general"],"_links":{"self":[{"href":"https:\/\/www.biblia.work\/sermones\/wp-json\/wp\/v2\/posts\/18352","targetHints":{"allow":["GET"]}}],"collection":[{"href":"https:\/\/www.biblia.work\/sermones\/wp-json\/wp\/v2\/posts"}],"about":[{"href":"https:\/\/www.biblia.work\/sermones\/wp-json\/wp\/v2\/types\/post"}],"author":[{"embeddable":true,"href":"https:\/\/www.biblia.work\/sermones\/wp-json\/wp\/v2\/users\/1"}],"replies":[{"embeddable":true,"href":"https:\/\/www.biblia.work\/sermones\/wp-json\/wp\/v2\/comments?post=18352"}],"version-history":[{"count":0,"href":"https:\/\/www.biblia.work\/sermones\/wp-json\/wp\/v2\/posts\/18352\/revisions"}],"wp:attachment":[{"href":"https:\/\/www.biblia.work\/sermones\/wp-json\/wp\/v2\/media?parent=18352"}],"wp:term":[{"taxonomy":"category","embeddable":true,"href":"https:\/\/www.biblia.work\/sermones\/wp-json\/wp\/v2\/categories?post=18352"},{"taxonomy":"post_tag","embeddable":true,"href":"https:\/\/www.biblia.work\/sermones\/wp-json\/wp\/v2\/tags?post=18352"}],"curies":[{"name":"wp","href":"https:\/\/api.w.org\/{rel}","templated":true}]}}