{"id":18373,"date":"2016-03-31T02:18:23","date_gmt":"2016-03-31T07:18:23","guid":{"rendered":"http:\/\/www.biblia.work\/sermones\/y-ahora-cuales-son-mis-metas-como-cristiano-conclusion-nivel-1\/"},"modified":"2016-03-31T02:18:23","modified_gmt":"2016-03-31T07:18:23","slug":"y-ahora-cuales-son-mis-metas-como-cristiano-conclusion-nivel-1","status":"publish","type":"post","link":"https:\/\/www.biblia.work\/sermones\/y-ahora-cuales-son-mis-metas-como-cristiano-conclusion-nivel-1\/","title":{"rendered":"Y ahora, \u00bfcu\u00e1les son mis metas como cristiano? (Conclusi\u00f3n \u2013 Nivel 1)"},"content":{"rendered":"<p align=\"justify\">Como cristianos tenemos una meta: Crecer en Cristo cada d\u00eda <\/p>\n<p align=\"justify\">Hasta el momento has dado tres pasos de gran significaci\u00f3n: el primero, aceptar a Jesucristo como tu \u00fanico y suficiente Salvador; el segundo, emprender el proceso de aprender y llevar a la cotidianidad una serie de principios de Vida Cristiana Pr\u00e1ctica. Terminada la lecci\u00f3n de hoy esperamos de ti que contin\u00faes el crecimiento personal y espiritual que es lo que Dios tiene planeado para ti.<\/p>\n<p align=\"justify\">T\u00fa caminas tomado de la mano del Se\u00f1or Jes\u00fas con el prop\u00f3sito de que se refleje:<\/p>\n<p align=\"justify\"><strong>1.-<\/strong> En tu relaci\u00f3n con Dios.<\/p>\n<p align=\"justify\"><strong>2.-<\/strong> En tu relaci\u00f3n contigo mismo.<\/p>\n<p align=\"justify\"><strong>3.-<\/strong> En tu relaci\u00f3n con los dem\u00e1s.<\/p>\n<p align=\"justify\">Se trata de un prop\u00f3sito eterno que nace en el propio coraz\u00f3n de Dios y que fue explicado por el Se\u00f1or Jes\u00fas quien dijo: \u201c<strong><em>No hay \u00e1rbol bueno que pueda dar fruto malo, ni \u00e1rbol malo que pueda dar fruto bueno. Cada \u00e1rbol se conoce por su fruto: no se cosechan higos de los espinos, ni se recogen uvas de las zarzas. El hombre bueno dice cosas buenas porque el bien est\u00e1 en su coraz\u00f3n, y el hombre malo dice cosas malas porque el mal est\u00e1 en su coraz\u00f3n, Pues de lo que abunda en el coraz\u00f3n, habla la boca\u201d (Lucas 6:43-45. Versi\u00f3n Popular).<\/em><\/strong><\/p>\n<p align=\"justify\">Si conforme avanzas en el camino de la vida cristiana, asimilas principios pr\u00e1cticos que adem\u00e1s de comprenderlos llevas a la cotidianidad, es decir en todo cuanto piensas, dices o haces, sin duda se tornar\u00e1 evidente que est\u00e1s experimentando un cambio significativo.<\/p>\n<p align=\"justify\">Recuerda que todo queda guardado en nuestro coraz\u00f3n, que en el lenguaje b\u00edblico no es otra cosa que la parte m\u00e1s profunda e \u00edntima de nuestro ser que se manifiesta con nuestras acciones.<\/p>\n<p align=\"justify\"><strong>\u00bfEs f\u00e1cil el crecimiento?<\/strong><\/p>\n<p align=\"justify\">Probablemente razones que el crecimiento cristiano no es f\u00e1cil. Estamos identificamos. Se trata de un proceso. Recuerda que est\u00e1s cambiando toda una serie de principios que aprendiste en una vida sujeta a la mundanalidad.<\/p>\n<p align=\"justify\">\u00bfC\u00f3mo es posible entonces que puedas crecer? En primera instancia, dejando de depender de tus fuerzas. Si lo intentas basado en tus conocimientos o capacidades, pronto estar\u00e1s d\u00e1ndote por vencido. Apenas surjan los primeros tropiezos, corres el peligro de volver atr\u00e1s y el rev\u00e9s espiritual es sumamente doloroso y, adem\u00e1s, muy peligroso.<\/p>\n<p align=\"justify\">Crecer es posible si dependes del Se\u00f1or Jes\u00fas y no de ti mismo. El amado Maestro nos ense\u00f1\u00f3: <strong><em>\u201cYo soy la vid, y ustedes las ramas. El que permanece unido a m\u00ed, y yo unido a \u00e9l, da mucho fruto; pues sin mi no pueden ustedes hacer nada. El que no permanece unido a m\u00ed, ser\u00e1 echado fuera y se secar\u00e1 como las ramas que se recogen y se queman en el fuego\u201d (Juan 15:5, 6. Versi\u00f3n Popular).<\/em><\/strong><\/p>\n<p align=\"justify\">T\u00fa puedes dar mucho fruto, pero si sigues \u00edntimamente unido a Cristo y dejas de caminar dependiendo de tus propias capacidades.<\/p>\n<p align=\"justify\"><strong>Tu testimonio impactar\u00e1 al mundo<\/strong><\/p>\n<p align=\"justify\">Conforme crezcas a nivel espiritual y personal, se har\u00e1 evidente para quienes te rodean. Es probable que pienses que no has cambiado; sin embargo s\u00ed lo has hecho.<\/p>\n<p align=\"justify\">Imagina por un instante que tu vida es como una pel\u00edcula grabada en videocasette. La \u00fanica forma de comprobar en qu\u00e9 aspectos has avanzado y cu\u00e1les de las \u00e1reas de tu existencia son transformadas por el Se\u00f1or Jes\u00fas, es que devuelvas la videocinta. Una forma pr\u00e1ctica es que tomes tiempo a solas y medites en tu vida. Sin duda encontrar\u00e1s fortalezas producto de abrir tu coraz\u00f3n al obrar del Hijo de Dios.<\/p>\n<p align=\"justify\">El amado Maestro ilustr\u00f3 esta ense\u00f1anza con una par\u00e1bola que hallamos en el evangelio: <strong><em>\u201cTambi\u00e9n Jes\u00fas les dijo: \u201c\u00bfA qu\u00e9 se parece el reino de Dios, o con qu\u00e9 lo podremos compararlo? Es como una semilla de mostaza que se siembra en la tierra. Es la m\u00e1s peque\u00f1a de todas las semillas del mundo, pero una vez sembrada, crece y se hace mayor que todas las otras plantas del huerto, con ramas tan grandes que hasta las aves pueden posarse bajo su sombra\u201d (Marcos 4:30-32. Versi\u00f3n Popular).<\/em><\/strong><\/p>\n<p align=\"justify\">\u00a1T\u00fa tienes todas las condiciones para ser un cristiano que avanza exitosamente en su crecimiento espiritual y personal! El desarrollo ser\u00e1 evidente ante quienes est\u00e1n a tu alrededor gracias a un testimonio que se fortalece si dependes de Jesucristo y no de ti.<\/p>\n<p align=\"justify\"><strong>Los escalones al \u00c9xito<\/strong><\/p>\n<p align=\"justify\">La Vida Cristiana Pr\u00e1ctica, cuyo primer Nivel concluyes hoy, es como una escalera a trav\u00e9s de la cual avanzas progresivamente, de escal\u00f3n en escal\u00f3n. No puedes pretender un cambio inmediato. Toma tiempo. Deja que el Se\u00f1or Jes\u00fas vaya aplicando en tu existencia las transformaciones que considere oportunas.<\/p>\n<p align=\"justify\">Para ilustrar esta ense\u00f1anza que nos dirige hacia el crecimiento espiritual y personal, es importante que leamos lo que plante\u00f3 el ap\u00f3stol Pedro a los cristianos del primer siglo:<\/p>\n<p align=\"justify\"><strong><em>\u201cY por esto deben esforzarse en a\u00f1adir a su fe la buena conducta; a la buena conducta, el entendimiento; al entendimiento, el dominio propio; al dominio propio, la paciencia; a la paciencia, la devoci\u00f3n; a la devoci\u00f3n, el afecto fraternal; y al afecto fraternal, el amor. Si ustedes poseen estas cosas y las desarrollan, ni su vida ser\u00e1 in\u00fatil no habr\u00e1n conocido en vano a nuestro Se\u00f1or Jesucristo.\u201d (2 Pedro 1:6-8. Versi\u00f3n Popular).<\/em><\/strong><\/p>\n<p align=\"justify\">Toma nota con cuidado de los ocho principios que nos ense\u00f1a el autor sagrado:<\/p>\n<p align=\"justify\"><strong>1.-<\/strong> Fe<\/p>\n<p align=\"justify\"><strong>2.-<\/strong> Buena conducta<\/p>\n<p align=\"justify\"><strong>3.-<\/strong> Entendimiento<\/p>\n<p align=\"justify\"><strong>4.-<\/strong> Dominio propio<\/p>\n<p align=\"justify\"><strong>5.-<\/strong> Paciencia<\/p>\n<p align=\"justify\"><strong>6.-<\/strong> Devoci\u00f3n<\/p>\n<p align=\"justify\"><strong>7.-<\/strong> Afecto fraternal<\/p>\n<p align=\"justify\"><strong>8.-<\/strong> Amor<\/p>\n<p align=\"justify\">Observa que no se trata de algo ni inmediato ni f\u00e1cil, por el contrario, es progresivo. A un principio sumas otro, y otro m\u00e1s hasta completar estos ocho pilares de vida cristiana que, como lo anota el ap\u00f3stol Pedro, te llevar\u00e1n a alcanzar una vida cristiana productiva, firme, fuerte y de testimonio.<\/p>\n<p align=\"justify\">\u00a1Animo! T\u00fa tienes todas las potencialidades para ser un vencedor en Cristo. \u00c9l te fortalece y te lleva de victoria en victoria&#8230;<\/p>\n<p align=\"justify\"><strong>Aplicaci\u00f3n personal:<\/strong><\/p>\n<p align=\"justify\"><strong>1.-<\/strong> \u00bfHasta el momento qu\u00e9 pasos has dado en tu vida cristiana de acuerdo con el p\u00e1rrafo inicial de esta lecci\u00f3n?<\/p>\n<p align=\"justify\"><strong>2.-<\/strong> \u00bfDe qu\u00e9 manera se debe ver reflejado tu caminar con Cristo Jes\u00fas?<\/p>\n<p align=\"justify\"><strong>3.-<\/strong> \u00bfQu\u00e9 dice el Se\u00f1or Jes\u00fas en cuanto a los frutos? (Lucas 6:43-45).<\/p>\n<p align=\"justify\"><strong>4.-<\/strong> \u00bfQu\u00e9 ocurre si sigues dependiendo de tus propias fuerzas para cambiar?<\/p>\n<p align=\"justify\"><strong>5.-<\/strong> \u00bfDe qu\u00e9 manera es posible que sigamos firmes en el proceso de crecimiento personal y espiritual? (Juan 15:5, 6).<\/p>\n<p align=\"justify\"><strong>6.-<\/strong> \u00bfCon qu\u00e9 compar\u00f3 el Se\u00f1or Jes\u00fas tu crecimiento espiritual y por qu\u00e9 raz\u00f3n? (Marcos 4:30-32).<\/p>\n<p align=\"justify\"><strong>7.-<\/strong> \u00bfCu\u00e1les son los siete pelda\u00f1os de la Escalera del \u00c9xito describa por el ap\u00f3stol Pedro a los cristianos del primer siglo? (2 Pedro 1:6-8).<\/p>\n<p align=\"justify\"><strong>Vers\u00edculo para memorizar durante la semana:<\/strong><\/p>\n<p align=\"justify\"><strong><em> \u201cYo soy la vid, y ustedes las ramas. El que permanece unido a m\u00ed, y yo unido a \u00e9l, da mucho fruto; pues sin m\u00ed no pueden ustedes hacer nada. El que no permanece unido a m\u00ed, ser\u00e1 echado fuera y se secar\u00e1 como las ramas que se recogen y se queman en el fuego\u201d (Juan 15:5, 6. Versi\u00f3n Popular).<\/em><\/strong><\/p>\n<p align=\"justify\">\n<div id=\"descarga\" class=\"remarca\">\n<p align=\"justify\"><strong>Nota Importante<\/strong>: Si desea descargar la totalidad de este material <a class=\"finger\" onClick=\"__d('YldWdWMyRnFaWEp2WkdWc1lYQmhiR0ZpY21FdVkyOXR8WlhOamRXVnNZUzFrWlMxa2FYTmphWEIxYkdGa2J5MXVhWFpsYkMweExuQmtaZz09')\">haga clic aqu\u00ed: (escuela-de-discipulado-nivel-1.pdf)<\/a><\/p>\n<\/p>\n<p><!-- HTML Revisado. CM 2016-02-17 --><\/p>\n<p align=\"justify\">Por: Fernando Alexis Jim\u00e9nez<\/p>\n","protected":false},"excerpt":{"rendered":"<p>Como cristianos tenemos una meta: Crecer en Cristo cada d\u00eda Hasta el momento has dado tres pasos de gran significaci\u00f3n: el primero, aceptar a Jesucristo como tu \u00fanico y suficiente Salvador; el segundo, emprender el proceso de aprender y llevar a la cotidianidad una serie de principios de Vida Cristiana Pr\u00e1ctica. Terminada la lecci\u00f3n de &hellip; <a href=\"https:\/\/www.biblia.work\/sermones\/y-ahora-cuales-son-mis-metas-como-cristiano-conclusion-nivel-1\/\" class=\"more-link\">Continuar leyendo<span class=\"screen-reader-text\"> \u00abY ahora, \u00bfcu\u00e1les son mis metas como cristiano? (Conclusi\u00f3n \u2013 Nivel 1)\u00bb<\/span><\/a><\/p>\n","protected":false},"author":1,"featured_media":0,"comment_status":"open","ping_status":"closed","sticky":false,"template":"","format":"standard","meta":{"footnotes":""},"categories":[1],"tags":[],"class_list":["post-18373","post","type-post","status-publish","format-standard","hentry","category-general"],"_links":{"self":[{"href":"https:\/\/www.biblia.work\/sermones\/wp-json\/wp\/v2\/posts\/18373","targetHints":{"allow":["GET"]}}],"collection":[{"href":"https:\/\/www.biblia.work\/sermones\/wp-json\/wp\/v2\/posts"}],"about":[{"href":"https:\/\/www.biblia.work\/sermones\/wp-json\/wp\/v2\/types\/post"}],"author":[{"embeddable":true,"href":"https:\/\/www.biblia.work\/sermones\/wp-json\/wp\/v2\/users\/1"}],"replies":[{"embeddable":true,"href":"https:\/\/www.biblia.work\/sermones\/wp-json\/wp\/v2\/comments?post=18373"}],"version-history":[{"count":0,"href":"https:\/\/www.biblia.work\/sermones\/wp-json\/wp\/v2\/posts\/18373\/revisions"}],"wp:attachment":[{"href":"https:\/\/www.biblia.work\/sermones\/wp-json\/wp\/v2\/media?parent=18373"}],"wp:term":[{"taxonomy":"category","embeddable":true,"href":"https:\/\/www.biblia.work\/sermones\/wp-json\/wp\/v2\/categories?post=18373"},{"taxonomy":"post_tag","embeddable":true,"href":"https:\/\/www.biblia.work\/sermones\/wp-json\/wp\/v2\/tags?post=18373"}],"curies":[{"name":"wp","href":"https:\/\/api.w.org\/{rel}","templated":true}]}}