{"id":18417,"date":"2016-03-31T02:19:55","date_gmt":"2016-03-31T07:19:55","guid":{"rendered":"http:\/\/www.biblia.work\/sermones\/se-preocupa-usted-por-su-familia-y-quienes-no-tienen-a-dios-en-su-corazon\/"},"modified":"2016-03-31T02:19:55","modified_gmt":"2016-03-31T07:19:55","slug":"se-preocupa-usted-por-su-familia-y-quienes-no-tienen-a-dios-en-su-corazon","status":"publish","type":"post","link":"https:\/\/www.biblia.work\/sermones\/se-preocupa-usted-por-su-familia-y-quienes-no-tienen-a-dios-en-su-corazon\/","title":{"rendered":"\u00bfSe preocupa usted por su familia y quienes no tienen a Dios en su coraz\u00f3n?"},"content":{"rendered":"<p align=\"justify\">La oraci\u00f3n transforma las circunstancias&#8230; No podemos olvidarlo<\/p>\n<p align=\"justify\"><strong>Lectura B\u00edblica:<\/strong> Salmos 37:4<\/p>\n<p align=\"justify\"><strong>Vers\u00edculo para memorizar:<\/strong><\/p>\n<p align=\"justify\"><strong><em>\u201cY al ver la gran cantidad de gente que lo segu\u00eda, Jes\u00fas sinti\u00f3 mucha compasi\u00f3n, porque vio que era gente confundida, que no ten\u00eda quien la defendiera. \u00a1Parec\u00edan un reba\u00f1o de ovejas sin pastor!\u201d (Mateo 9:36. Traducci\u00f3n en Lenguaje Actual)<\/em><\/strong><\/p>\n<p align=\"justify\"><strong>Reflexi\u00f3n en la Palabra de Dios:<\/strong><\/p>\n<p align=\"justify\">Cuando hay una Carga de Oraci\u00f3n en nuestra vida, se produce una necesidad y sentido de urgencia para clamar al Padre celestial y, adem\u00e1s, siendo sensibles a ese llamado, nos convertimos en instrumentos \u00fatiles en manos de Dios.<\/p>\n<p align=\"justify\">Las Escrituras aluden claramente a tres tipos de cargas que podemos experimentar:<\/p>\n<ul>\n<li><span>Carga de culpabilidad por el pecado cometido<\/p>\n<\/li>\n<li><span>Carga de preocupaciones<\/p>\n<\/li>\n<li><span>Carga que Dios pone en nuestro coraz\u00f3n para orar por alguien o una situaci\u00f3n en particular<\/p>\n<\/li>\n<\/ul>\n<p align=\"justify\">Recuerde que las cargas de oraci\u00f3n contribuyen a transformar personas y circunstancias, de ah\u00ed que no es prudente eludirlas.<\/p>\n<p align=\"justify\">\u00bfC\u00f3mo funcionan las Cargas de Oraci\u00f3n? Esta constituye otra pregunta muy importante. La respuesta tambi\u00e9n es sencilla porque la din\u00e1mica de las Cargas de Oraci\u00f3n no resulta tan compleja como muchos imaginan.<\/p>\n<p align=\"justify\">Dios ve la necesidad de una persona, digamos Carlos. \u00c9l pone en el coraz\u00f3n de Luis que ore por la necesidad de Carlos. Tal vez no sentir\u00e1 paz hasta que haya buscado el rostro del Se\u00f1or a favor de la necesidad que esa persona enfrenta.<\/p>\n<p align=\"justify\">\u00bfQu\u00e9 hace Dios? Nos convierte en instrumentos \u00fatiles en Sus manos, al permitirnos ser part\u00edcipes del proceso de transformar personas o circunstancias. Y algo m\u00e1s: Recibimos bendici\u00f3n cuando somos sensibles a la carga de oraci\u00f3n.<\/p>\n<p align=\"justify\">\u00bfC\u00f3mo pone Dios Cargas de Oraci\u00f3n en nuestro coraz\u00f3n? Hoy ha sido una oportunidad maravillosa para despejar muchos interrogantes que tal vez asaltan su coraz\u00f3n cuando hablamos de un tema que poco se aborda en las iglesias como son las Cargas de Oraci\u00f3n.<\/p>\n<p align=\"justify\">Dios las coloca en nuestro coraz\u00f3n al menos en tres circunstancias puntuales:<\/p>\n<ul>\n<li><span>Cuando vemos alguien o algo que inquieta nuestro coraz\u00f3n<\/p>\n<\/li>\n<li><span>Por sugerencia de alguien cercano<\/p>\n<\/li>\n<li><span>Cuando leemos un pasaje de las Escrituras que toca nuestro coraz\u00f3n<\/p>\n<\/li>\n<\/ul>\n<p align=\"justify\">En el caso espec\u00edfico de Nehem\u00edas, fueron sus hermanos quienes le compartieron la dif\u00edcil situaci\u00f3n por la que atravesaban los compatriotas, y \u00e9l inmediatamente tom\u00f3 esa carga que le llev\u00f3 a orar durante varios d\u00edas, acompa\u00f1ando esa b\u00fasqueda del Se\u00f1or con ayuno.<\/p>\n<p align=\"justify\">\u00bfCu\u00e1nto pueden durar esas Cargas de Oraci\u00f3n? Creo que una respuesta clara la ofrece el autor y conferencista internacional, Charles Stanley cuando escribe: <em>\u201cNo todas las oraciones requieren d\u00edas o siquiera horas; algunas cargas pudieran ser porque Dios quiere que usted haga en ese momento. Por ejemplo, \u00c9l pudiera poner en usted la carga de llamar a un amigo o darle algo a quienes lo necesitan. Ese tipo de cargas pudieran comprenderse de inmediato sin un largo proceso de b\u00fasqueda del Se\u00f1or. Pero tenemos que estar dispuestos a pasar m\u00e1s tiempo con Dios cuando sea necesario.\u201d (Charles Stanley. \u201cTr\u00e1telo con oraci\u00f3n\u201d. Editorial Vida.EE.UU. 1994. Pg. 60)<\/em><\/p>\n<p align=\"justify\">La carga puede ir en aumento, o puede pasar r\u00e1pidamente. Lo que s\u00ed se convierte en un com\u00fan denominador en todas las circunstancias es que la carga s\u00f3lo se quita cuando oramos. Es necesario perseverar en esa disposici\u00f3n porque nuestro adversario espiritual, satan\u00e1s, procurar\u00e1 desestimar en nuestro coraz\u00f3n el llamado de Dios o tal vez desanimarnos.<\/p>\n<p align=\"justify\">Le invito finalmente para que consideremos la clara diferencia que hay entre <strong><em>carga<\/em><\/strong> y <strong><em>preocupaci\u00f3n<\/em><\/strong> , porque podr\u00edamos estar confundidos sobre este aspecto.<\/p>\n<p align=\"justify\">La carga de Oraci\u00f3n viene de Dios y lleva a orar por un motivo espec\u00edfico. No busca nuestra gloria particular sino la de Aqu\u00e9l que nos llama a cumplir esa misi\u00f3n.<\/p>\n<p align=\"justify\">La Preocupaci\u00f3n, en cambio, tiene como origen no confiar plenamente en Dios y procurar resolver los problemas en nuestras fuerzas<\/p>\n<p align=\"justify\">Tenga presente que la existencia de una carga de oraci\u00f3n prueba que Dios ya est\u00e1 trabajando en el asunto. Y dos elementos para concluir: Dios desea concedernos las peticiones de nuestro coraz\u00f3n (Salmos 37:4), y desea que dispongamos el coraz\u00f3n para recibir las cargas de oraci\u00f3n.<\/p>\n<p align=\"justify\">Que no pase este d\u00eda sin que tome la mejor decisi\u00f3n de su vida: Abrirle las puertas de su coraz\u00f3n al Se\u00f1or Jes\u00fas. Puedo asegurarle que no se arrepentir\u00e1.<\/p>\n<p align=\"justify\"><strong>Preguntas para el crecimiento personal y espiritual:<\/strong><\/p>\n<p align=\"justify\"><strong>a.<\/strong> \u00bfQu\u00e9 nos ense\u00f1a el relato de Nehem\u00edas 1:1-11?<\/p>\n<p align=\"justify\"><strong>b.<\/strong> \u00bfCu\u00e1l fue la respuesta de Nehem\u00edas ante las noticias que recibi\u00f3? \u00bfQu\u00e9 hizo?<\/p>\n<p align=\"justify\"><strong>c.<\/strong> \u00bfPodr\u00eda definir en palabras sencillas qu\u00e9 son las Cargas de Oraci\u00f3n?<\/p>\n<p align=\"justify\"><strong>d.<\/strong> \u00bfQu\u00e9 carga recibi\u00f3 el Se\u00f1or Jes\u00fas en su coraz\u00f3n y por qu\u00e9 motivo (Mateo 9:36)?<\/p>\n<p align=\"justify\"><strong>e.<\/strong> \u00bfPodr\u00eda describir qu\u00e9 tipos de Cargas relaciona la Biblia?<\/p>\n<p align=\"justify\"><strong>f.<\/strong> \u00bfC\u00f3mo llegan las cargas de oraci\u00f3n a nuestro coraz\u00f3n?<\/p>\n<p align=\"justify\"><strong>g.<\/strong> \u00bfQu\u00e9 nos ense\u00f1a el Salmos 37:4 con respecto a la b\u00fasqueda de Dios?<\/p>\n<p><!-- HTML Revisado. CM 2016-02-06 --><\/p>\n<p align=\"justify\">Por: Fernando Alexis Jim\u00e9nez<\/p>\n","protected":false},"excerpt":{"rendered":"<p>La oraci\u00f3n transforma las circunstancias&#8230; No podemos olvidarlo Lectura B\u00edblica: Salmos 37:4 Vers\u00edculo para memorizar: \u201cY al ver la gran cantidad de gente que lo segu\u00eda, Jes\u00fas sinti\u00f3 mucha compasi\u00f3n, porque vio que era gente confundida, que no ten\u00eda quien la defendiera. \u00a1Parec\u00edan un reba\u00f1o de ovejas sin pastor!\u201d (Mateo 9:36. Traducci\u00f3n en Lenguaje Actual) &hellip; <a href=\"https:\/\/www.biblia.work\/sermones\/se-preocupa-usted-por-su-familia-y-quienes-no-tienen-a-dios-en-su-corazon\/\" class=\"more-link\">Continuar leyendo<span class=\"screen-reader-text\"> \u00ab\u00bfSe preocupa usted por su familia y quienes no tienen a Dios en su coraz\u00f3n?\u00bb<\/span><\/a><\/p>\n","protected":false},"author":1,"featured_media":0,"comment_status":"open","ping_status":"closed","sticky":false,"template":"","format":"standard","meta":{"footnotes":""},"categories":[1],"tags":[],"class_list":["post-18417","post","type-post","status-publish","format-standard","hentry","category-general"],"_links":{"self":[{"href":"https:\/\/www.biblia.work\/sermones\/wp-json\/wp\/v2\/posts\/18417","targetHints":{"allow":["GET"]}}],"collection":[{"href":"https:\/\/www.biblia.work\/sermones\/wp-json\/wp\/v2\/posts"}],"about":[{"href":"https:\/\/www.biblia.work\/sermones\/wp-json\/wp\/v2\/types\/post"}],"author":[{"embeddable":true,"href":"https:\/\/www.biblia.work\/sermones\/wp-json\/wp\/v2\/users\/1"}],"replies":[{"embeddable":true,"href":"https:\/\/www.biblia.work\/sermones\/wp-json\/wp\/v2\/comments?post=18417"}],"version-history":[{"count":0,"href":"https:\/\/www.biblia.work\/sermones\/wp-json\/wp\/v2\/posts\/18417\/revisions"}],"wp:attachment":[{"href":"https:\/\/www.biblia.work\/sermones\/wp-json\/wp\/v2\/media?parent=18417"}],"wp:term":[{"taxonomy":"category","embeddable":true,"href":"https:\/\/www.biblia.work\/sermones\/wp-json\/wp\/v2\/categories?post=18417"},{"taxonomy":"post_tag","embeddable":true,"href":"https:\/\/www.biblia.work\/sermones\/wp-json\/wp\/v2\/tags?post=18417"}],"curies":[{"name":"wp","href":"https:\/\/api.w.org\/{rel}","templated":true}]}}