{"id":19651,"date":"2016-03-31T03:05:27","date_gmt":"2016-03-31T08:05:27","guid":{"rendered":"http:\/\/www.biblia.work\/sermones\/salga-de-la-prision-emocional-y-espiritual-que-le-impide-avanzar\/"},"modified":"2016-03-31T03:05:27","modified_gmt":"2016-03-31T08:05:27","slug":"salga-de-la-prision-emocional-y-espiritual-que-le-impide-avanzar","status":"publish","type":"post","link":"https:\/\/www.biblia.work\/sermones\/salga-de-la-prision-emocional-y-espiritual-que-le-impide-avanzar\/","title":{"rendered":"Salga de la prisi\u00f3n emocional y espiritual que le impide avanzar"},"content":{"rendered":"<p align=\"justify\">Jesucristo nos liberta de cualquier c\u00e1rcel emocional o espiritual en que nos encontremos<\/p>\n<p align=\"justify\">Las celdas son fr\u00edas. Los barrotes poblados de herrumbre que a duras penas llevan a pensar que alg\u00fan d\u00eda estuvieron pintados de negro o blanco. La humedad se refleja en paredes agrietadas y desconchadas por doquiera, con pintura que se levanta como si se tratara de vetas que no quieren permanecer en su lugar.<\/p>\n<p align=\"justify\">\u2013<i>Soy inocente<\/i> \u2014 aseguraba Jos\u00e9 Alberto Rosales\u2013. <i>Un d\u00eda me movilizaba de una a otra ciudad, nos hicieron bajar en un reten militar, ingresaron mi nombre en un computador y el oficial a cargo me notific\u00f3 que quedaba retenido. Dijo que aparec\u00eda relacionado como autor de un asesinato<\/i>\u2013.<\/p>\n<p align=\"justify\">A partir de ese momento inici\u00f3 una prolongada carrera por demostrar su inocencia. Para comprobar que se trataba de un hom\u00f3nimo. El d\u00eda del supuesto crimen, se encontraba velando a su padre, muerto de un infarto. Pero las declaraciones de testigos no fueron tenidas en cuenta. Las desestimaron e impusieron una condena en su contra de veinte a\u00f1os.<\/p>\n<p align=\"justify\">\u2013<i>Soy inocente\u2026\u2013<\/i>es lo \u00fanico que se atreve a musicar este maestro de profesi\u00f3n, de 34 a\u00f1os, quien se sabe de memoria cuantas baldosas tiene la celda porque las ha contado una y otra vez y pude describir de memoria, las figuras que dibujan en su intercalaci\u00f3n.<\/p>\n<p align=\"justify\">Jos\u00e9 Alberto es uno de los cientos de casos que se dan en Colombia y muchos pa\u00edses de Latinoam\u00e9rica donde los justos pagan por los injustos; donde los inocentes est\u00e1n en las c\u00e1rceles y los verdaderos culpables deambulando en las cases. Pero hay algo m\u00e1s: de acuerdo con la Procuradur\u00eda \u00a0General de la Naci\u00f3n, hay en suelo colombiano 2.500 detenidos que cumplieron sus condenas pero siguen en la c\u00e1rcel debido a la moratoria de los jueces en expedir las boletas de libertad.<\/p>\n<p align=\"justify\"><b>En la cotidianidad hay \u201cencarcelados\u201d<\/b><\/p>\n<p align=\"justify\">En la vida espiritual se presentan igualmente los dos casos: de un lado aquellos que siguen atados por el sentimiento de culpa que arrastran ya que si bien es cierto Dios les perdon\u00f3, ellos mismos no quieren perdonarse; y de otra parte, quienes siendo libres por la obra redentora \u00a0de Jesucristo, se sienten acusados por Satan\u00e1s por sus pecados del pasado.<\/p>\n<p align=\"justify\">Nuestro adversario espiritual, satan\u00e1s, se aprovecha de complejos, temores y otros comportamientos para mantener a las personas encadenadas, sin que puedan avanzar.<\/p>\n<p align=\"justify\">Pero esto no debe ser as\u00ed. En las Escrituras leemos una poderosa recomendaci\u00f3n del ap\u00f3stol Pablo: <b><i>\u201cEstad, pues, firmes en la libertad con que Cristo nos hizo libres, y no est\u00e9is otra vez sujetos al yugo de esclavitud.\u201d (G\u00e1latas 5:1)<\/i><\/b><\/p>\n<p align=\"justify\">El pecado no nos puede atar al pasado ni tampoco los complejos y descompensaciones que se producen en el cuadro emocional de las personas.. Los recuerdos no pueden seguir atorment\u00e1ndolo.<\/p>\n<p align=\"justify\">Cualquiera que haya sido nuestro error, si pedimos perd\u00f3n a Dios \u2014 de coraz\u00f3n\u2013, sin duda \u00c9l ya nos perdon\u00f3 y debemos seguir adelante, sin mirar atr\u00e1s. Tal vez Satan\u00e1s nos haga sentir mal y siembre ideas equivocadas en el sentido de que todav\u00eda no hemos recibido perd\u00f3n; pero no le crea. El perd\u00f3n divino es para siempre. Prosiga, recuerde que <b><i>\u00a1hoy es el comienzo de una nueva vida\u2026!<\/i><\/b><\/p>\n<p align=\"justify\"><b>Disfrute la libertad de Dios<\/b><\/p>\n<p align=\"justify\">La libertad que Cristo Jes\u00fas nos dio debemos disfrutarla plenamente. No hay raz\u00f3n para que sigamos en las prisiones de oscuridad en la que quiso mantenernos Satan\u00e1s producto del pecado. Gracias a la obra redentora del Se\u00f1or Jes\u00fas, ahora somos libres.<\/p>\n<p align=\"justify\">El Rey David: <b><i>\u201cLuego que clamaron a Jehov\u00e1 en su angustia, los libr\u00f3 de sus aflicciones; los sac\u00f3 de las tinieblas y de la sombra de muerte, y rompi\u00f3 sus prisiones. Alaben la misericordia de Jehov\u00e1, y sus maravillas para con los hijos de los hombres.\u201d (Salmos 107:13-15, Reina Valera 1960)<\/i><\/b><\/p>\n<p align=\"justify\">Lea detenidamente el texto y descubrir\u00e1 que las cadenas de aflicci\u00f3n y de muerte, y las prisiones de maldad. \u00a1Hay libertad! Dios es quien nos saca de las tinieblas a la luz.<\/p>\n<p align=\"justify\">A ra\u00edz de un Estudio B\u00edblico que escrib\u00ed: \u201c\u00bf<i>Cautivo en la pornograf\u00eda<\/i>?\u201d, recib\u00ed sinn\u00famero de correos de todo el mundo; entre ellos, un joven de Buenos Aires, en Argentina. \u201c<i>No puedo salir de la pornograf\u00eda<\/i>\u201d, dec\u00eda en su carta. Mi respuesta fue contundente: \u201c<i>No le crea las mentiras a Satan\u00e1s. Jesucristo ya le hizo libre, ahora, disfrute esa libertad. Usted fue llamado a vencer<\/i>\u201d.<\/p>\n<p align=\"justify\">Igual con usted. Desconozco su situaci\u00f3n, pero puedo asegurarle que la libertad para su vida ya la gan\u00f3 Jesucristo en la cruz. Es menester que renuncie a toda atadura de Satan\u00e1s y le de espacio al Se\u00f1or Jes\u00fas en su vida.<\/p>\n<p align=\"justify\"><b>Dios nos acompa\u00f1a en el camino a la libertad<\/b><\/p>\n<p align=\"justify\">Nuestro amado Se\u00f1or jes\u00fas no nos deja solos. Una vez le recibimos en el coraz\u00f3n como Se\u00f1or y Salvador, nos acompa\u00f1a en el proceso de libertad, tal como en su momento y de manera magistral, escribi\u00f3 un poeta de la antig\u00fcedad: <b><i>\u201cEnv\u00eda tu luz y tu verdad; que ellas me gu\u00eden a tu monte santo, que me lleven al lugar donde t\u00fa habitas.\u201d (Salmos 43.4, Nueva Versi\u00f3n Internacional)<\/i><\/b><\/p>\n<p align=\"justify\">Hoy es el d\u00eda para ser libre. \u00bfDe qu\u00e9 manera? Recibiendo a Jes\u00fas en su coraz\u00f3n. D\u00edgale ahora mismo, all\u00ed donde se encuentra: <b><i>\u201cSe\u00f1or Jesucristo, gracias por morir en la cruz para darme la libertad y abrirme las puertas a una nueva vida. Acepto que por tu gracia y misericordia perdonaste mis pecados. Te recibo en mi coraz\u00f3n como Se\u00f1or y Salvador. Haz de mi la persona que t\u00fa quieres que yo sea. Renuncio en tu Nombre a todo pacto con Satan\u00e1s y el mundo de las tinieblas y declaro que voy a vivir, desde hoy, en libertad. Am\u00e9n\u201d<\/i><\/b><\/p>\n<p align=\"justify\">Como estoy seguro que hizo esta oraci\u00f3n, le felicito y adem\u00e1s, le comparto tres recomendaciones:<\/p>\n<p align=\"justify\"><b>1.-<\/b> Lea la Biblia. En este libro maravilloso aprender\u00e1 principios que le ayudar\u00e1n en el proceso de crecimiento personal y espiritual y le cimentar\u00e1n para avanzar hacia el \u00e9xito.<\/p>\n<p align=\"justify\"><b>2.-<\/b> Ore cada d\u00eda. Orar es hablar con Dios. D\u00edgale cuanto siente en su coraz\u00f3n. Desarrollar\u00e1 una intimidad con el Creador y podr\u00e1 marchar de la mano con el Se\u00f1or Jes\u00fas.<\/p>\n<p align=\"justify\"><b>3.<\/b>&#8211; Comience a reunirse en una iglesia cristiana. Es esencial para avanzar en el cambio y crecimiento, y permanecer libre en esa libertad que le ofrece el Se\u00f1or Jes\u00fas.<\/p>\n<p align=\"justify\">Si tiene alguna inquietud, no dude en escribirnos. Nuestro prop\u00f3sito es despejar sus interrogantes y guiarle a la libertad que le ofrece Jesucristo, nuestro amado Se\u00f1or y Salvador.<\/p>\n<p align=\"justify\">Por: Fernando Alexis Jim\u00e9nez<\/p>\n","protected":false},"excerpt":{"rendered":"<p>Jesucristo nos liberta de cualquier c\u00e1rcel emocional o espiritual en que nos encontremos Las celdas son fr\u00edas. Los barrotes poblados de herrumbre que a duras penas llevan a pensar que alg\u00fan d\u00eda estuvieron pintados de negro o blanco. La humedad se refleja en paredes agrietadas y desconchadas por doquiera, con pintura que se levanta como &hellip; <a href=\"https:\/\/www.biblia.work\/sermones\/salga-de-la-prision-emocional-y-espiritual-que-le-impide-avanzar\/\" class=\"more-link\">Continuar leyendo<span class=\"screen-reader-text\"> \u00abSalga de la prisi\u00f3n emocional y espiritual que le impide avanzar\u00bb<\/span><\/a><\/p>\n","protected":false},"author":1,"featured_media":0,"comment_status":"open","ping_status":"closed","sticky":false,"template":"","format":"standard","meta":{"footnotes":""},"categories":[1],"tags":[],"class_list":["post-19651","post","type-post","status-publish","format-standard","hentry","category-general"],"_links":{"self":[{"href":"https:\/\/www.biblia.work\/sermones\/wp-json\/wp\/v2\/posts\/19651","targetHints":{"allow":["GET"]}}],"collection":[{"href":"https:\/\/www.biblia.work\/sermones\/wp-json\/wp\/v2\/posts"}],"about":[{"href":"https:\/\/www.biblia.work\/sermones\/wp-json\/wp\/v2\/types\/post"}],"author":[{"embeddable":true,"href":"https:\/\/www.biblia.work\/sermones\/wp-json\/wp\/v2\/users\/1"}],"replies":[{"embeddable":true,"href":"https:\/\/www.biblia.work\/sermones\/wp-json\/wp\/v2\/comments?post=19651"}],"version-history":[{"count":0,"href":"https:\/\/www.biblia.work\/sermones\/wp-json\/wp\/v2\/posts\/19651\/revisions"}],"wp:attachment":[{"href":"https:\/\/www.biblia.work\/sermones\/wp-json\/wp\/v2\/media?parent=19651"}],"wp:term":[{"taxonomy":"category","embeddable":true,"href":"https:\/\/www.biblia.work\/sermones\/wp-json\/wp\/v2\/categories?post=19651"},{"taxonomy":"post_tag","embeddable":true,"href":"https:\/\/www.biblia.work\/sermones\/wp-json\/wp\/v2\/tags?post=19651"}],"curies":[{"name":"wp","href":"https:\/\/api.w.org\/{rel}","templated":true}]}}