{"id":19687,"date":"2016-03-31T03:06:39","date_gmt":"2016-03-31T08:06:39","guid":{"rendered":"http:\/\/www.biblia.work\/sermones\/rindiendo-nuestra-vida-a-dios-en-oracion-y-busqueda-dia-4\/"},"modified":"2016-03-31T03:06:39","modified_gmt":"2016-03-31T08:06:39","slug":"rindiendo-nuestra-vida-a-dios-en-oracion-y-busqueda-dia-4","status":"publish","type":"post","link":"https:\/\/www.biblia.work\/sermones\/rindiendo-nuestra-vida-a-dios-en-oracion-y-busqueda-dia-4\/","title":{"rendered":"Rindiendo nuestra vida a Dios en oraci\u00f3n y b\u00fasqueda \u2013 D\u00eda 4 &#8211;"},"content":{"rendered":"<p align=\"justify\">Nuestro amado Dios es un Dios de bendiciones<\/p>\n<p align=\"justify\"><strong>Lectura B\u00edblica:<\/strong> Romanos 8:26, 27; Marcos 1:35; Salmos 6:31;<\/p>\n<p align=\"justify\">Le invitamos para que medite cuidadosamente en el texto escogido para iniciar la jornada de hoy:<\/p>\n<p align=\"justify\"><em>\u201cAdem\u00e1s, el Esp\u00edritu Santo nos ayuda en nuestra debilidad. Por ejemplo, nosotros no sabemos qu\u00e9 quiere Dios que le pidamos en oraci\u00f3n, pero el Esp\u00edritu Santo ora por nosotros con gemidos que no pueden expresarse con palabras. Y el Padre, quien conoce cada coraz\u00f3n, sabe lo que el Esp\u00edritu dice, porque el Esp\u00edritu intercede por nosotros, los creyentes,\u00a0 en armon\u00eda con la voluntad de Dios.\u201d (Romanos 8:26, 27. NTV)<\/em><\/p>\n<p align=\"justify\"><strong>Un momento para reflexionar: <\/strong><\/p>\n<p align=\"justify\">Hace pocos d\u00edas le\u00ed un libro que\u2014 lo confieso\u2014 me llam\u00f3 poderosamente la atenci\u00f3n pero, adem\u00e1s, me movi\u00f3 los cimientos. Muy sencillo, a decir verdad, pero con dos interrogantes que todav\u00eda me tienen inquieto: <em>\u00bfSabe usted orar? \u00bfSe ha preguntado por qu\u00e9 sus oraciones no son eficaces?<\/em><\/p>\n<p align=\"justify\">El autor, de quien prefiero guardar reserva, dio en el punto. Creo que usted, ahora mismo, quedar\u00e1 igual de intranquilo con los dos cuestionamientos.<\/p>\n<p align=\"justify\">\u00bfA qu\u00e9 se debe esto? A que pasamos poco tiempo en oraci\u00f3n o tal vez, si oramos, divagamos en palabras y no vamos al asunto central, el que nos motiva a doblar rodilla. Y si acaso oramos, seguimos guardando en el coraz\u00f3n un profundo vac\u00edo. Tal vez no actuamos movidos por la fe sino por la desesperaci\u00f3n. Un laberinto sin salida, sin duda.<\/p>\n<p align=\"justify\">En uno de sus c\u00e9lebres sermones de la d\u00e9cada de los setenta, el famoso evangelista Billy Graham dijo: <em>\u201cLa oraci\u00f3n es una conversaci\u00f3n de ida y vuelta. Hablamos con Dios, y \u00c9l habla con nosotros. Como cristianos tenemos un Padre celestial que escucha y contesta nuestras oraciones\u2026 Jes\u00fas lo dijo: \u201cTodo lo que pidiereis en oraci\u00f3n, creyendo, lo recibir\u00e9is\u2026\u201d (Mateo 21.12) No hay hombre o mujer cuya vida haya sido de valor positivo en la iglesia y en el Reino de Dios que no haya sido una persona de oraci\u00f3n. Es mal negocio argumentar que estamos demasiado ocupados y no orar. Un cristiano que no ora es un cristiano impotente. Jes\u00fas nuestro amado Salvador pas\u00f3 muchas horas en oraci\u00f3n. A veces estuvo toda la noche en la cumbre de una colina, en comuni\u00f3n con Dios el Padre. Y si \u00e9l sent\u00eda la necesidad de orar, \u00a1Cu\u00e1nto m\u00e1s precisamos usted y yo de la oraci\u00f3n!\u201d (Citado por Joan Winmill Browm, en \u201cD\u00eda a d\u00eda con Billy Graham\u201d. Editorial Mundo Hispano. EE.UU. 2008)<\/em><\/p>\n<p align=\"justify\">Siempre resulta bien hacer un alto en el camino y preguntarnos c\u00f3mo anda nuestra vida de oraci\u00f3n. Como cristianos y m\u00e1s si ocupamos una posici\u00f3n de liderazgo, reviste particular importancia que pasemos tiempo en la Presencia de nuestro Hacedor.<\/p>\n<p align=\"justify\"><strong>Puntos de Reflexi\u00f3n:<\/strong><\/p>\n<p align=\"justify\">Tenga presente siempre este d\u00eda rendimos nuestra vida a Dios en oraci\u00f3n cuando:<\/p>\n<p align=\"justify\"><strong>a.-<\/strong> Aprendemos del Se\u00f1or Jes\u00fas que iniciaba y terminaba sus extenuantes jornadas en oraci\u00f3n (Mateo 14:23; Marcos 1:35, 6:12).<\/p>\n<p align=\"justify\"><strong>b.-<\/strong> Aprendemos de hombres del Nuevo\u00a0 Testamento, como los ap\u00f3stoles Pablo y Judas, quienes insisten en la necesidad e importancia de orar (1 Tesalonicenses 5:17; Romanos 8:26, 27; Judas 20)<\/p>\n<p align=\"justify\"><strong>c.-<\/strong> Comenzamos cada nuevo d\u00eda apartando unos minutos para Dios en oraci\u00f3n (Marcos 1:35)<\/p>\n<p align=\"justify\"><strong>d.-<\/strong> Somos perseverantes en la Oraci\u00f3n (1 Tesalonicenses 5:17)<\/p>\n<p align=\"justify\"><strong>Vers\u00edculo clave: <\/strong><\/p>\n<p align=\"justify\"><em>\u201cOh Dios, t\u00fa eres mi Dios; de todo coraz\u00f3n te busco. Mi alma tiene sed de ti; todo mi cuerpo te anhela en esta tierra reseca y agotada donde no hay agua.\u201d (Salmos 63:1. NTV).<\/em><\/p>\n<p align=\"justify\"><strong>Serm\u00f3n para compartir en Comunidad:<\/strong><\/p>\n<p align=\"justify\">Si usted es pastor, obrero o l\u00edder y desea compartir el Mensaje de Consagraci\u00f3n en la comunidad de creyentes que tiene a cargo, utilice el siguiente Serm\u00f3n:<\/p>\n<p align=\"justify\"><strong>T\u00edtulo:<\/strong>\u00a0La importancia de la oraci\u00f3n en la vida del cristiano<\/p>\n<p align=\"justify\"><strong>Base B\u00edblica:<\/strong>\u00a0Lucas 11:1-13<\/p>\n<p align=\"justify\"><strong>Introducci\u00f3n:<\/strong><\/p>\n<p align=\"justify\">El Se\u00f1or Jes\u00fas nos ense\u00f1\u00f3 la importancia de orar, desarrollando intimidad con Dios. \u00c9l mismo nos comparti\u00f3 un modelo para orar que est\u00e1 contenido en el Padre nuestro y que registran tres de los Evangelios. Cuando procuramos la Presencia del Se\u00f1or, \u00c9l nos revela Su voluntad y nos gu\u00eda camino a la victoria personal y espiritual. No podemos desconocer que el Se\u00f1or Jes\u00fas ten\u00eda como disciplina diaria la oraci\u00f3n. Era parte de su estilo de vida. Hoy en d\u00eda vemos como infinidad de creyentes se dedican a orar pero cuando reciben respuesta a sus peticiones, inmediatamente se olvidan del Dios que respondi\u00f3 a su clamor.<\/p>\n<ol>\n<li><span><strong> El Se\u00f1or Jes\u00fas ense\u00f1\u00f3 con su propia b\u00fasqueda de Dios, la importancia de orar (Lucas 4:1-4)<\/strong><\/p>\n<\/li>\n<li><span>En los disc\u00edpulos del Se\u00f1or Jes\u00fas hab\u00eda anhelo por aprender a orar (v. 1 b)<\/p>\n<\/li>\n<li><span>El Se\u00f1or Jes\u00fas ense\u00f1aba con su ejemplo la necesidad de orar (v. 1 b)<\/p>\n<\/li>\n<li><span>El Se\u00f1or Jes\u00fas ense\u00f1\u00f3 que la oraci\u00f3n se dirige al Padre celestial, due\u00f1o de todo el poder (v. 2)<\/p>\n<\/li>\n<li><span>Glorificar a Dios<\/p>\n<\/li>\n<li><span>Reconocer la grandeza de Dios<\/p>\n<\/li>\n<li><span>Pedir que viniera Su Reino<\/p>\n<\/li>\n<li><span>El Se\u00f1or Jes\u00fas ense\u00f1\u00f3 la necesidad de depender de Dios en oraci\u00f3n (v. 4)<\/p>\n<\/li>\n<li><span>El Se\u00f1or Jes\u00fas nos ense\u00f1\u00f3 la importancia de orar para pedir fortaleza de Dios para perdonar y pedir perd\u00f3n cuando ofendemos a alguien (v. 4)<\/p>\n<\/li>\n<li><span><strong> El Se\u00f1or Jes\u00fas nos ense\u00f1\u00f3 que la oraci\u00f3n debe ocupar un lugar muy importante en nuestra vida<\/strong><\/p>\n<\/li>\n<li><span>El Se\u00f1or Jes\u00fas oraba antes de comenzar su jornada (Marcos 1:35)<\/p>\n<\/li>\n<li><span>El Se\u00f1or Jes\u00fas oraba antes de tomar grandes decisiones (Lucas 6.12, 13)<\/p>\n<\/li>\n<li><span>El Se\u00f1or Jes\u00fas oraba cuando terminaba sus jornadas (Mateo 14:23)<\/p>\n<\/li>\n<\/ol>\n<p align=\"justify\"><strong>III. El Se\u00f1or Jes\u00fas nos ense\u00f1\u00f3 que debemos orar por nuestra vida personal, familiar y desenvolvimiento ministerial<\/strong><\/p>\n<ol>\n<li><span>El Se\u00f1or Jes\u00fas oraba para agradecer al Padre celestial (Marcos 8:6, 7)<\/p>\n<\/li>\n<li><span>El Se\u00f1or Jes\u00fas oraba cuando ministraba (Mateo 15:36)<\/p>\n<\/li>\n<li><span>El Se\u00f1or Jes\u00fas oraba para que ocurrieran milagros (Juan 11:41, 42)<\/p>\n<\/li>\n<li><span>El Se\u00f1or Jes\u00fas oraba\u00a0 en los tiempos de angustia (Juan 12:27, 28)<\/p>\n<\/li>\n<li><span>Glorificaba a Dios<\/p>\n<\/li>\n<li><span>Reconoc\u00eda el poder y la voluntad de Dios<\/p>\n<\/li>\n<li><span>El Se\u00f1or Jes\u00fas se someti\u00f3 a la voluntad de Dios (Lucas 23:46)<\/p>\n<\/li>\n<\/ol>\n<p align=\"justify\"><strong>Conclusi\u00f3n:<\/strong><\/p>\n<p align=\"justify\">Como el Se\u00f1or Jes\u00fas, que es y seguir\u00e1 siendo siempre nuestro Maestro, que brinda ense\u00f1anza con el ejemplo, debemos comenzar y terminar las jornadas en oraci\u00f3n. Cuando leemos las Escrituras aprendemos que nuestro Salvador le conced\u00eda particular importancia a la oraci\u00f3n. De \u00c9l aprendemos que, por encima de todo, orar es y debe ser en nosotros una necesidad. Jam\u00e1s olvide que a orar se aprende orando. Tenga presente adem\u00e1s que la mejor manera de ense\u00f1ar a nuestra familia sobre la importancia de orar, es cuando nosotros mismos tenemos ese principio, el de orar. Hoy es el d\u00eda para comenzar.<\/p>\n<p align=\"justify\"><strong>Lectura para el Mediod\u00eda:<\/strong> Lucas 6.12; Marcos 1:35<\/p>\n<p align=\"justify\"><strong>Lectura para la Noche:<\/strong> Marcos 14:23; Salmos 4:8<\/p>\n<p align=\"justify\"><strong>Terminamos la actividad en oraci\u00f3n:<\/strong><\/p>\n<p align=\"justify\"><em>\u201cSe\u00f1or Jes\u00fas, gracias porque siempre respondes a nuestras oraciones. Tambi\u00e9n admitimos que crecemos en la medida en que caminamos tomados de t\u00fa mano, y eso es posible cuando tomamos tiempo para orar. T\u00fa est\u00e1s atento a lo que te pedimos, porque tu deseo es darnos siempre lo mejor. Perm\u00edtenos cada d\u00eda m\u00e1s que crezca la fe en nuestra familia. Que padres e hijos crezcamos en el convencimiento de que nos oyes y atiendes nuestras oraciones. Am\u00e9n\u201d<\/em><\/p>\n<p><!--(CM)--><\/p>\n<p align=\"justify\">Por: Fernando Alexis Jim\u00e9nez<\/p>\n","protected":false},"excerpt":{"rendered":"<p>Nuestro amado Dios es un Dios de bendiciones Lectura B\u00edblica: Romanos 8:26, 27; Marcos 1:35; Salmos 6:31; Le invitamos para que medite cuidadosamente en el texto escogido para iniciar la jornada de hoy: \u201cAdem\u00e1s, el Esp\u00edritu Santo nos ayuda en nuestra debilidad. Por ejemplo, nosotros no sabemos qu\u00e9 quiere Dios que le pidamos en oraci\u00f3n, &hellip; <a href=\"https:\/\/www.biblia.work\/sermones\/rindiendo-nuestra-vida-a-dios-en-oracion-y-busqueda-dia-4\/\" class=\"more-link\">Continuar leyendo<span class=\"screen-reader-text\"> \u00abRindiendo nuestra vida a Dios en oraci\u00f3n y b\u00fasqueda \u2013 D\u00eda 4 &#8211;\u00bb<\/span><\/a><\/p>\n","protected":false},"author":1,"featured_media":0,"comment_status":"open","ping_status":"closed","sticky":false,"template":"","format":"standard","meta":{"footnotes":""},"categories":[1],"tags":[],"class_list":["post-19687","post","type-post","status-publish","format-standard","hentry","category-general"],"_links":{"self":[{"href":"https:\/\/www.biblia.work\/sermones\/wp-json\/wp\/v2\/posts\/19687","targetHints":{"allow":["GET"]}}],"collection":[{"href":"https:\/\/www.biblia.work\/sermones\/wp-json\/wp\/v2\/posts"}],"about":[{"href":"https:\/\/www.biblia.work\/sermones\/wp-json\/wp\/v2\/types\/post"}],"author":[{"embeddable":true,"href":"https:\/\/www.biblia.work\/sermones\/wp-json\/wp\/v2\/users\/1"}],"replies":[{"embeddable":true,"href":"https:\/\/www.biblia.work\/sermones\/wp-json\/wp\/v2\/comments?post=19687"}],"version-history":[{"count":0,"href":"https:\/\/www.biblia.work\/sermones\/wp-json\/wp\/v2\/posts\/19687\/revisions"}],"wp:attachment":[{"href":"https:\/\/www.biblia.work\/sermones\/wp-json\/wp\/v2\/media?parent=19687"}],"wp:term":[{"taxonomy":"category","embeddable":true,"href":"https:\/\/www.biblia.work\/sermones\/wp-json\/wp\/v2\/categories?post=19687"},{"taxonomy":"post_tag","embeddable":true,"href":"https:\/\/www.biblia.work\/sermones\/wp-json\/wp\/v2\/tags?post=19687"}],"curies":[{"name":"wp","href":"https:\/\/api.w.org\/{rel}","templated":true}]}}