{"id":19697,"date":"2016-03-31T03:06:55","date_gmt":"2016-03-31T08:06:55","guid":{"rendered":"http:\/\/www.biblia.work\/sermones\/esta-bien-celebrar-la-navidad\/"},"modified":"2016-03-31T03:06:55","modified_gmt":"2016-03-31T08:06:55","slug":"esta-bien-celebrar-la-navidad","status":"publish","type":"post","link":"https:\/\/www.biblia.work\/sermones\/esta-bien-celebrar-la-navidad\/","title":{"rendered":"\u00bfEst\u00e1 bien celebrar la navidad?"},"content":{"rendered":"<p align=\"justify\">La navidad debemos celebrarla en Familia<\/p>\n<p align=\"justify\"><em>\u00abEn casa nos gusta celebrar la navidad. Primero fue mi hijo universitario quien recibi\u00f3 a Cristo, luego mi esposo la acompa\u00f1\u00f3 a la Iglesia y ahora yo. Estamos contentos. Eso fue en marzo de este a\u00f1o. Pusimos adornos navide\u00f1os y hay quienes nos han criticado, dicen que eso no es de Dios. \u00bfQu\u00e9 de malo hay en celebrar la navidad?\u00bb<\/em><\/p>\n<p align=\"justify\"><em>L.F.A., desde Monterrye, M\u00e9xico.<\/em><\/p>\n<p align=\"justify\"><strong>Respuesta:<\/strong><\/p>\n<p align=\"justify\">Sobre el tema de la Navidad se ha escrito mucho. Hay muchas opiniones alrededor de si est\u00e1 bien o no celebrarla. Para serle sincero, todo depende de la denominaci\u00f3n eclesi\u00e1stica en la que usted se congrega. Hay iglesias que comparten la Navidad y otras que no. Y en nuestro criterio, como ministerio interdenominacional, se debe respetar la apreciaci\u00f3n de la congregaci\u00f3n a la que asiste.<\/p>\n<p align=\"justify\">No obstante, como nos eleva una consulta orientada a obtener un consejo, le invito a considerar los or\u00edgenes de la navidad.<\/p>\n<p align=\"justify\"><strong>Or\u00edgenes de la Navidad<\/strong><\/p>\n<p align=\"justify\">Cuando vamos a los or\u00edgenes de la cristiandad, no encontramos testimonio de Tertuliano o Ireneo \u2014hombres que registraron grandes etapas del surgimiento de la Iglesia \u2014sobre la celebraci\u00f3n de la natividad. Es en el a\u00f1o 200, en Alejandr\u00eda, donde se encuentra una alusi\u00f3n al 25 de diciembre como fecha escogida por algunos creyentes egipcios. Pero en la pr\u00e1ctica, Jes\u00fas habr\u00eda nacido a mediados de octubre.<\/p>\n<p align=\"justify\">La fiesta pagana m\u00e1s \u00edtimamente asociada con la Navidad era el Saturnal romano, el 19 de diciembre, en honor de Saturno, dios de la agricultura, que se celebraba durante siete d\u00edas de bulliciosas diversiones y banquetes. Al mismo tiempo, se celebraba en el Norte de Europa una fiesta de invierno similar, conocida como Yule, en la que se quemaban grandes troncos adornados con ramas y cintas en honor de los dioses para conseguir que el Sol brillara con m\u00e1s fuerza.<\/p>\n<p align=\"justify\"><strong>Influencia de la Edad Media en la Navidad<\/strong><\/p>\n<p align=\"justify\">La celebraci\u00f3n de la natividad en la que se incorporaron los villancicos, fue en la Edad Media. La celebraci\u00f3n inclu\u00eda cenas. En el a\u00f1o 1552 el movimiento protestante del puritanismo cerr\u00f3 las puertas a esta celebraci\u00f3n que se retom\u00f3 en el a\u00f1o. Todo esto tuvo un abrupto final en Gran Breta\u00f1a cuando, en el a\u00f1o 1660 con el rey Carlos II de Inglaterra. En adelante, se sigui\u00f3 celebrando.<\/p>\n<p align=\"justify\">Ahora, la Navidad como la conocemos hoy, tuvo su florecimiento en el siglo XIX. Por ejemplo, el \u00c1rbol de Navidad. Es cierto, tuvo su comienzo entre las costumbres germ\u00e1nicas, se extendi\u00f3 a Europa y Am\u00e9rica, asociada con la nieve. No se concibi\u00f3 ligada a la tradici\u00f3n decembrina para adorar \u201cdioses paganos\u201d sino para colocar all\u00ed la estrella que escriben los evangelistas, se utiliz\u00f3 para anunciar el nacimiento de Jes\u00fas (Mateo 2:2)<\/p>\n<p align=\"justify\">Las postales de Navidad se incorporaron a la tradici\u00f3n en el a\u00f1o 1870 en Am\u00e9rica aunque la primera muestra se imprimi\u00f3 en el a\u00f1o 1846 en Londres.<\/p>\n<p align=\"justify\">La famosa representaci\u00f3n de Santa Claus, con el trineo, los renos y las bolsas con juguetes, es una invenci\u00f3n estadounidense contempor\u00e1nea, aunque la leyenda de Pap\u00e1 Noel sea antigua y compleja, y proceda en parte de San Nicol\u00e1s y una jovial figura medieval, el esp\u00edritu de navidad. San Nicol\u00e1s, cuenta la historia, fue un creyente que reun\u00eda regalos para darlo a ni\u00f1os pobres.<\/p>\n<p align=\"justify\"><strong>Lo m\u00e1s importante: Celebrar al Se\u00f1or Jes\u00fas<\/strong><\/p>\n<p align=\"justify\">Infinidad de cristianos est\u00e1n inmersos en una discusi\u00f3n seudo-teol\u00f3gica de si est\u00e1 bien o no celebrar la Navidad. No obstante, su esencia es que no dejamos pasar desapercibidad la ocasi\u00f3n para decirle al mundo: Valoramos que nuestro amado Dios se hiciera hombre en Jes\u00fas para traernos libertad, perd\u00f3n de pecados y una nueva vida.<\/p>\n<p align=\"justify\">El nacimiento de nuestro amado Salvador hab\u00eda sido profetizado por Isa\u00edas: <strong><em>\u00abPorque un ni\u00f1o nos es nacido, hijo nos es dado; y el principado sobre su hombro: y llamar\u00e1se su nombre Admirable, Consejero, Dios fuerte, Padre eterno, Pr\u00edncipe de paz. Lo dilatado de su imperio y la paz no tendr\u00e1n t\u00e9rmino, sobre el trono de David, y sobre su reino, disponi\u00e9ndolo y confirm\u00e1ndolo en juicio y en justicia desde ahora para siempre. El celo de Jehov\u00e1 de los ej\u00e9rcitos har\u00e1 esto.\u201d (Isa\u00edas 9:6, 7)<\/em><\/strong><\/p>\n<p align=\"justify\">Observe por favor el texto y la grandeza de lo que anuncia: El nacimiento del Redentor: Dios fuerte, Padre eterno, Pr\u00edncipe de paz. Su reino ser\u00e1 eterno. \u00bfEs grandioso? Sin duda que s\u00ed. Es Dios morando en medio nuestro.<\/p>\n<p align=\"justify\">Sobre esa base, \u00bfqu\u00e9 de malo puede tener que coloce adornos que indiquen, est\u00e1 en Navidad, celebrando que Jes\u00fas se hizo hombre en medio de su pueblo para traerle perd\u00f3n de pecados y una nueva oportunidad? Y si esa decisi\u00f3n de no pasar inadvertida la ocasi\u00f3n la acompa\u00f1amos de un servicio especial en la Iglesia y de una cena familiar, \u00bfen qu\u00e9 estamos pecando?<\/p>\n<p align=\"justify\">Respetamos la decisi\u00f3n de cada denominaci\u00f3n cristiana, pero ante una pregunta buscando consejo, no podemos menos que decir: Celebrar la Navidad pero en familia, honra al Se\u00f1or Jes\u00fas. Es decirle: \u00a1Ocupa el primer lugar en nuestro hogar y Reina en medio de nosotros!<\/p>\n<p align=\"justify\">Por: Fernando Alexis Jim\u00e9nez<\/p>\n","protected":false},"excerpt":{"rendered":"<p>La navidad debemos celebrarla en Familia \u00abEn casa nos gusta celebrar la navidad. Primero fue mi hijo universitario quien recibi\u00f3 a Cristo, luego mi esposo la acompa\u00f1\u00f3 a la Iglesia y ahora yo. Estamos contentos. Eso fue en marzo de este a\u00f1o. Pusimos adornos navide\u00f1os y hay quienes nos han criticado, dicen que eso no &hellip; <a href=\"https:\/\/www.biblia.work\/sermones\/esta-bien-celebrar-la-navidad\/\" class=\"more-link\">Continuar leyendo<span class=\"screen-reader-text\"> \u00ab\u00bfEst\u00e1 bien celebrar la navidad?\u00bb<\/span><\/a><\/p>\n","protected":false},"author":1,"featured_media":0,"comment_status":"open","ping_status":"closed","sticky":false,"template":"","format":"standard","meta":{"footnotes":""},"categories":[1],"tags":[],"class_list":["post-19697","post","type-post","status-publish","format-standard","hentry","category-general"],"_links":{"self":[{"href":"https:\/\/www.biblia.work\/sermones\/wp-json\/wp\/v2\/posts\/19697","targetHints":{"allow":["GET"]}}],"collection":[{"href":"https:\/\/www.biblia.work\/sermones\/wp-json\/wp\/v2\/posts"}],"about":[{"href":"https:\/\/www.biblia.work\/sermones\/wp-json\/wp\/v2\/types\/post"}],"author":[{"embeddable":true,"href":"https:\/\/www.biblia.work\/sermones\/wp-json\/wp\/v2\/users\/1"}],"replies":[{"embeddable":true,"href":"https:\/\/www.biblia.work\/sermones\/wp-json\/wp\/v2\/comments?post=19697"}],"version-history":[{"count":0,"href":"https:\/\/www.biblia.work\/sermones\/wp-json\/wp\/v2\/posts\/19697\/revisions"}],"wp:attachment":[{"href":"https:\/\/www.biblia.work\/sermones\/wp-json\/wp\/v2\/media?parent=19697"}],"wp:term":[{"taxonomy":"category","embeddable":true,"href":"https:\/\/www.biblia.work\/sermones\/wp-json\/wp\/v2\/categories?post=19697"},{"taxonomy":"post_tag","embeddable":true,"href":"https:\/\/www.biblia.work\/sermones\/wp-json\/wp\/v2\/tags?post=19697"}],"curies":[{"name":"wp","href":"https:\/\/api.w.org\/{rel}","templated":true}]}}