{"id":19728,"date":"2016-03-31T03:07:56","date_gmt":"2016-03-31T08:07:56","guid":{"rendered":"http:\/\/www.biblia.work\/sermones\/anda-muy-ocupado-pues-no-deje-de-orar-leccion-4-nivel-3\/"},"modified":"2016-03-31T03:07:56","modified_gmt":"2016-03-31T08:07:56","slug":"anda-muy-ocupado-pues-no-deje-de-orar-leccion-4-nivel-3","status":"publish","type":"post","link":"https:\/\/www.biblia.work\/sermones\/anda-muy-ocupado-pues-no-deje-de-orar-leccion-4-nivel-3\/","title":{"rendered":"\u00bfAnda muy ocupado? Pues no deje de orar\u2026 \u00a0(Lecci\u00f3n 4 \u2013 Nivel 3)"},"content":{"rendered":"<p align=\"justify\">Jam\u00e1s estaremos tan ocupados para que no tengamos tiempo para orar<\/p>\n<p align=\"justify\">Juan est\u00e1 muy ocupado. Demasiado, dir\u00edan las personas que le conocen. Trabaja hasta muy tarde y, antes que todos hayan llegado a la oficina, ya \u00e9l se encuentra sentado frente al computador, con una calculadora y una libreta en un costado del escritorio, elaborando informes.<\/p>\n<p align=\"justify\">Lo que nadie pod\u00eda jam\u00e1s desconocer en aquella factor\u00eda, era su disciplina. Y esa misma disciplina aplicaba al comenzar su jornada en oraci\u00f3n, hacia el mediod\u00eda al tomar sus alimentos y despu\u00e9s de un descanso, tiempo que aprovechaba para leer cap\u00edtulos en un viejo ejemplar del Nuevo Testamento.<\/p>\n<p align=\"justify\">A esa b\u00fasqueda permanente de Dios atribu\u00eda su \u00e9xito no solo en el trabajo sino tambi\u00e9n en su desenvolvimiento ministerial en la iglesia. \u201c<em>Por cansado que pudiera estar mi cuerpo, no dejo de orar<\/em>\u201d, sol\u00eda repetirle a sus compa\u00f1eros.<\/p>\n<p align=\"justify\">Y usted, \u00bfc\u00f3mo anda en cuanto a su vida de oraci\u00f3n? No podemos desconocer que hay jornadas intensas, que nos agotan las fuerzas; no obstante, no hay excusa para dejar de lado la oraci\u00f3n. Es tan importante para nuestras vidas como lo es el alimento o el aire para respirar.<\/p>\n<p align=\"justify\">\u00bfEn qu\u00e9 radica la derrota del cristiano? En su falta de disciplina al orar. La autora y conferencista internacional, Kay Arthur, lo describe en los siguientes t\u00e9rminos:<\/p>\n<blockquote><p><em>\u201cDonde deber\u00edamos ser m\u00e1s fuertes, somos d\u00e9biles. \u00bfEs por esto que muchos de los que profesan a Cristo experimentan vidas tan impotentes y comunes?\u00bfPor qu\u00e9 tantas personas, incluso aquellas que han sido \u201creconocidas\u201d en el mundo occidental han \u201cca\u00eddo en pecado\u201d?&#8230; El cristiano es m\u00e1s que solo el hecho de creer y obedecer los mandamientos y promesas. El cristianismo no es una religi\u00f3n, sino una relaci\u00f3n. Y una relaci\u00f3n fundamental, porque es a trav\u00e9s de ella que usted y yo nos comunicamos con nuestro Padre celestial.\u201d(Kay Arthur. \u201cSe\u00f1or, ens\u00e9\u00f1ame a orar\u201d. Editorial Vida, 1985. EE.UU. Pg. 5, 6)<\/em><\/p><\/blockquote>\n<p align=\"justify\">No se concibe un cristiano que no ora, como tampoco un empleado que adem\u00e1s de no sujetarse a su empresario, desatiende sus instrucciones. Ni siquiera lo pensar\u00edamos. \u201cDebe atender las \u00f3rdenes\u201d, me dir\u00e1 usted. Igual con nosotros los creyentes. Seguimos a Jes\u00fas el Se\u00f1or, y si es as\u00ed, debemos movernos alrededor de lo que aprendemos de \u00c9l en Su Palabra.<\/p>\n<p align=\"justify\"><strong>La oraci\u00f3n, hoy y siempre una prioridad<\/strong><\/p>\n<p align=\"justify\">Para un disc\u00edpulo del Se\u00f1or Jes\u00fas, la oraci\u00f3n representa una prioridad; no es ni siquiera una opci\u00f3n: es lo esencial, aqu\u00e9l alimento del que depende gran parte de la fortaleza espiritual que necesitamos.<\/p>\n<p align=\"justify\">Los creyentes del primer siglo nos marcan esa pauta de vida y de comportamiento cristiano. Lucas relata que: <strong><em>\u201cDe manera que los Doce convocaron a todos los creyentes a una reuni\u00f3n. Dijeron: \u00abNosotros, los ap\u00f3stoles, deber\u00edamos ocupar nuestro tiempo en ense\u00f1ar la palabra de Dios, y no en dirigir la distribuci\u00f3n de alimento.\u00a0 Por lo tanto, hermanos, escojan a siete hombres que sean muy respetados, que est\u00e9n llenos del Esp\u00edritu y de sabidur\u00eda. A ellos les daremos esa responsabilidad.\u00a0 Entonces nosotros, los ap\u00f3stoles, podremos dedicar nuestro tiempo a la oraci\u00f3n y a ense\u00f1ar la palabra\u00bb.\u201d (Hechos 6:2-4. NTV)<\/em><\/strong><\/p>\n<p align=\"justify\">Por favor, lea el texto con detenimiento. H\u00e1galo cuantas veces sea necesario. Saque toda la riqueza de la ense\u00f1anza. Los disc\u00edpulos encontraban fundamental para su liderazgo, la dependencia de Dios en oraci\u00f3n. Constitu\u00eda para ellos un principio irrenunciable.<\/p>\n<p align=\"justify\">Si hay un ministerio al que todos\u2014 invariablemente\u2014 hemos sido llamados, es al <em>ministerio de la oraci\u00f3n<\/em>, el que en mi criterio es uno de los m\u00e1s relevantes en la iglesia. No olvide que la oraci\u00f3n est\u00e1 ligada a todo el desenvolvimiento diario del creyente.<\/p>\n<blockquote><p>Kay Arthur ense\u00f1a: <em>\u201cCuando Jes\u00fas estaba con sus disc\u00edpulos en la tierra, ellos vieron qu\u00e9 lugar ocupaba la oraci\u00f3n en su vida y escucharon sus ense\u00f1anzas acerca de la importancia de la persistencia al orar. De ese modo al darse cuenta de que ten\u00edan que orar y saber c\u00f3mo hacerlo, le pidieron al Se\u00f1or Jes\u00fas: \u201cEns\u00e9\u00f1anos a orar\u201d\u201d(Kay Arthur. \u201cSe\u00f1or, ens\u00e9\u00f1ame a orar\u201d. Editorial Vida, 1985. EE.UU. Pg. 5, 6)<\/em><\/p><\/blockquote>\n<p align=\"justify\">Es importante hacer un alto en el camino y que, con la mano en el coraz\u00f3n, eval\u00fae si de verdad es usted un hombre o una mujer de oraci\u00f3n y \u2013con sinceridad\u2014 compruebe de qu\u00e9 manera como l\u00edder o cristiano comprometido, depende de Dios en oraci\u00f3n.<\/p>\n<p align=\"justify\"><strong>Desarrolle intimidad con Dios<\/strong><\/p>\n<p align=\"justify\">Desconozco si est\u00e1 en el liderazgo o no, pero lo que s\u00ed puedo decirle es que sea cual fuera su desenvolvimiento, est\u00e1 llamado a desarrollar intimidad con Dios a trav\u00e9s de la oraci\u00f3n.<\/p>\n<p align=\"justify\">El Se\u00f1or Jes\u00fas ense\u00f1\u00f3 a sus disc\u00edpulos a orar. Puso de relieve la importancia de depender en todo momento, tal como lo leemos en Juan: <strong><em>\u201c<\/em><\/strong><strong><em>Si ustedes permanecen en m\u00ed y mis palabras permanecen en ustedes, pueden pedir lo que quieran, \u00a1y les ser\u00e1 concedido!<\/em><\/strong><strong><em><\/em><\/strong><strong><em>Cuando producen mucho fruto, demuestran que son mis verdaderos disc\u00edpulos. Eso le da mucha gloria a mi Padre.<\/em><\/strong><strong><em>\u201d (Juan 15:7, 8. NTV)<\/em><\/strong><\/p>\n<p align=\"justify\">Puede que al comienzo luzca complicado. Al fin y al cabo estamos acostumbrados a no depender de nadie y menos\u2014 lamentamos decirlo\u2014 de nuestro amado Padre celestial. Deseamos hacer las cosas a nuestra manera, a menos claro est\u00e9, que requiramos un milagro.<\/p>\n<p align=\"justify\">Mantenernos unidos a Jes\u00fas es asegurar que tal intimidad nos permitir\u00e1 movernos en un nivel de poder, de milagros, de lo sobrenatural.<\/p>\n<p align=\"justify\">Cuando tomamos tiempo para examinarnos, lo m\u00e1s probable es que concluyamos que nuestro grado de oraci\u00f3n es m\u00ednimo y debe aumentar. Y hoy es el d\u00eda oportuno para que tomemos esa decisi\u00f3n. Puedo asegurarle que no se arrepentir\u00e1 conforme de pasos s\u00f3lidos\u2014 as\u00ed sean lentos\u2014 para tener intimidad con el Padre celestial\u2026<\/p>\n<p align=\"justify\"><strong>Cuestionario para profundizar en la Lecci\u00f3n 4:<\/strong><\/p>\n<p align=\"justify\">Por favor, lea detenidamente los textos y postulados de cada pregunta, y teniendo a mano su librera de apuntes, por favor, anote las respuestas:<\/p>\n<p align=\"justify\"><strong>a.-<\/strong> \u00bfPor qu\u00e9 raz\u00f3n los cristianos, por muy ocupados que nos hallemos, debemos tomar tiempo para orar?<\/p>\n<p align=\"justify\"><strong>b.-<\/strong> \u00bfQu\u00e9 trae como consecuencia el dejar de orar?<\/p>\n<p align=\"justify\"><strong>c.-<\/strong> \u00bfHa experimentado usted distanciamiento de Dios y estancamiento espiritual por la falta de oraci\u00f3n?<\/p>\n<p align=\"justify\"><strong>d.-<\/strong> \u00bfHay alguna raz\u00f3n, de sencilla l\u00f3gica, que nos haga pensar que es esencial sujetarnos a Dios?<\/p>\n<p align=\"justify\"><strong>e.-<\/strong> \u00bfQu\u00e9 podemos aplicar en nuestra vida de lo que aprendemos en Hechos 6:2-4?<\/p>\n<p align=\"justify\"><strong>f.-<\/strong> \u00bfPor qu\u00e9 afirmamos que la oraci\u00f3n est\u00e1 ligada a todo el desenvolvimiento diario del creyente? \u00bfComparte usted ese convencimiento?<\/p>\n<p align=\"justify\"><strong>g.-<\/strong> \u00bfPor qu\u00e9 estamos llamados a desarrollar intimidad con Dios en oraci\u00f3n?<\/p>\n<p align=\"justify\"><strong>h.-<\/strong> \u00bfQu\u00e9 aprendemos y c\u00f3mo aplicar a nuestra vida lo que encontramos en Juan 15:7, 8?<\/p>\n<p align=\"justify\">Por: Fernando Alexis Jim\u00e9nez<\/p>\n","protected":false},"excerpt":{"rendered":"<p>Jam\u00e1s estaremos tan ocupados para que no tengamos tiempo para orar Juan est\u00e1 muy ocupado. Demasiado, dir\u00edan las personas que le conocen. Trabaja hasta muy tarde y, antes que todos hayan llegado a la oficina, ya \u00e9l se encuentra sentado frente al computador, con una calculadora y una libreta en un costado del escritorio, elaborando &hellip; <a href=\"https:\/\/www.biblia.work\/sermones\/anda-muy-ocupado-pues-no-deje-de-orar-leccion-4-nivel-3\/\" class=\"more-link\">Continuar leyendo<span class=\"screen-reader-text\"> \u00ab\u00bfAnda muy ocupado? Pues no deje de orar\u2026 \u00a0(Lecci\u00f3n 4 \u2013 Nivel 3)\u00bb<\/span><\/a><\/p>\n","protected":false},"author":1,"featured_media":0,"comment_status":"open","ping_status":"closed","sticky":false,"template":"","format":"standard","meta":{"footnotes":""},"categories":[1],"tags":[],"class_list":["post-19728","post","type-post","status-publish","format-standard","hentry","category-general"],"_links":{"self":[{"href":"https:\/\/www.biblia.work\/sermones\/wp-json\/wp\/v2\/posts\/19728","targetHints":{"allow":["GET"]}}],"collection":[{"href":"https:\/\/www.biblia.work\/sermones\/wp-json\/wp\/v2\/posts"}],"about":[{"href":"https:\/\/www.biblia.work\/sermones\/wp-json\/wp\/v2\/types\/post"}],"author":[{"embeddable":true,"href":"https:\/\/www.biblia.work\/sermones\/wp-json\/wp\/v2\/users\/1"}],"replies":[{"embeddable":true,"href":"https:\/\/www.biblia.work\/sermones\/wp-json\/wp\/v2\/comments?post=19728"}],"version-history":[{"count":0,"href":"https:\/\/www.biblia.work\/sermones\/wp-json\/wp\/v2\/posts\/19728\/revisions"}],"wp:attachment":[{"href":"https:\/\/www.biblia.work\/sermones\/wp-json\/wp\/v2\/media?parent=19728"}],"wp:term":[{"taxonomy":"category","embeddable":true,"href":"https:\/\/www.biblia.work\/sermones\/wp-json\/wp\/v2\/categories?post=19728"},{"taxonomy":"post_tag","embeddable":true,"href":"https:\/\/www.biblia.work\/sermones\/wp-json\/wp\/v2\/tags?post=19728"}],"curies":[{"name":"wp","href":"https:\/\/api.w.org\/{rel}","templated":true}]}}