{"id":19734,"date":"2016-03-31T03:08:06","date_gmt":"2016-03-31T08:08:06","guid":{"rendered":"http:\/\/www.biblia.work\/sermones\/la-oracion-y-la-fe-van-de-la-mano-leccion-3-nivel-3\/"},"modified":"2016-03-31T03:08:06","modified_gmt":"2016-03-31T08:08:06","slug":"la-oracion-y-la-fe-van-de-la-mano-leccion-3-nivel-3","status":"publish","type":"post","link":"https:\/\/www.biblia.work\/sermones\/la-oracion-y-la-fe-van-de-la-mano-leccion-3-nivel-3\/","title":{"rendered":"La oraci\u00f3n y la fe van de la mano (Lecci\u00f3n 3 \u2013 Nivel 3)"},"content":{"rendered":"<p align=\"justify\">La oraci\u00f3n y la fe van de la mano<\/p>\n<p align=\"justify\">Si hay algo de lo que hablamos mucho, leemos muchos libros pero, a la postre, no nos resulta f\u00e1cil definir, es de la <strong>fe<\/strong>. \u00bfUsted podr\u00eda definirla? Si no es as\u00ed, le damos unas pistas: Es posible siempre y cuando hayamos desarrollado intimidad con Dios.<\/p>\n<p align=\"justify\">Una de las inclinaciones naturales nuestras es a creer sin racionalizar. Le pongo un ejemplo: Cuando usted toma el control remoto del televisor, \u00bfse pregunta caso si funcionar\u00e1 o no? Por supuesto que no. Usted simplemente obtura el bot\u00f3n indicado. Sabe que aparecer\u00e1 la imagen. Esa <em>es fe natural<\/em>.<\/p>\n<p align=\"justify\">Tambi\u00e9n cuando usted marca desde su tel\u00e9fono celular. \u00bfRacionaliza acaso c\u00f3mo operan las redes, de qu\u00e9 manera viajan las ondas de sonido o si hay cobertura en el lugar desde el que est\u00e1 llamando? Por supuesto que no. Usted simplemente marca y espera que alguien al otro lado de la l\u00ednea le responda.<\/p>\n<p align=\"justify\">La fe no se percibe solamente con los cinco sentidos, sino desde el \u00e1mbito espiritual, porque la fe que obra milagros, que transforma las circunstancias, que trae sanidad, es esencialmente espiritual.<\/p>\n<p align=\"justify\">Dennis Bennet, el autor y conferencista cristiano, escribi\u00f3:<\/p>\n<blockquote><p><em>\u201cLa fe verdadera, la que proviene de Dios, es sobrenatural, es decir que trasciende los sentidos naturales\u2026. Todos iniciamos la carrera con una medida de fe igual, pero algunos crecemos en fe mientras que otros no; todo depende de nosotros. Dios tiene siempre una reserva para sus hijos; sus dep\u00f3sitos de fe para nosotros son ilimitados y est\u00e1n a nuestra disposici\u00f3n\u201d (Dennis Bennet. \u201cEl Esp\u00edritu Santo y tu\u201d. Editorial Vida. 1976. EE.UU. Pg. 143)<\/em><\/p><\/blockquote>\n<p align=\"justify\">Conforme usted y yo desarrollamos una vida de oraci\u00f3n persistente, entramos en esa dimensi\u00f3n en la que conocemos a Dios, nos llenamos de \u00c9l, comprendemos m\u00e1s Su voluntad para nosotros, y experimentamos una vida de milagros. La oraci\u00f3n y la fe deben ir siempre de la mano.<\/p>\n<p align=\"justify\"><strong>Una medida de fe para cada uno<\/strong><\/p>\n<p align=\"justify\">El ap\u00f3stol Pablo nos ense\u00f1a en las Escrituras que Dios nos ha dado una medida de fe a cada uno de nosotros: <strong><em>\u201c<\/em><\/strong><strong><em>Basado en el privilegio y la autoridad <\/em><\/strong><strong><em>que Dios me ha dado, le advierto a cada uno de ustedes lo siguiente: ninguno se crea mejor de lo que realmente es. Sean realistas al evaluarse a ustedes mismos, h\u00e1ganlo seg\u00fan la medida de fe que Dios les haya dado.\u201d (Romanos 12.3. NTV)<\/em><\/strong><\/p>\n<p align=\"justify\">La \u00faltima l\u00ednea es clara en hacer esa apreciaci\u00f3n. Pero ligado a ese concepto, en el sentido que todos nosotros recibimos una medida de fe, es evidente que no debe quedarse estancada sino que nuestro amado Padre celestial espera que crezca.<\/p>\n<p align=\"justify\">Hay dos escenas de las Escrituras que comparto con usted. Una de ellas es cuando invidentes le piden el milagro de ver. Relata el evangelista Marcos: <strong><em>\u201cEntonces \u00e9l les toc\u00f3 los ojos y dijo: \u2014 Debido a su fe, as\u00ed se har\u00e1.\u201d (Mateo 9:29. NTV)<\/em><\/strong><\/p>\n<p align=\"justify\">Igualmente leemos otras l\u00edneas que resultan sumamente reveladoras:\u00a0 <strong><em>\u201d Jes\u00fas tom\u00f3 al ciego de la mano y lo llev\u00f3 fuera de la aldea. Luego escupi\u00f3 en los ojos del hombre, puso sus manos sobre \u00e9l y le pregunt\u00f3: \u2014 \u00bfPuedes ver algo ahora?\u201d (Marcos 9:23. NTV)<\/em><\/strong><\/p>\n<p align=\"justify\">Fe. Un don, sin duda, que proviene del Se\u00f1or, pero un don en el que usted y yo estamos llamados a crecer. Esa es la raz\u00f3n por la que orar reviste mucha importancia si deseamos llegar a nuevos niveles. Oraci\u00f3n permanente y perseverante.<\/p>\n<p align=\"justify\">Crecer en la fe es un proceso en el que avanzamos progresivamente. Debemos eso s\u00ed, perseverar. Orar aun cuando inicialmente haya asomos de duda. Seguir clamando. Anidar en nuestro coraz\u00f3n la certeza de que\u2014 aquello que pedimos\u2014 ocurrir\u00e1 algo en respuesta.<\/p>\n<p align=\"justify\"><strong>La fe por encima de las circunstancias<\/strong><\/p>\n<p align=\"justify\">Cuando oramos con fe, creyendo, dejando de lado toda duda, lo que pedimos ocurrir\u00e1. Es necesario tener en cuenta que tal petici\u00f3n debe estar en consonancia con la voluntad de Dios. As\u00ed lo ense\u00f1an las Escrituras.<\/p>\n<p align=\"justify\">La ense\u00f1anza es clara y la imparti\u00f3 el Se\u00f1or Jes\u00fas a sus disc\u00edpulos y a nosotros hoy: <strong><em>\u201cEntonces Jes\u00fas dijo a los disc\u00edpulos: \u2014 Tengan fe en Dios.\u00a0 Les digo la verdad, ustedes pueden decir a esta monta\u00f1a: \u201cLev\u00e1ntate y \u00e9chate al mar\u201d, y suceder\u00e1; pero deben creer de verdad que ocurrir\u00e1 y no tener ninguna duda en el coraz\u00f3n.\u201d (Marcos 11:22, 23. NTV)<\/em><\/strong><\/p>\n<p align=\"justify\">Tenemos la autoridad de Cristo, orar y que las cosas sucedan. Como los disc\u00edpulos, usted y yo tenemos esa autoridad. No lo olvide jam\u00e1s (Cf. Mateo 10:8)<\/p>\n<p align=\"justify\"><strong>Otras clases de fe<\/strong><\/p>\n<p align=\"justify\">Hemos visto hasta el momento la fe que obra milagros y trasciende la enfermedad, produciendo sanidad. Oramos para que lo <em>imposible<\/em> se haga <em>posible<\/em>.<\/p>\n<p align=\"justify\">La Palabra de Dios nos muestra adem\u00e1s:<\/p>\n<p align=\"justify\"><strong>1.-<\/strong> La fe que salva.- (Hechos 16:31; Hebreos 11:6; Efesios 2:8, 9)<\/p>\n<p align=\"justify\"><strong>2.-<\/strong> La fe como un fruto del Esp\u00edritu (G\u00e1latas 5:22; Juan 15:5)<\/p>\n<p align=\"justify\">Dios nos abastece de la fe necesaria y nos corresponde responderle a ese don maravilloso que nos entrega. Lo logramos paso a paso, cuando aprendemos a confiar en \u00c9l y nos vamos despojando de la autosuficiencia. \u00a1Es posible crecer en la fe y hoy es el d\u00eda para dar ese paso.<\/p>\n<p align=\"justify\"><strong>Cuestionario para profundizar en la Lecci\u00f3n 3:<\/strong><\/p>\n<p align=\"justify\">Por favor, lea detenidamente los textos y postulados de cada pregunta, y teniendo a mano su librera de apuntes, por favor, anote las respuestas:<\/p>\n<p align=\"justify\"><strong>a.-<\/strong> \u00bfPuede usted definir f\u00e1cilmente qu\u00e9 es la fe?<\/p>\n<p align=\"justify\"><strong>b.-<\/strong> \u00bfHa experimentado crecimiento en su fe?<\/p>\n<p align=\"justify\"><strong>c.-<\/strong> \u00bfQu\u00e9 le impide el crecimiento en la fe?<\/p>\n<p align=\"justify\"><strong>d.-<\/strong> \u00bfQu\u00e9 nos ense\u00f1a Romanos 12.3 en cuanto a la medida de fe para cada cristiano?<\/p>\n<p align=\"justify\"><strong>e.-<\/strong> \u00a0\u00bfQu\u00e9 nos ense\u00f1a el Se\u00f1or Jes\u00fas en torno a la fe seg\u00fan leemos en Mateo 9:29; Marcos 9:23?<\/p>\n<p align=\"justify\"><strong>f.-<\/strong>\u00a0 \u00bfPor qu\u00e9 decimos que debemos experimentar crecimiento progresivo en la fe?<\/p>\n<p align=\"justify\"><strong>g.-<\/strong>\u00a0 \u00bfQu\u00e9 tipo de autoridad tenemos los cristianos cuando oramos por hechos y circunstancias en apariencia imposibles de modificar (Mateo 11:22, 23)?<\/p>\n<p align=\"justify\">Por: Fernando Alexis Jim\u00e9nez<\/p>\n","protected":false},"excerpt":{"rendered":"<p>La oraci\u00f3n y la fe van de la mano Si hay algo de lo que hablamos mucho, leemos muchos libros pero, a la postre, no nos resulta f\u00e1cil definir, es de la fe. \u00bfUsted podr\u00eda definirla? Si no es as\u00ed, le damos unas pistas: Es posible siempre y cuando hayamos desarrollado intimidad con Dios. Una &hellip; <a href=\"https:\/\/www.biblia.work\/sermones\/la-oracion-y-la-fe-van-de-la-mano-leccion-3-nivel-3\/\" class=\"more-link\">Continuar leyendo<span class=\"screen-reader-text\"> \u00abLa oraci\u00f3n y la fe van de la mano (Lecci\u00f3n 3 \u2013 Nivel 3)\u00bb<\/span><\/a><\/p>\n","protected":false},"author":1,"featured_media":0,"comment_status":"open","ping_status":"closed","sticky":false,"template":"","format":"standard","meta":{"footnotes":""},"categories":[1],"tags":[],"class_list":["post-19734","post","type-post","status-publish","format-standard","hentry","category-general"],"_links":{"self":[{"href":"https:\/\/www.biblia.work\/sermones\/wp-json\/wp\/v2\/posts\/19734","targetHints":{"allow":["GET"]}}],"collection":[{"href":"https:\/\/www.biblia.work\/sermones\/wp-json\/wp\/v2\/posts"}],"about":[{"href":"https:\/\/www.biblia.work\/sermones\/wp-json\/wp\/v2\/types\/post"}],"author":[{"embeddable":true,"href":"https:\/\/www.biblia.work\/sermones\/wp-json\/wp\/v2\/users\/1"}],"replies":[{"embeddable":true,"href":"https:\/\/www.biblia.work\/sermones\/wp-json\/wp\/v2\/comments?post=19734"}],"version-history":[{"count":0,"href":"https:\/\/www.biblia.work\/sermones\/wp-json\/wp\/v2\/posts\/19734\/revisions"}],"wp:attachment":[{"href":"https:\/\/www.biblia.work\/sermones\/wp-json\/wp\/v2\/media?parent=19734"}],"wp:term":[{"taxonomy":"category","embeddable":true,"href":"https:\/\/www.biblia.work\/sermones\/wp-json\/wp\/v2\/categories?post=19734"},{"taxonomy":"post_tag","embeddable":true,"href":"https:\/\/www.biblia.work\/sermones\/wp-json\/wp\/v2\/tags?post=19734"}],"curies":[{"name":"wp","href":"https:\/\/api.w.org\/{rel}","templated":true}]}}