{"id":33084,"date":"2016-06-13T12:39:13","date_gmt":"2016-06-13T17:39:13","guid":{"rendered":"http:\/\/www.biblia.work\/sermones\/dia-nacional-de-recuerdo-por-los-ninos-abortados-en-ee-uu\/"},"modified":"2016-06-13T12:39:13","modified_gmt":"2016-06-13T17:39:13","slug":"dia-nacional-de-recuerdo-por-los-ninos-abortados-en-ee-uu","status":"publish","type":"post","link":"https:\/\/www.biblia.work\/sermones\/dia-nacional-de-recuerdo-por-los-ninos-abortados-en-ee-uu\/","title":{"rendered":"D\u00eda Nacional de recuerdo por los ni\u00f1os abortados en EE&nbsp;UU"},"content":{"rendered":"<p><b>Por: Jaime Septi\u00e9n\/El Observador<\/b><\/p>\n<p align=\"justify\">Este s&aacute;bado 14 de septiembre ser&aacute; el 25 aniversario de <strong>una de las acciones a favor de los ni&ntilde;os no nacidos m&aacute;s importantes de los Estados Unidos: el funeral de miles de v&iacute;ctimas del aborto en Milwaukee<\/strong>, Wisconsin.<br \/>\n&nbsp;<br \/>\nEn esta fecha, la Universidad Franciscana de Steubenville se unir&aacute; a otros grupos pro-vida e trav&eacute;s de todo el territorio de la Uni&oacute;n Americana para celebrar, por vez primera el D&iacute;a Nacional de Recuerdo por los Ni&ntilde;os Abortados.<\/p>\n<p align=\"justify\"><strong>En recuerdo de siete ni&ntilde;os<\/strong><\/p>\n<p align=\"justify\">El padre Dan Pattee, director del departamento de Teolog&iacute;a de la Universidad Franciscana celebrar&aacute; una Misa en responso de las almas de los ni&ntilde;os abortados en la capilla de Cristo Rey. Acto seguido, se llevar&aacute; a cabo una ceremonia en la cercana Tumba de los Ni&ntilde;os No Nacidos, en donde se recuerda el entierro de siete ni&ntilde;os abortados.<\/p>\n<p align=\"justify\">Estudiantes por la Vida llevar&aacute;n a cabo el rezo del Rosario en la tumba, orando espec&iacute;ficamente por los ni&ntilde;os no nacidos enterrados ah&iacute;. Un grupo de estudiantes franciscanos ir&aacute;n de ah&iacute; a una cl&iacute;nica de abortos en la cercana ciudad de Pittsburgh para orar fuera de ella por los abortos que se cometen a diario en ese lugar y en muchos otros en Estados Unidos.<\/p>\n<p align=\"justify\">El p&uacute;blico en general ha sido invitado a asistir tanto a la Misa como a la ceremonia memorial de los ni&ntilde;os no nacidos, ambos acontecimientos copatrocinados por la Di&oacute;cesis de Steubenville.<\/p>\n<p align=\"justify\"><strong>Hablar a la mente y al coraz&oacute;n<\/strong><\/p>\n<p align=\"justify\">El D&iacute;a Nacional del Recuerdo por los Ni&ntilde;os Abortados es organizado por Ciudadanos por una Sociedad Pro-Vida y por la Liga de Acci&oacute;n Pro-Vida.&nbsp;&nbsp;Entre 35 o 39 de los sitios conmemorativos de ni&ntilde;os no nacidos que se extienden a lo largo de Estados Unidos han planeado vigilias de oraci&oacute;n para el d&iacute;a 14 de septiembre.<\/p>\n<p align=\"justify\">El padre Frank Pavone, director de Sacerdotes por la Vida dijo que las ceremonias de recuerdo y oraci&oacute;n &ldquo;van a hablar a las mentes y los corazones de mucha gente acerca tanto de la dignidad humana de los beb&eacute;s como de la violencia del aborto que los ha asesinado&rdquo;.<\/p>\n<p align=\"justify\">\n","protected":false},"excerpt":{"rendered":"<p>Por: Jaime Septi\u00e9n\/El Observador Este s&aacute;bado 14 de septiembre ser&aacute; el 25 aniversario de una de las acciones a favor de los ni&ntilde;os no nacidos m&aacute;s importantes de los Estados Unidos: el funeral de miles de v&iacute;ctimas del aborto en Milwaukee, Wisconsin. &nbsp; En esta fecha, la Universidad Franciscana de Steubenville se unir&aacute; a otros &hellip; <a href=\"https:\/\/www.biblia.work\/sermones\/dia-nacional-de-recuerdo-por-los-ninos-abortados-en-ee-uu\/\" class=\"more-link\">Continuar leyendo<span class=\"screen-reader-text\"> \u00abD\u00eda Nacional de recuerdo por los ni\u00f1os abortados en EE&nbsp;UU\u00bb<\/span><\/a><\/p>\n","protected":false},"author":1,"featured_media":0,"comment_status":"open","ping_status":"closed","sticky":false,"template":"","format":"standard","meta":{"footnotes":""},"categories":[1],"tags":[],"class_list":["post-33084","post","type-post","status-publish","format-standard","hentry","category-general"],"_links":{"self":[{"href":"https:\/\/www.biblia.work\/sermones\/wp-json\/wp\/v2\/posts\/33084","targetHints":{"allow":["GET"]}}],"collection":[{"href":"https:\/\/www.biblia.work\/sermones\/wp-json\/wp\/v2\/posts"}],"about":[{"href":"https:\/\/www.biblia.work\/sermones\/wp-json\/wp\/v2\/types\/post"}],"author":[{"embeddable":true,"href":"https:\/\/www.biblia.work\/sermones\/wp-json\/wp\/v2\/users\/1"}],"replies":[{"embeddable":true,"href":"https:\/\/www.biblia.work\/sermones\/wp-json\/wp\/v2\/comments?post=33084"}],"version-history":[{"count":0,"href":"https:\/\/www.biblia.work\/sermones\/wp-json\/wp\/v2\/posts\/33084\/revisions"}],"wp:attachment":[{"href":"https:\/\/www.biblia.work\/sermones\/wp-json\/wp\/v2\/media?parent=33084"}],"wp:term":[{"taxonomy":"category","embeddable":true,"href":"https:\/\/www.biblia.work\/sermones\/wp-json\/wp\/v2\/categories?post=33084"},{"taxonomy":"post_tag","embeddable":true,"href":"https:\/\/www.biblia.work\/sermones\/wp-json\/wp\/v2\/tags?post=33084"}],"curies":[{"name":"wp","href":"https:\/\/api.w.org\/{rel}","templated":true}]}}