{"id":33088,"date":"2016-06-13T12:39:25","date_gmt":"2016-06-13T17:39:25","guid":{"rendered":"http:\/\/www.biblia.work\/sermones\/se-abre-paso-un-nuevo-partido-politico-en-mexico\/"},"modified":"2016-06-13T12:39:25","modified_gmt":"2016-06-13T17:39:25","slug":"se-abre-paso-un-nuevo-partido-politico-en-mexico","status":"publish","type":"post","link":"https:\/\/www.biblia.work\/sermones\/se-abre-paso-un-nuevo-partido-politico-en-mexico\/","title":{"rendered":"Se abre paso un nuevo partido pol\u00edtico en&nbsp;M\u00e9xico"},"content":{"rendered":"<p><b>Por: Jaime Septi\u00e9n<\/b><\/p>\n<p align=\"justify\">Daniel Gallegos Mayorga vive en Guadalajara, M&eacute;xico, y es uno de los activistas a favor de la vida y la familia m&aacute;s importantes de su Estado y del pa&iacute;s.&nbsp; Fue Coordinador Estatal Jalisco y Coordinador Nacional de &quot;Mexicanos por la Vida de Todos&quot;, red de redes ciudadana que actualmente une a m&aacute;s de 500 Instituciones de la Sociedad Mexicana en la defensa y promoci&oacute;n de la vida humana y la familia.<br \/>\n&nbsp;<br \/>\nGallegos Mayorga&nbsp;fue miembro del Comit&eacute; Coordinador de la Coalici&oacute;n Nacional para los Derechos Humanos a Favor de la Vida y la Familia y promotor de la Iniciativa Popular que logr&oacute; la Reforma a la Constituci&oacute;n del Estado de Jalisco para garantizar el respeto absoluto de toda persona o individuo desde la concepci&oacute;n hasta la muerte natural.<br \/>\n&nbsp;<br \/>\nTambi&eacute;n preside la Agrupaci&oacute;n Pol&iacute;tica Estatal Por la Vida, la Esperanza y Renovaci&oacute;n de M&eacute;xico, que se encuentra en proceso de ser partido pol&iacute;tico estatal y, en un futuro inmediato, pretende ser un partido pol&iacute;tico nacional.<br \/>\n&nbsp;<br \/>\nUn prometedor partido que puede cambiar el respeto por la vida y la familia en M&eacute;xico, desde una perspectiva esencialmente cat&oacute;lica, no confesional.&nbsp; A continuaci&oacute;n, la entrevista que concedi&oacute; a Aleteia-El Observador.<br \/>\n&nbsp;<br \/>\n<em>&iquest;De d&oacute;nde surge y cu&aacute;l es el sentido de la Agrupaci&oacute;n Pol&iacute;tica Estatal, Por la Vida, la Esperanza y Renovaci&oacute;n de M&eacute;xico?<\/em><br \/>\n&nbsp;<br \/>\nEs un proyecto pol&iacute;tico surgido de ciudadanos para ciudadanos. Surge de la conciencia ciudadana y la determinaci&oacute;n de l&iacute;deres sociales que por a&ntilde;os hemos defendido en M&eacute;xico la vida y la familia, as&iacute; como por la suma de la voluntad de miles de ciudadanos libres y conscientes que decidimos impulsarla, bajo la convicci&oacute;n y el deber que tenemos de actuar, para dejar de ser s&oacute;lo espectadores pasivos de una dif&iacute;cil realidad social que nos urge a participar y convertirnos en protagonistas de un mejor presente y futuro para nuestra gente.<br \/>\n&nbsp;<br \/>\n<em>&iquest;Cu&aacute;l es el sentido de este proyecto pol&iacute;tico?<\/em><br \/>\n&nbsp;<br \/>\nDevolver a la pol&iacute;tica en M&eacute;xico su fin m&aacute;s noble, el que ve por el bien com&uacute;n, centrando sus ejes de acci&oacute;n en el respeto de la vida humana y la familia, as&iacute; como en el respeto a la dignidad de la persona humana, bajo una perspectiva humanista orientada en la trascendencia.<br \/>\n&nbsp;<br \/>\nEsto ser&aacute; posible con la llegada a este espacio p&uacute;blico de servicio, de mujeres y hombres de bien, capaces, formados e informados, y que mediante su testimonio cotidiano, hagan vida los valores trascendentes que permitir&aacute;n este proceso de renovaci&oacute;n profunda de las estructuras del poder, cuya esencia es s&oacute;lo una: servir.<br \/>\n&nbsp;<br \/>\n<em>&iquest;Cu&aacute;les son los hechos m&aacute;s importantes del surgimiento de este proyecto?<\/em><br \/>\nSurge a partir de tres consideraciones basadas en algunos hechos y en nuestra realidad social que motivaron a un servidor a tomar la decisi&oacute;n de impulsar esta nueva opci&oacute;n pol&iacute;tica capaz de lograr la renovaci&oacute;n del sistema pol&iacute;tico en M&eacute;xico.<br \/>\n&nbsp;<br \/>\nLa primera consideraci&oacute;n parte de un hecho por dem&aacute;s lamentable: La Suprema Corte de Justicia de la Naci&oacute;n, el 28 de agosto de 2008, aval&oacute; la despenalizaci&oacute;n del aborto en el Distrito Federal y este fallo, inaceptable, cal&oacute; en lo m&aacute;s hondo de la conciencia de millones de mexicanos, al punto que se iniciaron o continuaron procesos de reforma constitucional en 17 estados del pa&iacute;s, para proteger la vida humana inocente y hacer ver a la Suprema Corte, su lamentable error.<br \/>\n&nbsp;<br \/>\nEn mi caso, la sacudida interior por esta noticia, fue determinante. Me quedaba claro, que si la m&aacute;s alta instancia del Poder Judicial en M&eacute;xico era incapaz de defender lo m&aacute;s sagrado -la vida humana, fundamento de todos los derechos humanos-, M&eacute;xico ir&iacute;a irremediablemente a una espiral de violencia incontrolable, mucho m&aacute;s exacerbada y viral que la situaci&oacute;n actual&hellip; Esto, si nos quedamos cruzados de brazos; pero no suceder&aacute; as&iacute;, pues no estamos dispuestos a renunciar a lo que amamos.<br \/>\n&nbsp;<br \/>\nLa segunda consideraci&oacute;n fue constatar c&oacute;mo la clase pol&iacute;tica desprecia a la ciudadan&iacute;a. Una profunda convicci&oacute;n se consolid&oacute; ese mismo d&iacute;a 28 de agosto de 2008, que es, podr&iacute;amos decir, el d&iacute;a de la fundaci&oacute;n de este proyecto de nuevo partido pol&iacute;tico; fue &eacute;sta: &ldquo;Como ciudadanos se han burlado de nosotros; como fuerza pol&iacute;tica, vamos a ponerlos a temblar&rdquo;.<br \/>\n&nbsp;<br \/>\nLa realidad es que muchos legisladores, diputados y senadores se r&iacute;en de las acciones ciudadanas que buscan impactar el &aacute;mbito legislativo, sean propuestas o reformas de Ley y no les importa si son promovidas con el apoyo de cientos de miles o millones de firmas, o mediante marchas con miles o cientos de miles de ciudadanos.<br \/>\n&nbsp;<br \/>\nLa tercera consideraci&oacute;n es un hecho conocido por todos: Las actuales opciones pol&iacute;ticas est&aacute;n viciadas o corrompidas. Hay muchos criterios meramente pragm&aacute;ticos al interior de los partidos que impiden a muchos ciudadanos que tienen capacidad y verdaderos deseos de servir, llegar a las candidaturas, y los dejan de lado, como dije, por meras visiones utilitaristas.<br \/>\n&nbsp;<br \/>\nPartidos que dicen en sus estatutos defender la vida humana hacen alianzas con partidos que promueven el aborto, s&oacute;lo con fines pragm&aacute;ticos: ganar el poder al precio que sea. No estamos de acuerdo con eso, por ello, la ciudadan&iacute;a se ha puesto de pie.<br \/>\n&nbsp;<br \/>\n<em>&iquest;Qu&eacute; experiencia le dej&oacute; &ldquo;Mexicanos por la Vida de Todos&rdquo;?&nbsp; &iquest;Son sensibles los legisladores a temas de vida y familia?<\/em><br \/>\n&nbsp;<br \/>\nLa mayor experiencia, es el &eacute;xito de la participaci&oacute;n ciudadana y pr&aacute;ctica pol&iacute;tica en virtud del contacto frecuente con actores del poder legislativo y judicial.<br \/>\n&nbsp;<br \/>\nJalisco es el &uacute;nico Estado del pa&iacute;s que logr&oacute; la reforma a su Constituci&oacute;n para proteger la vida humana por medio de una Iniciativa Popular avalada con cerca de 54.000 firmas. Jalisco registra tambi&eacute;n la Iniciativa Popular con mayor participaci&oacute;n ciudadana en el pa&iacute;s, con m&aacute;s de 139.000 firmas para proteger la familia natural.<br \/>\n&nbsp;<br \/>\n<em>&iquest;Es el embri&oacute;n de un partido pol&iacute;tico como el que pretende constituir?<\/em><br \/>\n&nbsp;<br \/>\n&ldquo;Mexicanos por la Vida de Todos&rdquo; no surgi&oacute; con la idea de volverse partido pol&iacute;tico; fue una respuesta muy vigorosa y espont&aacute;nea a la arbitrariedad de la Asamblea Legislativa del Distrito Federal que vot&oacute; la despenalizaci&oacute;n de aborto el 24 de abril de 2007; ese mismo d&iacute;a surgi&oacute; esta organizaci&oacute;n de la ciudadan&iacute;a.<br \/>\n&nbsp;<br \/>\nEs, ha sido y ser&aacute; una expresi&oacute;n exclusivamente ciudadana a favor de estos valores, con una agenda propia. Es una red de redes de Asociaciones y Organizaciones de la Sociedad Civil. Tuve el honor de presidir la Coordinaci&oacute;n Jalisco y despu&eacute;s la Coordinaci&oacute;n Nacional, ambos cargos a los que renunci&eacute; para realizar el proyecto pol&iacute;tico del Partido por la Vida<br \/>\n&nbsp;<br \/>\n<em>&iquest;Tienen sensibilidad los legisladores mexicanos en temas de vida y familia?<\/em><br \/>\n&nbsp;<br \/>\nIndigna constatar c&oacute;mo muchos de ellos act&uacute;an con prepotencia, soberbia e incluso ignorancia en estos temas fundamentales, aun en derechos humanos.<br \/>\n&nbsp;<br \/>\nEn la C&aacute;mara de Diputados federal, escuchamos en una ocasi&oacute;n a una diputada en un evento p&uacute;blico, decir: &ldquo;No necesitamos a la sociedad civil para legislar&rdquo;. El &uacute;nico lenguaje que parecen entender es el de la presi&oacute;n pol&iacute;tica y s&oacute;lo si &eacute;sta pueda afectar el voto. Eso s&iacute; les importa.<br \/>\n&nbsp;<br \/>\nSepan estos malos servidores p&uacute;blicos que la ciudadan&iacute;a en M&eacute;xico se ha puesto de pie y no vamos a permitir que contin&uacute;en los excesos y abusos en el ejercicio del poder p&uacute;blico.<br \/>\n&nbsp;<br \/>\n<em>Si bien el proyecto nace en Jalisco, &iquest;tiene intenci&oacute;n de expandirse a todo el pa&iacute;s?<\/em><br \/>\n&nbsp;<br \/>\nPara responder a esta pregunta, les comparto la visi&oacute;n de nuestra agrupaci&oacute;n: &ldquo;Ser el partido pol&iacute;tico nacional que, por su ejercicio honesto, transparente y eficaz, logre la renovaci&oacute;n de las estructuras de gobierno en M&eacute;xico, dignificando el quehacer pol&iacute;tico y en consecuencia, mejorando sustancialmente el nivel de vida de todos los mexicanos, haciendo realidad su profundo anhelo de bienestar, paz, libertad y justicia&rdquo;<br \/>\n&nbsp;<br \/>\nDespu&eacute;s de la consolidaci&oacute;n en Jalisco, viene la realizaci&oacute;n de este proyecto a nivel nacional, tarea ardua, que no obstante representar un largo camino, esperamos tener la capacidad de recorrerlo en el menor tiempo posible, pues las actuales condiciones en la calidad de vida de todos los mexicanos, nos urgen a ser eficaces, asertivos.<br \/>\n<em>&iquest;Se van a mezclar con la pol&iacute;tica los temas de vida y familia?&nbsp; &iquest;No hay peligro de mediatizar el movimiento y convertirlo en una especie de agrupaci&oacute;n pol&iacute;tica nacional?<\/em><br \/>\n&nbsp;<br \/>\nUna de las principales tareas, una vez que lleguemos a alcanzar este privilegio, de servir, desde el gobierno, es promover pol&iacute;ticas p&uacute;blicas que promuevan, defiendan y respeten a la familia y la vida de toda persona, desde la concepci&oacute;n y o fecundaci&oacute;n hasta la muerte natural.<br \/>\n&nbsp;<br \/>\nEs el coraz&oacute;n de nuestra propuesta pol&iacute;tica: el respeto absoluto a la dignidad de toda persona; es necesario empapar todo el servicio p&uacute;blico de esta perspectiva, la del respeto a la persona, para dejar de verla como un mero contribuyente, un n&uacute;mero de cuenta o de registro, sino adem&aacute;s como una persona que merece un trato digno en todos los espacios de servicio y de encuentro social.<br \/>\n&nbsp;<br \/>\n<em>Un partido pol&iacute;tico tiene que tocar otros temas, &iquest;no le parece?<\/em><br \/>\n&nbsp;<br \/>\nLa propuesta es mucho m&aacute;s amplia, pues ir&aacute; en el sentido de apoyar, por todos los medios, que los mexicanos logremos a partir del di&aacute;logo y la unidad, aumentar la calidad de vida, no s&oacute;lo desde el plano econ&oacute;mico, social, recuperar la tranquilidad y la paz; sino tambi&eacute;n mejorando sustancialmente las condiciones de vida en el aspecto cultural y de esparcimiento, y no menos importante la cuesti&oacute;n del medio ambiente, la ecolog&iacute;a y nuestra relaci&oacute;n con la naturaleza.<br \/>\n&nbsp;<br \/>\n<em>Hace poco sali&oacute; un estudio seg&uacute;n el que el 97% de los j&oacute;venes de este pa&iacute;s jam&aacute;s han pertenecido a una agrupaci&oacute;n pol&iacute;tica, social, cultural, religiosa&#8230;.&nbsp; &iquest;Su agrupaci&oacute;n tiene lugar para ellos?&nbsp; Si es as&iacute;, &iquest;cu&aacute;l es la &quot;oferta&quot; que les estar&iacute;an haciendo?<\/em><br \/>\n&nbsp;<br \/>\nEl joven es genuino, est&aacute; en b&uacute;squeda y es cr&iacute;tico por naturaleza. Sabe que las cosas no est&aacute;n bien y que no s&oacute;lo su futuro es incierto sino aun su presente. No comparte los modos actuales de hacer pol&iacute;tica porque advierte en ella mentira, corrupci&oacute;n y muerte. Las noticias que oye d&iacute;a con d&iacute;a lo sensibilizan de una manera especial y lo alertan para enfrentar sus propios retos de familia, superaci&oacute;n acad&eacute;mica, trabajo, cultura y esparcimiento.<br \/>\n&nbsp;<br \/>\nEn nuestra agrupaci&oacute;n, los j&oacute;venes tienen un lugar especial. En la propuesta de partido existe una Secretar&iacute;a de la Juventud que da la bienvenida a todos aquellos j&oacute;venes que conscientes de nuestra realidad sumen su creatividad, entusiasmo y liderazgo para colaborar &#8211;desde ahora&#8211; con su genio a la soluci&oacute;n de la problem&aacute;tica a la que ellos, particularmente est&aacute;n expuestos, por descuido de quienes nos gobiernan.<br \/>\n&nbsp;<br \/>\nNuestra oferta consiste en generar las condiciones necesarias para que ellos puedan acceder a procesos de formaci&oacute;n que consoliden su escala de valores para que lleguen a ser protagonistas, junto con las dem&aacute;s secretar&iacute;as, de esta gran transformaci&oacute;n en M&eacute;xico.<br \/>\n&nbsp;<br \/>\nEllos, principalmente, ser&aacute;n paradigma de una poblaci&oacute;n mexicana, que compuesta por j&oacute;venes, en su mayor&iacute;a, necesita de esta expresi&oacute;n que al mismo tiempo que es juvenil, creativa e innovadora, sea tambi&eacute;n madura en su forma, para que con ellos avancemos hacia el nuevo M&eacute;xico que queremos, un lugar donde la regla sea el respeto del otro, a partir de la verdad en el bien.<br \/>\n&nbsp;<br \/>\n&#8212;&#8211;<br \/>\nPara contactar con este proyecto pol&iacute;tico se puede acceder por redes sociales a:<br \/>\n<a target=\"_blank\" href=\"http:\/\/www.porlavidajalisco.org\/\">http:\/\/www.porlavidajalisco.org<\/a><br \/>\n<a target=\"_blank\" href=\"https:\/\/www.facebook.com\/PorlaVidaJal?ref=hl\">https:\/\/www.facebook.com\/PorlaVidaJal?ref=hl<\/a><br \/>\n<a target=\"_blank\" href=\"https:\/\/twitter.com\/PorlaVidaJal\">https:\/\/twitter.com\/PorlaVidaJal<\/a><br \/>\n<a target=\"_blank\" href=\"http:\/\/www.youtube.com\/channel\/UCPk9qm4Hk0tu0kqZ-Te8B3g?feature=watch\">http:\/\/www.youtube.com\/channel\/UCPk9qm4Hk0tu0kqZ-Te8B3g?feature=watch<\/a><br \/>\n&nbsp;<br \/>\nO escribir a:<br \/>\n<a target=\"_blank\" href=\"mailto:comunicaci%C3%B3n@porlavidajalisco.org\">comunicaci&oacute;n@porlavidajalisco.org<\/a><\/p>\n","protected":false},"excerpt":{"rendered":"<p>Por: Jaime Septi\u00e9n Daniel Gallegos Mayorga vive en Guadalajara, M&eacute;xico, y es uno de los activistas a favor de la vida y la familia m&aacute;s importantes de su Estado y del pa&iacute;s.&nbsp; Fue Coordinador Estatal Jalisco y Coordinador Nacional de &quot;Mexicanos por la Vida de Todos&quot;, red de redes ciudadana que actualmente une a m&aacute;s &hellip; <a href=\"https:\/\/www.biblia.work\/sermones\/se-abre-paso-un-nuevo-partido-politico-en-mexico\/\" class=\"more-link\">Continuar leyendo<span class=\"screen-reader-text\"> \u00abSe abre paso un nuevo partido pol\u00edtico en&nbsp;M\u00e9xico\u00bb<\/span><\/a><\/p>\n","protected":false},"author":1,"featured_media":0,"comment_status":"open","ping_status":"closed","sticky":false,"template":"","format":"standard","meta":{"footnotes":""},"categories":[1],"tags":[],"class_list":["post-33088","post","type-post","status-publish","format-standard","hentry","category-general"],"_links":{"self":[{"href":"https:\/\/www.biblia.work\/sermones\/wp-json\/wp\/v2\/posts\/33088","targetHints":{"allow":["GET"]}}],"collection":[{"href":"https:\/\/www.biblia.work\/sermones\/wp-json\/wp\/v2\/posts"}],"about":[{"href":"https:\/\/www.biblia.work\/sermones\/wp-json\/wp\/v2\/types\/post"}],"author":[{"embeddable":true,"href":"https:\/\/www.biblia.work\/sermones\/wp-json\/wp\/v2\/users\/1"}],"replies":[{"embeddable":true,"href":"https:\/\/www.biblia.work\/sermones\/wp-json\/wp\/v2\/comments?post=33088"}],"version-history":[{"count":0,"href":"https:\/\/www.biblia.work\/sermones\/wp-json\/wp\/v2\/posts\/33088\/revisions"}],"wp:attachment":[{"href":"https:\/\/www.biblia.work\/sermones\/wp-json\/wp\/v2\/media?parent=33088"}],"wp:term":[{"taxonomy":"category","embeddable":true,"href":"https:\/\/www.biblia.work\/sermones\/wp-json\/wp\/v2\/categories?post=33088"},{"taxonomy":"post_tag","embeddable":true,"href":"https:\/\/www.biblia.work\/sermones\/wp-json\/wp\/v2\/tags?post=33088"}],"curies":[{"name":"wp","href":"https:\/\/api.w.org\/{rel}","templated":true}]}}