{"id":33124,"date":"2016-06-13T12:40:46","date_gmt":"2016-06-13T17:40:46","guid":{"rendered":"http:\/\/www.biblia.work\/sermones\/documento-los-obispos-alemanes-y-la-pildora-del-dia-despues\/"},"modified":"2016-06-13T12:40:46","modified_gmt":"2016-06-13T17:40:46","slug":"documento-los-obispos-alemanes-y-la-pildora-del-dia-despues","status":"publish","type":"post","link":"https:\/\/www.biblia.work\/sermones\/documento-los-obispos-alemanes-y-la-pildora-del-dia-despues\/","title":{"rendered":"DOCUMENTO: Los obispos alemanes y la p\u00edldora del d\u00eda&nbsp;despu\u00e9s"},"content":{"rendered":"<p><b>Por: Aleteia Team<\/b><\/p>\n<p align=\"justify\">&iquest;Por qu&eacute; la Iglesia sigue insistiendo en que la p&iacute;ldora tiene efectos abortivos y por tanto no es moralmente l&iacute;cita como &quot;anticonceptivo&quot;? Un interesante estudio de los doctores Justo Aznar y Julio Tudela, del Observatorio de Bio&eacute;tica de la Universidad Cat&oacute;lica de Valencia demuestra cu&aacute;l es el mecanismo real de acci&oacute;n de la p&iacute;ldora &quot;del d&iacute;a despu&eacute;s&quot;, desmontando la teor&iacute;a de un efecto meramente de bloqueo de la concepci&oacute;n.<\/p>\n<p align=\"justify\">Un estudio conciso, con gr&aacute;ficas, f&aacute;cil de comprender, que Aleteia ofrece a sus lectores por gentileza del Observatorio de Bio&eacute;tica, para ayudar a los lectores a comprender bien todo lo relacionado con la controversia generada por la supuesta aprobaci&oacute;n de la &quot;p&iacute;ldora del d&iacute;a despu&eacute;s&quot; por parte de los obispos alemanes.&nbsp;<\/p>\n","protected":false},"excerpt":{"rendered":"<p>Por: Aleteia Team &iquest;Por qu&eacute; la Iglesia sigue insistiendo en que la p&iacute;ldora tiene efectos abortivos y por tanto no es moralmente l&iacute;cita como &quot;anticonceptivo&quot;? Un interesante estudio de los doctores Justo Aznar y Julio Tudela, del Observatorio de Bio&eacute;tica de la Universidad Cat&oacute;lica de Valencia demuestra cu&aacute;l es el mecanismo real de acci&oacute;n de &hellip; <a href=\"https:\/\/www.biblia.work\/sermones\/documento-los-obispos-alemanes-y-la-pildora-del-dia-despues\/\" class=\"more-link\">Continuar leyendo<span class=\"screen-reader-text\"> \u00abDOCUMENTO: Los obispos alemanes y la p\u00edldora del d\u00eda&nbsp;despu\u00e9s\u00bb<\/span><\/a><\/p>\n","protected":false},"author":1,"featured_media":0,"comment_status":"open","ping_status":"closed","sticky":false,"template":"","format":"standard","meta":{"footnotes":""},"categories":[1],"tags":[],"class_list":["post-33124","post","type-post","status-publish","format-standard","hentry","category-general"],"_links":{"self":[{"href":"https:\/\/www.biblia.work\/sermones\/wp-json\/wp\/v2\/posts\/33124","targetHints":{"allow":["GET"]}}],"collection":[{"href":"https:\/\/www.biblia.work\/sermones\/wp-json\/wp\/v2\/posts"}],"about":[{"href":"https:\/\/www.biblia.work\/sermones\/wp-json\/wp\/v2\/types\/post"}],"author":[{"embeddable":true,"href":"https:\/\/www.biblia.work\/sermones\/wp-json\/wp\/v2\/users\/1"}],"replies":[{"embeddable":true,"href":"https:\/\/www.biblia.work\/sermones\/wp-json\/wp\/v2\/comments?post=33124"}],"version-history":[{"count":0,"href":"https:\/\/www.biblia.work\/sermones\/wp-json\/wp\/v2\/posts\/33124\/revisions"}],"wp:attachment":[{"href":"https:\/\/www.biblia.work\/sermones\/wp-json\/wp\/v2\/media?parent=33124"}],"wp:term":[{"taxonomy":"category","embeddable":true,"href":"https:\/\/www.biblia.work\/sermones\/wp-json\/wp\/v2\/categories?post=33124"},{"taxonomy":"post_tag","embeddable":true,"href":"https:\/\/www.biblia.work\/sermones\/wp-json\/wp\/v2\/tags?post=33124"}],"curies":[{"name":"wp","href":"https:\/\/api.w.org\/{rel}","templated":true}]}}