{"id":33128,"date":"2016-06-13T17:37:28","date_gmt":"2016-06-13T22:37:28","guid":{"rendered":"http:\/\/www.biblia.work\/sermones\/el-ingrediente-imprescindible-para-mejorar\/"},"modified":"2016-06-13T17:37:28","modified_gmt":"2016-06-13T22:37:28","slug":"el-ingrediente-imprescindible-para-mejorar","status":"publish","type":"post","link":"https:\/\/www.biblia.work\/sermones\/el-ingrediente-imprescindible-para-mejorar\/","title":{"rendered":"El ingrediente imprescindible para&nbsp;mejorar"},"content":{"rendered":"<p><b>Por: Carlos Padilla Esteban<\/b><\/p>\n<p align=\"justify\">Me da miedo ser demasiado r\u00edgido en la vida. Conmigo mismo. Con los dem\u00e1s. Puedo llegar a ser demasiado exigente, demasiado duro.<\/p>\n<p align=\"justify\">Dec\u00eda el Papa Francisco hablando de la rigidez:<em> \u201cTambi\u00e9n nuestra vida puede volverse as\u00ed. Y algunas veces os confieso una cosa, cuando he visto a un cristiano, a una cristiana as\u00ed, con el coraz\u00f3n d\u00e9bil, no firme, no firme en la roca \u2013Jes\u00fas\u2013 y con tanta rigidez fuera, he pedido al Se\u00f1or: &#8211; Se\u00f1or, t\u00edrale una piel de banana delante, para que se pegue un buen resbal\u00f3n, se averg\u00fcence de ser pecador, y as\u00ed te encuentre, que T\u00fa eres el Salvador\u201d. <\/em><\/p>\n<p align=\"justify\">Me gusta encasillar a los dem\u00e1s. Encasillarme a m\u00ed mismo. Y pienso en mi coraz\u00f3n: <em>\u201cEsto no corresponde. Esto no lo har\u00eda Jes\u00fas. Esto no est\u00e1 bien de acuerdo a su vocaci\u00f3n\u201d<\/em>. Me vuelvo r\u00edgido. Conmigo mismo y con los dem\u00e1s.<\/p>\n<p align=\"justify\"><strong>Exijo siempre la meta m\u00e1s alta. Y cualquier cosa que no sea la perfecci\u00f3n me entristece. No me alegro con los peque\u00f1os progresos<\/strong> de la vida, con los peque\u00f1os logros, con los cambios m\u00ednimos que voy logrando.<\/p>\n<p align=\"justify\">Hoy soy mejor persona que ayer. Pero peor que ma\u00f1ana. Deber\u00eda bastarme. Deber\u00eda alegrarme. Pero no. <strong>Lo quiero todo ya<\/strong>, ahora, el \u00e9xito total. La felicidad completa. Y los peque\u00f1os triunfos ya no me alegran. Dejo de sentirme contento con los peque\u00f1os avances.<\/p>\n<p align=\"justify\">\u00a1Qu\u00e9 pena! <strong>Me falta esa paciencia de los sabios que saben esperar el crecimiento lento de la vida<\/strong>. Esos sabios que conf\u00edan y creen en lo que puede surgir del barro. Ven en la roca ruda una obra de arte escondida. Y sue\u00f1an. Y esperan.<\/p>\n<p align=\"justify\"><strong>Si invierto tiempo, si invierto amor, si invierto la vida en ello, suceder\u00e1 mucho m\u00e1s de lo que espero<\/strong>. Pero para ello hace falta mirar mi vida con alegr\u00eda y no caer en la desesperaci\u00f3n o la amargura cuando nada resulta como espero.<\/p>\n<p align=\"justify\">Me gustar\u00eda aprender a ver lo positivo en todo lo que hago y alegrarme siempre. Mirar c\u00f3mo me va en la vida y sorprenderme ante los cambios que no esperaba.<\/p>\n<p align=\"justify\">Dec\u00eda el padre Jos\u00e9 Kentenich: <em>\u201c<strong>Si el alma no est\u00e1 sumergida en la alegr\u00eda, ella buscar\u00e1 instintivamente algunas compensaciones. <\/strong>O reina en m\u00ed la alegr\u00eda, o de lo contrario reinar\u00e1 la atm\u00f3sfera de pantano. Sentimientos paralizantes me arrastran hacia abajo, afectos de alegr\u00eda me impulsan hacia adelante. <strong>\u00a1Alegrarse aun con la menor victoria, alegrarse cordialmente con lo que ya he logrado!\u201d<\/strong><\/em><a href=\"#_ftn1\" name=\"_ftnref1\"><strong><em><strong>[1]<\/strong><\/em><\/strong><\/a><strong>.<\/strong><\/p>\n<p align=\"justify\">\u00a1Qu\u00e9 importante es la mirada alegre para ver lo positivo en la vida sin quedarme en la amargura de lo que queda por lograr! <strong>\u00a1Qu\u00e9 importante vivir la alegr\u00eda para poder crecer!<\/strong><\/p>\n<p align=\"justify\">El otro d\u00eda una persona me comentaba c\u00f3mo, en medio de su cruz de la enfermedad de su marido, ve\u00eda la esperanza: <em>\u201c<\/em><em>Hay que ver lo positivo en la vida. Saber encontrar el lado positivo de todo lo que nos toque vivir. No te lo digo como teor\u00eda. La enfermedad est\u00e1 siendo una gran cruz. Pero, junto a la cruz, tambi\u00e9n puedo ver cosas positivas por las que le doy gracias a Dios y a Mar\u00eda. Dios me manda \u00e1ngeles humanos, no me cabe la menor duda. Me han pasado cosas preciosas y la \u00fanica explicaci\u00f3n que veo es que son \u00e1ngeles mandado por Dios. Te lo digo de coraz\u00f3n<\/em><em>\u201d<\/em><em>. <\/em><\/p>\n<p align=\"justify\">Es la mirada que quisiera tener siempre. <strong>Ver lo positivo en el dolor<\/strong>. Ver a Dios oculto en mi cruz. La luz en medio de la noche. La esperanza en medio de los fracasos.<\/p>\n<p align=\"justify\"><strong>No quiero ser un cristiano triste, amargado, un juez inflexible<\/strong>. Quiero aceptar que los cambios son lentos. Quiero querer a los que son diferentes. A los que escapan al molde. Quiero vivir sin juzgar, sin condenar. \u00a1Cu\u00e1nto me cuesta!<\/p>\n<p align=\"justify\">Quiero pensar que puedo cambiar y mejorar y crecer en mitad de mi camino. Creo de verdad que no todo consiste en caber dentro de un modelo perfecto que he dise\u00f1ado de acuerdo a un ideal. No lo s\u00e9. Quiero ser m\u00e1s flexible. No vivir condenando y juzgando la vida, a los hombres. No vivir excluyendo, exigiendo.<\/p>\n<p align=\"justify\">Quiero ser motivo de esperanza y de alegr\u00eda. <strong>Para no dejar de creer en lo que Dios puede hacer con mi vida<\/strong>.<\/p>\n<p align=\"justify\">&nbsp;<\/p>\n<p align=\"justify\"><a href=\"#_ftnref1\" name=\"_ftn1\">[1]<\/a> J. Kentenich, <em>Vivir con alegr\u00eda<\/em><\/p>\n","protected":false},"excerpt":{"rendered":"<p>Por: Carlos Padilla Esteban Me da miedo ser demasiado r\u00edgido en la vida. Conmigo mismo. Con los dem\u00e1s. Puedo llegar a ser demasiado exigente, demasiado duro. Dec\u00eda el Papa Francisco hablando de la rigidez: \u201cTambi\u00e9n nuestra vida puede volverse as\u00ed. Y algunas veces os confieso una cosa, cuando he visto a un cristiano, a una &hellip; <a href=\"https:\/\/www.biblia.work\/sermones\/el-ingrediente-imprescindible-para-mejorar\/\" class=\"more-link\">Continuar leyendo<span class=\"screen-reader-text\"> \u00abEl ingrediente imprescindible para&nbsp;mejorar\u00bb<\/span><\/a><\/p>\n","protected":false},"author":1,"featured_media":0,"comment_status":"open","ping_status":"closed","sticky":false,"template":"","format":"standard","meta":{"footnotes":""},"categories":[1],"tags":[],"class_list":["post-33128","post","type-post","status-publish","format-standard","hentry","category-general"],"_links":{"self":[{"href":"https:\/\/www.biblia.work\/sermones\/wp-json\/wp\/v2\/posts\/33128","targetHints":{"allow":["GET"]}}],"collection":[{"href":"https:\/\/www.biblia.work\/sermones\/wp-json\/wp\/v2\/posts"}],"about":[{"href":"https:\/\/www.biblia.work\/sermones\/wp-json\/wp\/v2\/types\/post"}],"author":[{"embeddable":true,"href":"https:\/\/www.biblia.work\/sermones\/wp-json\/wp\/v2\/users\/1"}],"replies":[{"embeddable":true,"href":"https:\/\/www.biblia.work\/sermones\/wp-json\/wp\/v2\/comments?post=33128"}],"version-history":[{"count":0,"href":"https:\/\/www.biblia.work\/sermones\/wp-json\/wp\/v2\/posts\/33128\/revisions"}],"wp:attachment":[{"href":"https:\/\/www.biblia.work\/sermones\/wp-json\/wp\/v2\/media?parent=33128"}],"wp:term":[{"taxonomy":"category","embeddable":true,"href":"https:\/\/www.biblia.work\/sermones\/wp-json\/wp\/v2\/categories?post=33128"},{"taxonomy":"post_tag","embeddable":true,"href":"https:\/\/www.biblia.work\/sermones\/wp-json\/wp\/v2\/tags?post=33128"}],"curies":[{"name":"wp","href":"https:\/\/api.w.org\/{rel}","templated":true}]}}