{"id":33130,"date":"2016-06-13T17:37:32","date_gmt":"2016-06-13T22:37:32","guid":{"rendered":"http:\/\/www.biblia.work\/sermones\/envejecer-con-esperanza\/"},"modified":"2016-06-13T17:37:32","modified_gmt":"2016-06-13T22:37:32","slug":"envejecer-con-esperanza","status":"publish","type":"post","link":"https:\/\/www.biblia.work\/sermones\/envejecer-con-esperanza\/","title":{"rendered":"Envejecer con esperanza"},"content":{"rendered":"<p><b>Por: Juan Jos\u00e9 Omella<\/b><\/p>\n<p align=\"justify\">Es conocida por todos la historia del violinista Paganini. Una tarde daba un concierto. La sala estaba llena de espectadores. \u00c9l tocaba el viol\u00edn con todo el entusiasmo que le caracterizaba. De pronto, se rompe una de las cuerdas del viol\u00edn. Imperturbable, contin\u00faa tocando. Se rompe una segunda cuerda, despu\u00e9s una tercera. Finalmente acaba la interpretaci\u00f3n con una sola cuerda. La sala explota en un sonoro y largo aplauso.<\/p>\n<p align=\"justify\">\u00bfNo podr\u00edamos comparar esta historia de Paganini con la vida de las personas? A todos nos toca interpretar la melod\u00eda de nuestra propia vida familiar, profesional, y para ello tenemos unos dones, unas cualidades. <strong>Sin embargo, el tiempo va pasando y tambi\u00e9n se nos rompen las cuerdas: piernas cansadas, incapaces de aguantar caminatas y estar mucho tiempo de pie;<\/strong> la memoria empieza a fallar y ya no encontramos las cosas ni recordamos los nombres de las personas m\u00e1s cercanas; la fatiga llega m\u00e1s pronto que antes y hay que descansar m\u00e1s a menudo e ir a dormir m\u00e1s pronto; incapacidad para aguantar ciertos ritmos de vida, etc. <strong>\u00bfC\u00f3mo reaccionamos ante estas\u00a0<em>roturas<\/em>\u00a0de cuerdas en el concierto de nuestra vida?<\/strong><\/p>\n<p align=\"justify\">Algunos reaccionan con tristeza y malhumor; otros se a\u00edslan porque piensan que ya no sirven para nada; otros viven con paz y sin perder el humor ante esa contrariedad de ver que fallan las cuerdas de la vida. S\u00ed, lo ideal, lo hermoso, es seguir adelante con la \u00faltima cuerda, la cuerda del \u00e1nimo, de la paciencia, de la paz y, finalmente, del silencio. Ojal\u00e1 podamos tener la tenacidad de Paganini y seguir hasta el final con paz y buen humor.<\/p>\n<p align=\"justify\">\u00bfQue cuentan menos contigo? Ya contaron contigo cuando eras m\u00e1s joven.<\/p>\n<p align=\"justify\">\u00bfQue no te piden consejo? Ya aconsejaste bastante cuando eras joven y ten\u00edas a tu cargo unos hijos que cuidar, unos alumnos a los que educar, una comunidad a la que guiar.<\/p>\n<p align=\"justify\">Entonces, \u00bfya no hay nada que hacer? \u00bfNo queda m\u00e1s que arrinconarse y pudrirse? De ninguna manera, sigue animando, sonriendo, sigue estando ah\u00ed para cuando te necesiten y, sobre todo, sigue rezando para que el mundo avance por caminos de paz, de respeto a las personas, de justicia y de solidaridad.<\/p>\n<p align=\"justify\">\u00bfNo es hermoso el ejemplo que nos ha dejado el Papa em\u00e9rito Benedicto XVI retir\u00e1ndose en el silencio, el estudio y la oraci\u00f3n? No pierde la paz, no se amarga por no estar en el primer puesto de la actualidad. Presta un inmenso servicio desde su retiro vivido en la confianza en Dios y en los dem\u00e1s y en la espera activa del d\u00eda en el que el Se\u00f1or le llamar\u00e1 a entrar en su descanso del cielo.<\/p>\n<p align=\"justify\">Ojal\u00e1 que el Se\u00f1or nos conceda saber interpretar cada d\u00eda la melod\u00eda de la vida con las cuerdas que tengamos entre manos sin perder nunca la paz, la alegr\u00eda y el amor.<\/p>\n<p align=\"justify\">\u00a1Que Dios os bendiga a todos!<\/p>\n<p align=\"justify\"><em>+ Juan Jos\u00e9 Omella Omella<\/em><\/p>\n","protected":false},"excerpt":{"rendered":"<p>Por: Juan Jos\u00e9 Omella Es conocida por todos la historia del violinista Paganini. Una tarde daba un concierto. La sala estaba llena de espectadores. \u00c9l tocaba el viol\u00edn con todo el entusiasmo que le caracterizaba. De pronto, se rompe una de las cuerdas del viol\u00edn. Imperturbable, contin\u00faa tocando. Se rompe una segunda cuerda, despu\u00e9s una &hellip; <a href=\"https:\/\/www.biblia.work\/sermones\/envejecer-con-esperanza\/\" class=\"more-link\">Continuar leyendo<span class=\"screen-reader-text\"> \u00abEnvejecer con esperanza\u00bb<\/span><\/a><\/p>\n","protected":false},"author":1,"featured_media":0,"comment_status":"open","ping_status":"closed","sticky":false,"template":"","format":"standard","meta":{"footnotes":""},"categories":[1],"tags":[],"class_list":["post-33130","post","type-post","status-publish","format-standard","hentry","category-general"],"_links":{"self":[{"href":"https:\/\/www.biblia.work\/sermones\/wp-json\/wp\/v2\/posts\/33130","targetHints":{"allow":["GET"]}}],"collection":[{"href":"https:\/\/www.biblia.work\/sermones\/wp-json\/wp\/v2\/posts"}],"about":[{"href":"https:\/\/www.biblia.work\/sermones\/wp-json\/wp\/v2\/types\/post"}],"author":[{"embeddable":true,"href":"https:\/\/www.biblia.work\/sermones\/wp-json\/wp\/v2\/users\/1"}],"replies":[{"embeddable":true,"href":"https:\/\/www.biblia.work\/sermones\/wp-json\/wp\/v2\/comments?post=33130"}],"version-history":[{"count":0,"href":"https:\/\/www.biblia.work\/sermones\/wp-json\/wp\/v2\/posts\/33130\/revisions"}],"wp:attachment":[{"href":"https:\/\/www.biblia.work\/sermones\/wp-json\/wp\/v2\/media?parent=33130"}],"wp:term":[{"taxonomy":"category","embeddable":true,"href":"https:\/\/www.biblia.work\/sermones\/wp-json\/wp\/v2\/categories?post=33130"},{"taxonomy":"post_tag","embeddable":true,"href":"https:\/\/www.biblia.work\/sermones\/wp-json\/wp\/v2\/tags?post=33130"}],"curies":[{"name":"wp","href":"https:\/\/api.w.org\/{rel}","templated":true}]}}