{"id":33131,"date":"2016-06-13T17:37:33","date_gmt":"2016-06-13T22:37:33","guid":{"rendered":"http:\/\/www.biblia.work\/sermones\/6-razones-para-desear-orar\/"},"modified":"2016-06-13T17:37:33","modified_gmt":"2016-06-13T22:37:33","slug":"6-razones-para-desear-orar","status":"publish","type":"post","link":"https:\/\/www.biblia.work\/sermones\/6-razones-para-desear-orar\/","title":{"rendered":"6 razones para desear&nbsp;orar"},"content":{"rendered":"<p><b>Por: Oleada Joven<\/b><\/p>\n<p align=\"justify\">Con el deseo se ensancha el coraz\u00f3n, cuanto m\u00e1s ancho se hace m\u00e1s capaz de recibir la gracia.<br \/>\nSan Agust\u00edn<\/p>\n<p align=\"justify\">[1] <strong>\u00a1Por favor, sean valientes!<\/strong> Les dir\u00e9 una cosa. No la olviden. \u00a1Oren, oren mucho! Estos problemas no se resuelven con esfuerzo humano. Estoy dici\u00e9ndoles cosas que quiero recalcar, un mensaje, quiz\u00e1s mi canto de cisne para la Compa\u00f1\u00eda. Tenemos tantas reuniones y encuentros pero no oramos bastante.<\/p>\n<p align=\"justify\">[2] <strong>Un nuevo nacimiento, una vida nueva, vida de hijos de Dios.<\/strong> Este es el milagro del Esp\u00edritu\u2026esto presupone una delicada atenci\u00f3n a las voces del Esp\u00edritu, una interior docilidad a sus sugerencias y por lo mismo, m\u00e1s todav\u00eda, una plena disponibilidad que s\u00f3lo una sincera libertad de todos y de todo hace posible y eficaz.<\/p>\n<p align=\"justify\">&#8220;El viento sopla donde quiere, y oye su voz, pero no sabes de d\u00f3nde viene ni a d\u00f3nde va. As\u00ed es todo el que nace del Esp\u00edritu&#8221; Me viene a la mente la comparaci\u00f3n con el planeador de arrastre cuya fuerza y capacidad de velocidad, la tiene toda y solamente del dejarse llevar d\u00f3cilmente sin ninguna resistencia, del aeroplano que lo conduce.<\/p>\n<p align=\"justify\">[3] <strong>Vivir hoy, en todo momento y en toda misi\u00f3n el ser &#8220;contemplativo en la acci\u00f3n&#8221;, supone un don<\/strong> y una pedagog\u00eda de oraci\u00f3n que nos capacite para una renovada &#8220;lectura&#8221; de la realidad -de toda la realidad- desde el Evangelio y para una constante confrontaci\u00f3n de esa realidad con el Evangelio.<\/p>\n<p align=\"justify\">[4] Les pido una nueva exigencia: la de <strong>buscar, si es necesario, otros modos, ritmos y formas de oraci\u00f3n m\u00e1s adecuados a sus circunstancias\u2026<\/strong>y que garanticen plenamente esta experiencia personal de Dios que se revel\u00f3 en Jes\u00fas.<\/p>\n<p align=\"justify\">[5] Hoy, m\u00e1s quiz\u00e1s que en un cercano pasado, se nos ha hecho claro que <strong>la fe no es algo adquirido de una vez para siempre, sino que puede debilitarse y hasta perderse, y necesita ser renovada, alimentada y fortalecida constantemente.<\/strong> De ah\u00ed que vivir nuestra fe y nuestra esperanza a la intemperie &#8220;expuestos a la prueba de la increencia y de la injusticia&#8221;, requiera de nosotros m\u00e1s que nunca la oraci\u00f3n que pide esa fe, que tiene que sernos dada en cada momento. La oraci\u00f3n nos da a nosotros nuestra propia medida, destierra seguridades puramente humanas y dogmatismos polarizantes y nos prepara as\u00ed, en humildad y sencillez, a que nos sea comunicada la revelaci\u00f3n que se hace \u00fanicamente a los peque\u00f1os.<\/p>\n<p align=\"justify\">[6] As\u00ed, cuando los invito a profundizar en su vida de fe en Dios, y a alimentar esa vida por medio de la oraci\u00f3n y de un compromiso activo, lo hago porque <strong>s\u00e9 que no hay otro modo de producir las obras capaces de transformar nuestra maltrecha humanidad.<\/strong> El Se\u00f1or habla de &#8220;sal de la tierra&#8221; y &#8220;luz del mundo&#8221; para describir a sus disc\u00edpulos. Se saborea y se estima la sal, se disfruta de la luz y se la estima. Pero no la sal ins\u00edpida ni la luz mortecina.<\/p>\n<p align=\"justify\">Notas del P. Pedro Arrupe SJ<\/p>\n<p align=\"justify\"><em>Art\u00edculo originalmente publicado por <a target=\"_blank\" href=\"http:\/\/www.oleadajoven.org.ar\/index.php\/Articulos\/12776\/desear-orar\">Oleada Joven<\/a><\/em><\/p>\n","protected":false},"excerpt":{"rendered":"<p>Por: Oleada Joven Con el deseo se ensancha el coraz\u00f3n, cuanto m\u00e1s ancho se hace m\u00e1s capaz de recibir la gracia. San Agust\u00edn [1] \u00a1Por favor, sean valientes! Les dir\u00e9 una cosa. No la olviden. \u00a1Oren, oren mucho! Estos problemas no se resuelven con esfuerzo humano. Estoy dici\u00e9ndoles cosas que quiero recalcar, un mensaje, quiz\u00e1s &hellip; <a href=\"https:\/\/www.biblia.work\/sermones\/6-razones-para-desear-orar\/\" class=\"more-link\">Continuar leyendo<span class=\"screen-reader-text\"> \u00ab6 razones para desear&nbsp;orar\u00bb<\/span><\/a><\/p>\n","protected":false},"author":1,"featured_media":0,"comment_status":"open","ping_status":"closed","sticky":false,"template":"","format":"standard","meta":{"footnotes":""},"categories":[1],"tags":[],"class_list":["post-33131","post","type-post","status-publish","format-standard","hentry","category-general"],"_links":{"self":[{"href":"https:\/\/www.biblia.work\/sermones\/wp-json\/wp\/v2\/posts\/33131","targetHints":{"allow":["GET"]}}],"collection":[{"href":"https:\/\/www.biblia.work\/sermones\/wp-json\/wp\/v2\/posts"}],"about":[{"href":"https:\/\/www.biblia.work\/sermones\/wp-json\/wp\/v2\/types\/post"}],"author":[{"embeddable":true,"href":"https:\/\/www.biblia.work\/sermones\/wp-json\/wp\/v2\/users\/1"}],"replies":[{"embeddable":true,"href":"https:\/\/www.biblia.work\/sermones\/wp-json\/wp\/v2\/comments?post=33131"}],"version-history":[{"count":0,"href":"https:\/\/www.biblia.work\/sermones\/wp-json\/wp\/v2\/posts\/33131\/revisions"}],"wp:attachment":[{"href":"https:\/\/www.biblia.work\/sermones\/wp-json\/wp\/v2\/media?parent=33131"}],"wp:term":[{"taxonomy":"category","embeddable":true,"href":"https:\/\/www.biblia.work\/sermones\/wp-json\/wp\/v2\/categories?post=33131"},{"taxonomy":"post_tag","embeddable":true,"href":"https:\/\/www.biblia.work\/sermones\/wp-json\/wp\/v2\/tags?post=33131"}],"curies":[{"name":"wp","href":"https:\/\/api.w.org\/{rel}","templated":true}]}}