{"id":33136,"date":"2016-06-13T17:37:42","date_gmt":"2016-06-13T22:37:42","guid":{"rendered":"http:\/\/www.biblia.work\/sermones\/papa-francisco-decir-o-esto-o-nada-no-es-cristiano-sino-hereje\/"},"modified":"2016-06-13T17:37:42","modified_gmt":"2016-06-13T22:37:42","slug":"papa-francisco-decir-o-esto-o-nada-no-es-cristiano-sino-hereje","status":"publish","type":"post","link":"https:\/\/www.biblia.work\/sermones\/papa-francisco-decir-o-esto-o-nada-no-es-cristiano-sino-hereje\/","title":{"rendered":"Papa Francisco: Decir &#8220;o esto o nada&#8221; no es cristiano sino&nbsp;hereje"},"content":{"rendered":"<p><b>Por: Radio Vaticano<\/b><\/p>\n<p align=\"justify\">Querer\u00a0\u201cesto o nada\u201d no es cat\u00f3lico, es\u00a0\u201cher\u00e9tico\u201d. Es la advertencia de\u00a0Francisco en la misa matutina de este jueves en la Casa Santa Marta del Vaticano, centrada en el\u00a0\u201csano realismo\u201d que el Se\u00f1or ense\u00f1\u00f3 a sus disc\u00edpulos.<\/p>\n<p align=\"justify\">El Papa puso el acento en el mal que acarrean al Pueblo de Dios los hombres de Iglesia que hacen lo contrario de lo que dicen. Por tanto, exhort\u00f3 a liberarse de un idealismo r\u00edgido que\u00a0no permite la reconciliaci\u00f3n.<\/p>\n<p align=\"justify\">\u201cVuestra justicia debe superar a la de los escribas y fariseos\u201d: el papa Francisco tom\u00f3 esta exhortaci\u00f3n de Jes\u00fas, en el Evangelio del d\u00eda, para detenerse en la importancia del realismo cristiano.<\/p>\n<p align=\"justify\">El pueblo, afirm\u00f3 el Pont\u00edfice, estaba &#8220;un poco perdido\u201d porque\u00a0\u00a0\u201clos que ense\u00f1aban la ley no eran coherentes\u201d en su\u00a0\u201ctestimonio de vida\u201d. Jes\u00fas pide superar esto, \u201cir hacia arriba\u201d.<\/p>\n<p align=\"justify\">Tom\u00f3 por tanto como ejemplo el primer mandamiento: \u201cAmar a Dios y\u00a0amar al pr\u00f3jimo\u201d. Y\u00a0subray\u00f3 que quien se irrita con su hermano deber\u00e1 ser sometido al juicio.<\/p>\n<p align=\"justify\"><strong>Insultar al hermano es como dar una bofetada a su alma<\/strong><\/p>\n<p align=\"justify\">\u201cEsto \u2013dijo el Papa\u2013 hace bien escucharlo, en este tiempo donde estamos tan acostumbrados a los calificativos y tenemos un vocabulario tan creativo para insultar a los dem\u00e1s\u201d.<\/p>\n<p align=\"justify\">Esto, afirm\u00f3, \u201ces pecado\u201d, es\u00a0\u201c<em>matar<\/em>, porque es como dar una bofetada al alma del hermano&#8221;, a su &#8220;dignidad\u201d.\u00a0Y con amarga iron\u00eda, a\u00f1adi\u00f3 que a menudo decimos muchas palabrotas \u201ccon mucha caridad, pero las decimos a los dem\u00e1s\u201d.<\/p>\n<p align=\"justify\">Tambi\u00e9n\u00a0el Papa, refiri\u00e9ndose a la presencia de los ni\u00f1os en la misa, exhort\u00f3 a los adultos a estar \u201ctranquilos\u201d, \u201cporque la\u00a0predicaci\u00f3n de un ni\u00f1o en la iglesia es m\u00e1s bonita que la del cura, que la del obispo y que la del\u00a0Papa\u201d. D\u00e9jenlo hacer, invit\u00f3, \u201cque\u00a0es la voz de la inocencia que nos hace bien a todos\u201d.<\/p>\n<p align=\"justify\"><strong>Esc\u00e1ndalo\u00a0<\/strong><\/p>\n<p align=\"justify\">Jes\u00fas, afirm\u00f3 el Papa, a \u201ceste pueblo desorientado\u201d le pide que mire \u201chacia arriba<em>\u201d<\/em>\u00a0y siga\u00a0\u201cadelante\u201d. Pero no deja de advertir cu\u00e1nto mal hace al pueblo el antitestimonio de los cristianos.<\/p>\n<p align=\"justify\">\u201cCu\u00e1ntas veces en la Iglesia o\u00edmos decir estas cosas, cu\u00e1ntas veces: \u2018Ese cura, ese hombre o mujer de Acci\u00f3n\u00a0Cat\u00f3lica, ese\u00a0obispo, ese\u00a0Papa nos dicen: \u2018\u00a1Ten\u00e9is que hacer as\u00ed!\u2019, y hacen lo contrario. Ese es el\u00a0esc\u00e1ndalo que hiere al pueblo y no deja que el pueblo de Dios crezca, siga adelante. No libera&#8221;.<\/p>\n<p align=\"justify\">&#8220;Adem\u00e1s, este pueblo hab\u00eda visto la rigidez de estos escribas y fariseos,\u00a0y\u00a0tambi\u00e9n cuando ven\u00eda un profeta que les daba un poco de alegr\u00eda, le persegu\u00edan e incluso le mataban: no hab\u00eda sitio para los profetas, all\u00ed. Y Jes\u00fas les dice, a los fariseos: \u2018Hab\u00e9is matado a los profetas, hab\u00e9is perseguido a los profetas: los que tra\u00edan aire nuevo\u2019\u201d.<\/p>\n<p align=\"justify\"><strong>No a idealismos\u00a0y rigideces<\/strong><\/p>\n<p align=\"justify\">\u201cLa generosidad, la santidad\u201d, que nos pide Jes\u00fas, \u201ces salir pero siempre, siempre <em>hacia arriba<\/em>. Salir\u00a0<em>hacia arriba\u201d<\/em>. Esta, dijo\u00a0Francisco, es\u00a0la \u201cliberaci\u00f3n\u201d de\u00a0la \u201crigidez de la ley\u00a0y tambi\u00e9n de los idealismos que no nos hacen bien\u201d.<\/p>\n<p align=\"justify\">Jes\u00fas, a\u00f1adi\u00f3, \u201cnos conoce bien\u201d, \u201cconoce nuestra\u00a0naturaleza\u201d. Nos\u00a0exhorta por tanto a ponernos de acuerdo cuando tenemos un enfrentamiento con el otro.<\/p>\n<p align=\"justify\">\u201cJes\u00fas \u2013dijo el Papa\u2013 nos\u00a0ense\u00f1a tambi\u00e9n\u00a0un sano realismo\u201d. \u201cMuchas veces \u2013 a\u00f1adi\u00f3\u00a0\u2013 no se puede llegar a la perfecci\u00f3n, pero al menos haced lo que pod\u00e1is, poneos de acuerdo\u201d.<\/p>\n<p align=\"justify\">\u201cEste sano realismo de la Iglesia\u00a0cat\u00f3lica: la Iglesia\u00a0cat\u00f3lica nunca\u00a0ense\u00f1a \u2018o esto, o esto\u2019. Eso no es cat\u00f3lico. La Iglesia\u00a0dice: \u2018Esto\u00a0<em>y<\/em>\u00a0esto\u2019. \u2018S\u00e9 perfecto: reconc\u00edliate con tu hermano. No le insultes. \u00c1malo. Y si hay alg\u00fan\u00a0problema,\u00a0<em>al menos<\/em>\u00a0ponte de acuerdo, para que no estalle la guerra\u2019: este\u00a0sano realismo del catolicismo&#8221;.<\/p>\n<p align=\"justify\">&#8220;No es cat\u00f3lico \u2018o esto, o nada\u2019: esto\u00a0no es cat\u00f3lico -afirm\u00f3 Francisco-. Eso\u00a0es\u00a0her\u00e9tico. Jes\u00fas\u00a0siempre sabe caminar con nosotros, nos da el ideal, nos acompa\u00f1a hacia el ideal, nos libra de este encauzamiento de la rigidez de la ley, y nos\u00a0dice: \u2018Haced hasta donde pod\u00e1is\u2019. Y\u00a0nos comprende bien. Este es nuestro Se\u00f1or, esto es lo que nos ense\u00f1a\u201d.<\/p>\n<p align=\"justify\"><strong>Reconciliarse, es\u00a0la \u201csantidad\u00a0peque\u00f1ita\u201d de la negociaci\u00f3n<\/strong><\/p>\n<p align=\"justify\">El Se\u00f1or, dijo tambi\u00e9n, nos pide no ser hip\u00f3critas: que no vayamos a alabar a Dios con la misma lengua con la que insultamos al hermano. \u201cHaced\u00a0lo que\u00a0pod\u00e1is\u201d,\u00a0a\u00f1adi\u00f3, \u201ces la\u00a0exhortaci\u00f3n de\u00a0Jes\u00fas\u201d, \u201c<em>al menos<\/em>\u00a0evitad la guerra entre vosotros, poneos de acuerdo\u201d.<\/p>\n<p align=\"justify\">\u201cY me permito deciros esta palabra que parece un poco rara: es\u00a0la santidad peque\u00f1ita de la negociaci\u00f3n. \u2018No puedo todo, pero quiero hacer todo, pero me pongo de acuerdo contigo, al menos no nos insultamos, no hacemos guerra y vivimos todos en paz\u2019&#8221;.<\/p>\n<p align=\"justify\">&#8220;\u00a1Jes\u00fas\u00a0es\u00a0grande! Nos libra de todas nuestras miserias. Tambi\u00e9n de ese idealismo que no es cat\u00f3lico. Pidamos al Se\u00f1or que nos ense\u00f1e, antes, a salir de toda rigidez, pero salir\u00a0<em>hacia arriba,\u00a0<\/em>para poder\u00a0adorar y alabar a Dios; que nos ense\u00f1e a reconciliarnos entre nosotros; y tambi\u00e9n, que nos ense\u00f1e a ponernos de acuerdo en lo posible\u201d.<\/p>\n","protected":false},"excerpt":{"rendered":"<p>Por: Radio Vaticano Querer\u00a0\u201cesto o nada\u201d no es cat\u00f3lico, es\u00a0\u201cher\u00e9tico\u201d. Es la advertencia de\u00a0Francisco en la misa matutina de este jueves en la Casa Santa Marta del Vaticano, centrada en el\u00a0\u201csano realismo\u201d que el Se\u00f1or ense\u00f1\u00f3 a sus disc\u00edpulos. El Papa puso el acento en el mal que acarrean al Pueblo de Dios los hombres &hellip; <a href=\"https:\/\/www.biblia.work\/sermones\/papa-francisco-decir-o-esto-o-nada-no-es-cristiano-sino-hereje\/\" class=\"more-link\">Continuar leyendo<span class=\"screen-reader-text\"> \u00abPapa Francisco: Decir &#8220;o esto o nada&#8221; no es cristiano sino&nbsp;hereje\u00bb<\/span><\/a><\/p>\n","protected":false},"author":1,"featured_media":0,"comment_status":"open","ping_status":"closed","sticky":false,"template":"","format":"standard","meta":{"footnotes":""},"categories":[1],"tags":[],"class_list":["post-33136","post","type-post","status-publish","format-standard","hentry","category-general"],"_links":{"self":[{"href":"https:\/\/www.biblia.work\/sermones\/wp-json\/wp\/v2\/posts\/33136","targetHints":{"allow":["GET"]}}],"collection":[{"href":"https:\/\/www.biblia.work\/sermones\/wp-json\/wp\/v2\/posts"}],"about":[{"href":"https:\/\/www.biblia.work\/sermones\/wp-json\/wp\/v2\/types\/post"}],"author":[{"embeddable":true,"href":"https:\/\/www.biblia.work\/sermones\/wp-json\/wp\/v2\/users\/1"}],"replies":[{"embeddable":true,"href":"https:\/\/www.biblia.work\/sermones\/wp-json\/wp\/v2\/comments?post=33136"}],"version-history":[{"count":0,"href":"https:\/\/www.biblia.work\/sermones\/wp-json\/wp\/v2\/posts\/33136\/revisions"}],"wp:attachment":[{"href":"https:\/\/www.biblia.work\/sermones\/wp-json\/wp\/v2\/media?parent=33136"}],"wp:term":[{"taxonomy":"category","embeddable":true,"href":"https:\/\/www.biblia.work\/sermones\/wp-json\/wp\/v2\/categories?post=33136"},{"taxonomy":"post_tag","embeddable":true,"href":"https:\/\/www.biblia.work\/sermones\/wp-json\/wp\/v2\/tags?post=33136"}],"curies":[{"name":"wp","href":"https:\/\/api.w.org\/{rel}","templated":true}]}}